{"id":54861,"date":"2020-03-13T12:27:35","date_gmt":"2020-03-13T12:27:35","guid":{"rendered":"http:\/\/diariodominicano.ddns.net\/?p=54861"},"modified":"2020-03-13T12:27:35","modified_gmt":"2020-03-13T12:27:35","slug":"xxxi-feria-del-libro-catolico-2020","status":"publish","type":"post","link":"https:\/\/diariodominicano.com\/?p=54861","title":{"rendered":"XXXI Feria del Libro Cat\u00f3lico 2020"},"content":{"rendered":"<p><body><\/p>\n<p><img decoding=\"async\" src=\"img3\/flc.jpg\" \/>  <\/p>\n<p>XXXI Feria del Libro Cat\u00f3lico 2020<\/p>\n<p>Donde: Auditorio Mons. Fernando Escapa. Casa San Pablo<\/p>\n<p>D\u00edas. Del 17 al 22 de marzo, 2020.<\/p>\n<p>Lugar: Av. R\u00f3mulo Betancourt. Santo Domingo.10114.<\/p>\n<p>tel\u00e9fono: 809-530-4346<\/p>\n<h6> 2020-03-13 12:27:35 <\/h6>\n<p><!--\n<link rel=\"stylesheet\" href=\"css\/bootstrap.min.css\">\n\n\n<ul class=\"pagination\">\n\t    \n\t\n\n<li >\n\t<a href='?page_no=695'>Previous<\/a>\n\t<\/li>\n\n\n       \n    \n\n<li><a href='?page_no=1'>1<\/a><\/li>\n\n\n\n<li><a href='?page_no=2'>2<\/a><\/li>\n\n\n\n<li><a>...<\/a><\/li>\n\n\n\n<li><a href='?page_no=694'>694<\/a><\/li>\n\n\n\n<li><a href='?page_no=695'>695<\/a><\/li>\n\n\n\n<li class='active'><a>696<\/a><\/li>\n\n\n\n<li><a href='?page_no=697'>697<\/a><\/li>\n\n\n\n<li><a href='?page_no=698'>698<\/a><\/li>\n\n\n\n<li><a>...<\/a><\/li>\n\n\n\n<li><a href='?page_no=22911'>22911<\/a><\/li>\n\n\n\n<li><a href='?page_no=22912'>22912<\/a><\/li>\n\n    \n\t\n\n<li >\n\t<a href='?page_no=697'>Next<\/a>\n\t<\/li>\n\n\n    \n\n<li><a href='?page_no=22912'>Last &rsaquo;&rsaquo;<\/a><\/li>\n\n<\/ul>\n\n\n--><br \/>\n<\/body><\/p>\n","protected":false},"excerpt":{"rendered":"<p>XXXI Feria del Libro Cat\u00f3lico 2020 Donde: Auditorio Mons. Fernando Escapa. Casa San Pablo D\u00edas. Del 17 al 22 de marzo, 2020. Lugar: Av. R\u00f3mulo Betancourt. Santo Domingo.10114. tel\u00e9fono: 809-530-4346 2020-03-13 12:27:35<\/p>\n","protected":false},"author":3,"featured_media":0,"comment_status":"open","ping_status":"open","sticky":false,"template":"","format":"standard","meta":{"footnotes":""},"categories":[21],"tags":[],"class_list":["post-54861","post","type-post","status-publish","format-standard","hentry","category-cultura"],"_links":{"self":[{"href":"https:\/\/diariodominicano.com\/index.php?rest_route=\/wp\/v2\/posts\/54861","targetHints":{"allow":["GET"]}}],"collection":[{"href":"https:\/\/diariodominicano.com\/index.php?rest_route=\/wp\/v2\/posts"}],"about":[{"href":"https:\/\/diariodominicano.com\/index.php?rest_route=\/wp\/v2\/types\/post"}],"author":[{"embeddable":true,"href":"https:\/\/diariodominicano.com\/index.php?rest_route=\/wp\/v2\/users\/3"}],"replies":[{"embeddable":true,"href":"https:\/\/diariodominicano.com\/index.php?rest_route=%2Fwp%2Fv2%2Fcomments&post=54861"}],"version-history":[{"count":0,"href":"https:\/\/diariodominicano.com\/index.php?rest_route=\/wp\/v2\/posts\/54861\/revisions"}],"wp:attachment":[{"href":"https:\/\/diariodominicano.com\/index.php?rest_route=%2Fwp%2Fv2%2Fmedia&parent=54861"}],"wp:term":[{"taxonomy":"category","embeddable":true,"href":"https:\/\/diariodominicano.com\/index.php?rest_route=%2Fwp%2Fv2%2Fcategories&post=54861"},{"taxonomy":"post_tag","embeddable":true,"href":"https:\/\/diariodominicano.com\/index.php?rest_route=%2Fwp%2Fv2%2Ftags&post=54861"}],"curies":[{"name":"wp","href":"https:\/\/api.w.org\/{rel}","templated":true}]}}