{"id":548516,"date":"2024-07-30T00:34:29","date_gmt":"2024-07-30T04:34:29","guid":{"rendered":"https:\/\/diariodominicano.com\/?p=548516"},"modified":"2024-07-30T00:41:51","modified_gmt":"2024-07-30T04:41:51","slug":"reconocimiento-postumo-al-maestro-francisco-frias-por-su-aporte-a-la-musica-y-a-la-cultura-popular","status":"publish","type":"post","link":"https:\/\/diariodominicano.com\/?p=548516","title":{"rendered":"Reconocimiento P\u00f3stumo Al \u201cMaestro Francisco Frias\u201d Por Su Aporte A La M\u00fasica Y A La Cultura Popular"},"content":{"rendered":"\n<p>Roberto Fr\u00edas develiza la placa que designa el Sal\u00f3n Maestro Francisco Fr\u00edas.<\/p>\n\n\n\n<figure class=\"wp-block-image size-large\"><img loading=\"lazy\" decoding=\"async\" width=\"768\" height=\"1024\" src=\"https:\/\/diariodominicano.com\/wp-content\/uploads\/2024\/07\/PLACA-QUE-DESIGNA-EL-SALON-DE-ACTO-MAESTRO-FRANCISCO-FRIAS-1-768x1024.jpeg\" alt=\"\" class=\"wp-image-548522\" srcset=\"https:\/\/diariodominicano.com\/wp-content\/uploads\/2024\/07\/PLACA-QUE-DESIGNA-EL-SALON-DE-ACTO-MAESTRO-FRANCISCO-FRIAS-1-768x1024.jpeg 768w, https:\/\/diariodominicano.com\/wp-content\/uploads\/2024\/07\/PLACA-QUE-DESIGNA-EL-SALON-DE-ACTO-MAESTRO-FRANCISCO-FRIAS-1-225x300.jpeg 225w, https:\/\/diariodominicano.com\/wp-content\/uploads\/2024\/07\/PLACA-QUE-DESIGNA-EL-SALON-DE-ACTO-MAESTRO-FRANCISCO-FRIAS-1-1152x1536.jpeg 1152w, https:\/\/diariodominicano.com\/wp-content\/uploads\/2024\/07\/PLACA-QUE-DESIGNA-EL-SALON-DE-ACTO-MAESTRO-FRANCISCO-FRIAS-1-816x1088.jpeg 816w, https:\/\/diariodominicano.com\/wp-content\/uploads\/2024\/07\/PLACA-QUE-DESIGNA-EL-SALON-DE-ACTO-MAESTRO-FRANCISCO-FRIAS-1.jpeg 1200w\" sizes=\"auto, (max-width: 768px) 100vw, 768px\" \/><\/figure>\n\n\n\n<p>Placa que designa el sal\u00f3n de actos Maestro Francisco Fr\u00edas.<\/p>\n\n\n\n<p>Por:\u00a0<strong>Carmen Saro Martinez<\/strong><\/p>\n\n\n\n<p><strong>Santo Domingo Este, RD.-<\/strong>&nbsp;La Casa de Cultura de Villa Faro design\u00f3 mediante Resoluci\u00f3n 17-24 su sal\u00f3n multiuso, como Sal\u00f3n de Acto \u201cMaestro Francisco Frias\u201d en reconocimiento p\u00f3stumo a la gran trayectoria del Maestro Francisco Frias y su gran aporte a la formaci\u00f3n de cientos de percusionistas que exponen sus talentos en la mayor\u00eda de orquestas y agrupaciones art\u00edsticas, dentro y fuera del pa\u00eds.<\/p>\n\n\n\n<figure class=\"wp-block-image size-large\"><img loading=\"lazy\" decoding=\"async\" width=\"1024\" height=\"768\" src=\"https:\/\/diariodominicano.com\/wp-content\/uploads\/2024\/07\/JUAN-CARLOS-SARO-Y-MANUEL-SANTANA-ENTREGAN-EL-CERTIFICADO-DE-RECONOCIMIENTO-1024x768.jpeg\" alt=\"\" class=\"wp-image-548518\" srcset=\"https:\/\/diariodominicano.com\/wp-content\/uploads\/2024\/07\/JUAN-CARLOS-SARO-Y-MANUEL-SANTANA-ENTREGAN-EL-CERTIFICADO-DE-RECONOCIMIENTO-1024x768.jpeg 1024w, https:\/\/diariodominicano.com\/wp-content\/uploads\/2024\/07\/JUAN-CARLOS-SARO-Y-MANUEL-SANTANA-ENTREGAN-EL-CERTIFICADO-DE-RECONOCIMIENTO-300x225.jpeg 300w, https:\/\/diariodominicano.com\/wp-content\/uploads\/2024\/07\/JUAN-CARLOS-SARO-Y-MANUEL-SANTANA-ENTREGAN-EL-CERTIFICADO-DE-RECONOCIMIENTO-768x576.jpeg 768w, https:\/\/diariodominicano.com\/wp-content\/uploads\/2024\/07\/JUAN-CARLOS-SARO-Y-MANUEL-SANTANA-ENTREGAN-EL-CERTIFICADO-DE-RECONOCIMIENTO-1536x1152.jpeg 1536w, https:\/\/diariodominicano.com\/wp-content\/uploads\/2024\/07\/JUAN-CARLOS-SARO-Y-MANUEL-SANTANA-ENTREGAN-EL-CERTIFICADO-DE-RECONOCIMIENTO-816x612.jpeg 816w, https:\/\/diariodominicano.com\/wp-content\/uploads\/2024\/07\/JUAN-CARLOS-SARO-Y-MANUEL-SANTANA-ENTREGAN-EL-CERTIFICADO-DE-RECONOCIMIENTO.jpeg 1600w\" sizes=\"auto, (max-width: 1024px) 100vw, 1024px\" \/><\/figure>\n\n\n\n<p>JUAN CARLOS SARO Y MANUEL SANTANA ENTREGAN EL CERTIFICADO DE RECONOCIMIENTO<\/p>\n\n\n\n<p>En un acto conmemorativo del 3er. Aniversario de la Casa de Cultura y de sus Escuelas: de M\u00fasica, Canto, Dibujo, Pintura, Baile y Cine, el Lic. Manuel Santana Director General del Organismo, expuso la trayectoria art\u00edstica del Maestro Francisco Frias, como percusionista y cantante de la Orquesta del Maestro Felix del Rosario y sus Magos del Ritmo, sobre todo su gran labor formativa desde su hogar ubicado en la calle 5ta. Avenida de la Urbanizaci\u00f3n Mi Hogar.<\/p>\n\n\n\n<figure class=\"wp-block-image size-large\"><img loading=\"lazy\" decoding=\"async\" width=\"1024\" height=\"768\" src=\"https:\/\/diariodominicano.com\/wp-content\/uploads\/2024\/07\/ROBERTO-FRIAS-AGRADECE-EN-NOMBRE-DE-SU-FAMILIA-1024x768.jpeg\" alt=\"\" class=\"wp-image-548519\" srcset=\"https:\/\/diariodominicano.com\/wp-content\/uploads\/2024\/07\/ROBERTO-FRIAS-AGRADECE-EN-NOMBRE-DE-SU-FAMILIA-1024x768.jpeg 1024w, https:\/\/diariodominicano.com\/wp-content\/uploads\/2024\/07\/ROBERTO-FRIAS-AGRADECE-EN-NOMBRE-DE-SU-FAMILIA-300x225.jpeg 300w, https:\/\/diariodominicano.com\/wp-content\/uploads\/2024\/07\/ROBERTO-FRIAS-AGRADECE-EN-NOMBRE-DE-SU-FAMILIA-768x576.jpeg 768w, https:\/\/diariodominicano.com\/wp-content\/uploads\/2024\/07\/ROBERTO-FRIAS-AGRADECE-EN-NOMBRE-DE-SU-FAMILIA-1536x1152.jpeg 1536w, https:\/\/diariodominicano.com\/wp-content\/uploads\/2024\/07\/ROBERTO-FRIAS-AGRADECE-EN-NOMBRE-DE-SU-FAMILIA-816x612.jpeg 816w, https:\/\/diariodominicano.com\/wp-content\/uploads\/2024\/07\/ROBERTO-FRIAS-AGRADECE-EN-NOMBRE-DE-SU-FAMILIA.jpeg 1600w\" sizes=\"auto, (max-width: 1024px) 100vw, 1024px\" \/><\/figure>\n\n\n\n<p>Roberto Fr\u00edas agradeci\u00f3 el reconocimiento en nombre de su familia.<\/p>\n\n\n\n<p>Roberto Frias, hijo mayor del Maestro Francisco Frias, recibi\u00f3 el certificado de reconocimiento y la Resoluci\u00f3n 17-24 del Consejo De Cultura, a la vez de que acompa\u00f1ados de una parte sus hermanos develizo la Placa que designa el sal\u00f3n de la Casa de Cultura de Villa Faro, con\u00a0 el nombre de su progenitor. \u201cLa labor que realiza esta Escuela de M\u00fasica, deber\u00eda ser replicada en los dem\u00e1s barrios y sectores del municipio, para que sean alcanzado una mayor cantidad de ni\u00f1os y j\u00f3venes\u201d<\/p>\n\n\n\n<p>Como hijo agradecido de Dios, expuso las virtudes de su padre, agradeci\u00f3 el gesto de la Casa De Cultura y del Club Villa Faro, expres\u00f3 que las labores formativas no son muy reconocidas en nuestro pa\u00eds y que para \u00e9l y para la familia esto ha sido una gran sorpresa que muchos m\u00fasicos agradecer\u00e1n dentro y fuera del pa\u00eds, ya que el producto de su padre est\u00e1 diseminado en la mayor\u00eda de agrupaciones art\u00edsticas del pa\u00eds. \u201cPonderamos en nombre de la familia Fr\u00edas, este reconocimiento y esperamos que nuestros hijos y nietos sigan su ejemplo y altruismo.<\/p>\n\n\n\n<figure class=\"wp-block-image size-large\"><img loading=\"lazy\" decoding=\"async\" width=\"1024\" height=\"768\" src=\"https:\/\/diariodominicano.com\/wp-content\/uploads\/2024\/07\/ISRAEL-DOMINGO-FRIAS-AGRADECE-A-LOS-PROFESORES-POR-SU-ESFUERZO-1024x768.jpeg\" alt=\"\" class=\"wp-image-548520\" srcset=\"https:\/\/diariodominicano.com\/wp-content\/uploads\/2024\/07\/ISRAEL-DOMINGO-FRIAS-AGRADECE-A-LOS-PROFESORES-POR-SU-ESFUERZO-1024x768.jpeg 1024w, https:\/\/diariodominicano.com\/wp-content\/uploads\/2024\/07\/ISRAEL-DOMINGO-FRIAS-AGRADECE-A-LOS-PROFESORES-POR-SU-ESFUERZO-300x225.jpeg 300w, https:\/\/diariodominicano.com\/wp-content\/uploads\/2024\/07\/ISRAEL-DOMINGO-FRIAS-AGRADECE-A-LOS-PROFESORES-POR-SU-ESFUERZO-768x576.jpeg 768w, https:\/\/diariodominicano.com\/wp-content\/uploads\/2024\/07\/ISRAEL-DOMINGO-FRIAS-AGRADECE-A-LOS-PROFESORES-POR-SU-ESFUERZO-1536x1152.jpeg 1536w, https:\/\/diariodominicano.com\/wp-content\/uploads\/2024\/07\/ISRAEL-DOMINGO-FRIAS-AGRADECE-A-LOS-PROFESORES-POR-SU-ESFUERZO-816x612.jpeg 816w, https:\/\/diariodominicano.com\/wp-content\/uploads\/2024\/07\/ISRAEL-DOMINGO-FRIAS-AGRADECE-A-LOS-PROFESORES-POR-SU-ESFUERZO.jpeg 1600w\" sizes=\"auto, (max-width: 1024px) 100vw, 1024px\" \/><\/figure>\n\n\n\n<p>El Pastor Israel Domingo Frias Director de la Escuela de M\u00fasica de la Casa de Cultura, dio inicio al acto art\u00edstico con un Opening a cargo del destacado percusionista Fray Luis Fr\u00edas, quien realiz\u00f3 un solo de tambora y amenizo con el merengue Ca\u00f1a Brava, sigui\u00e9ndole en ejecuci\u00f3n la solista cristiana Margarita Dilone con dos canciones bell\u00edsimas, acompa\u00f1ada en el coro por las integrantes de la Escuela de Canto de la Casa De Cultura.<\/p>\n\n\n\n<figure class=\"wp-block-image size-large\"><img loading=\"lazy\" decoding=\"async\" width=\"1024\" height=\"768\" src=\"https:\/\/diariodominicano.com\/wp-content\/uploads\/2024\/07\/CARMEN-SARO-PRESENTA-AL-NINO-YUNIOR-BAEZ-1024x768.jpeg\" alt=\"\" class=\"wp-image-548524\" srcset=\"https:\/\/diariodominicano.com\/wp-content\/uploads\/2024\/07\/CARMEN-SARO-PRESENTA-AL-NINO-YUNIOR-BAEZ-1024x768.jpeg 1024w, https:\/\/diariodominicano.com\/wp-content\/uploads\/2024\/07\/CARMEN-SARO-PRESENTA-AL-NINO-YUNIOR-BAEZ-300x225.jpeg 300w, https:\/\/diariodominicano.com\/wp-content\/uploads\/2024\/07\/CARMEN-SARO-PRESENTA-AL-NINO-YUNIOR-BAEZ-768x576.jpeg 768w, https:\/\/diariodominicano.com\/wp-content\/uploads\/2024\/07\/CARMEN-SARO-PRESENTA-AL-NINO-YUNIOR-BAEZ-1536x1152.jpeg 1536w, https:\/\/diariodominicano.com\/wp-content\/uploads\/2024\/07\/CARMEN-SARO-PRESENTA-AL-NINO-YUNIOR-BAEZ-816x612.jpeg 816w, https:\/\/diariodominicano.com\/wp-content\/uploads\/2024\/07\/CARMEN-SARO-PRESENTA-AL-NINO-YUNIOR-BAEZ.jpeg 1600w\" sizes=\"auto, (max-width: 1024px) 100vw, 1024px\" \/><\/figure>\n\n\n\n<p>Carmen Saro presenta al ni\u00f1o Yunior Baez.<\/p>\n\n\n\n<p>El ni\u00f1o Yunior Baez, interpret\u00f3 varias canciones que arrancaron m\u00faltiples aplausos de los padres presentes en el acto, entre ella Por Amor del Maestro Rafael Solano, Besos de Manuel Jimenez, Querida y \u00c9xito, Margarita Dilone culmino junto a la integrantes de la Escuela de Canto con A Pasito Lento, y los integrantes de la familia del Maestro Francisco Frias que ejecutaron dos temas del agrado de los presentes.<\/p>\n\n\n\n<p>Carmen Saro Martinez Secretaria del Consejo de Cultura, dirigi\u00f3 la ceremonia de reconocimiento y designaci\u00f3n, expres\u00f3 \u00abAunque algunos reconocimientos se hacen a nuestros artistas los hacemos en vida, este reconocimiento p\u00f3stumos, con la entrega de pergamino pergaminos, nos da la oportunidad de disfrutar el esfuerzo y el fruto de\u00a0su trabajo, una familia de 18 hijos todos m\u00fasicos, \u201cQue gran aporte al Merengue y a la m\u00fasica vern\u00e1cula dominicana\u201d \u00a0hoy nos sentimos orgullosos de haber tenido la oportunidad de compartir con un dominicano de la talla y val\u00eda, del Maestro Francisco Fr\u00edas\u00bb, expres\u00f3.<\/p>\n\n\n\n<p>Sucre Juli\u00e1n Barrera<\/p>\n\n\n\n<p><a href=\"mailto:sjb.torobravo@gmail.com\" target=\"_blank\" rel=\"noreferrer noopener\">sjb.torobravo@gmail.com<\/a><\/p>\n","protected":false},"excerpt":{"rendered":"<p>Roberto Fr\u00edas develiza la placa que designa el Sal\u00f3n Maestro Francisco Fr\u00edas. Placa que designa el sal\u00f3n de actos Maestro Francisco Fr\u00edas. Por:\u00a0Carmen Saro Martinez Santo Domingo Este, RD.-&nbsp;La Casa de Cultura de Villa Faro design\u00f3 mediante Resoluci\u00f3n 17-24 su sal\u00f3n multiuso, como Sal\u00f3n de Acto \u201cMaestro Francisco Frias\u201d en reconocimiento p\u00f3stumo a la gran [&hellip;]<\/p>\n","protected":false},"author":28,"featured_media":548517,"comment_status":"closed","ping_status":"closed","sticky":false,"template":"","format":"standard","meta":{"footnotes":""},"categories":[21,36,25],"tags":[],"class_list":["post-548516","post","type-post","status-publish","format-standard","has-post-thumbnail","hentry","category-cultura","category-hombresmujeresycosas","category-gente"],"_links":{"self":[{"href":"https:\/\/diariodominicano.com\/index.php?rest_route=\/wp\/v2\/posts\/548516","targetHints":{"allow":["GET"]}}],"collection":[{"href":"https:\/\/diariodominicano.com\/index.php?rest_route=\/wp\/v2\/posts"}],"about":[{"href":"https:\/\/diariodominicano.com\/index.php?rest_route=\/wp\/v2\/types\/post"}],"author":[{"embeddable":true,"href":"https:\/\/diariodominicano.com\/index.php?rest_route=\/wp\/v2\/users\/28"}],"replies":[{"embeddable":true,"href":"https:\/\/diariodominicano.com\/index.php?rest_route=%2Fwp%2Fv2%2Fcomments&post=548516"}],"version-history":[{"count":3,"href":"https:\/\/diariodominicano.com\/index.php?rest_route=\/wp\/v2\/posts\/548516\/revisions"}],"predecessor-version":[{"id":548528,"href":"https:\/\/diariodominicano.com\/index.php?rest_route=\/wp\/v2\/posts\/548516\/revisions\/548528"}],"wp:featuredmedia":[{"embeddable":true,"href":"https:\/\/diariodominicano.com\/index.php?rest_route=\/wp\/v2\/media\/548517"}],"wp:attachment":[{"href":"https:\/\/diariodominicano.com\/index.php?rest_route=%2Fwp%2Fv2%2Fmedia&parent=548516"}],"wp:term":[{"taxonomy":"category","embeddable":true,"href":"https:\/\/diariodominicano.com\/index.php?rest_route=%2Fwp%2Fv2%2Fcategories&post=548516"},{"taxonomy":"post_tag","embeddable":true,"href":"https:\/\/diariodominicano.com\/index.php?rest_route=%2Fwp%2Fv2%2Ftags&post=548516"}],"curies":[{"name":"wp","href":"https:\/\/api.w.org\/{rel}","templated":true}]}}