{"id":54850,"date":"2020-03-13T13:00:51","date_gmt":"2020-03-13T13:00:51","guid":{"rendered":"http:\/\/diariodominicano.ddns.net\/?p=54850"},"modified":"2020-03-13T13:00:51","modified_gmt":"2020-03-13T13:00:51","slug":"posponen-noche-azul-estrellas-de-la-danza-mundial","status":"publish","type":"post","link":"https:\/\/diariodominicano.com\/?p=54850","title":{"rendered":"Posponen \u00abNoche azul: Estrellas de la Danza Mundial\u00bb"},"content":{"rendered":"<p><body><\/p>\n<p><img decoding=\"async\" src=\"img3\/danz12.jpg\" \/>  <\/p>\n<p>Info Publipack<\/p>\n<\/p>\n<p>Posponen \u00abNoche azul: Estrellas de la Danza Mundial\u00bb<\/p>\n<\/p>\n<p>Los organizadores del evento informaron que las boletas que ya fueron adquiridas por el p\u00fablico ser\u00e1n validas para el pr\u00f3ximo 24 de junio, como nueva fecha para la celebraci\u00f3n del evento<\/p>\n<\/p>\n<p>Santo Domingo, D.N. Marzo de 2020. Tras el repunte en los casos de coronavirus y las consecuentes medidas preventivas a ser tomadas por la poblaci\u00f3n, el equipo organizador de \u00abNoche azul: Estrellas de la Danza Mundial, actividad prevista para el pr\u00f3ximo 18 de marzo, anunci\u00f3 que queda pospuesta para el pr\u00f3ximo 24 de junio.<\/p>\n<\/p>\n<p>Asimismo, inform\u00f3 que las boletas que ya han sido adquiridas por el p\u00fablico ser\u00e1n validas para la nueva fecha y que las entradas seguir\u00e1n a la venta hasta la realizaci\u00f3n del evento. Este seguir\u00e1 present\u00e1ndose en la sala Carlos Piantini, del Teatro Nacional Eduardo Brito, a beneficio de la Fundaci\u00f3n Nido para \u00c1ngeles y la Fundaci\u00f3n Manuel \u00c1lvarez Reyes, quienes trabajan -respectivamente- con ni\u00f1os y j\u00f3venes con par\u00e1lisis cerebral y con la poblaci\u00f3n autista. <\/p>\n<\/p>\n<p>La velada, que comenzar\u00e1 a las 8:30 p. m. ofrecer\u00e1  una variada presentaci\u00f3n con estrellas internacionales, tales como: el conocido bailar\u00edn espa\u00f1ol Sergio Bernal, quien deleitar\u00e1 con la aclamada interpretaci\u00f3n de \u00abLa Muerte del Cisne\u00bb del franc\u00e9s  Saint-Saens, y \u00abEl Sombrero de Tres Picos\u00bb de Manuel de Falla. Tambi\u00e9n estar\u00e1n presentes los cl\u00e1sicos Oleskii Tiutiunnyk, del Ballet Nacional de Ucrania, y la bailarina Ana Sophia Scheller , del New York City Ballet, quienes interpretar\u00e1n el \u00abPax  de Deux del Cisne Blanco\u00bb y el \u00abPax de Deux de Espartaco\u00bb. <\/p>\n<\/p>\n<p>De su lado, los bailarines de la \u00d3pera de R\u00edo de Janeiro, Juliana Valadao y Aelf Albert, basar\u00e1n su performance en \u00abGiselle\u00bb y el \u00abPax de Deux del Corsario\u00bb.  Mientras que, la cubana Mar\u00eda Karla Araujo interpretar\u00e1 \u00abCarrying My Own Floor\u00bb; y el extraordinario bailar\u00edn Istvan Simon, del Dresden Ballet, bailar\u00e1 una coreograf\u00eda de estreno mundial. A nivel local, se contar\u00e1 con los bailarines del Ballet Nacional Dominicano, quienes interpretar\u00e1n dos piezas del repertorio de la compa\u00f1\u00eda m\u00e1s importante de la Rep\u00fablica Dominicana.<\/p>\n<\/p>\n<p>Los precios oscilan entre RD$5,000.00 en platea central (de la fila U hasta la G), con inclusi\u00f3n de brindis; RD$3,000.00, en el resto de la platea central; RD$2,500.00, en la platea lateral; RD$1,500.00 en balc\u00f3n bajo; y RD$1,000.00, balc\u00f3n alto.<\/p>\n<\/p>\n<p>Cabe destacar que boletas est\u00e1n a la venta tanto en las Fundaciones, cuyos contactos telef\u00f3nicos son: (809)475-9998, (809)540-1886 y (809)480-4659, con el correo electr\u00f3nico: info@nidoparaangeles.com; como en la Boleter\u00eda del Teatro Nacional y en el Club de Lectores del List\u00edn Diario. <\/p>\n<\/p>\n<h6> 2020-03-13 13:00:51 <\/h6>\n<p><!--\n<link rel=\"stylesheet\" href=\"css\/bootstrap.min.css\">\n\n\n<ul class=\"pagination\">\n\t    \n\t\n\n<li >\n\t<a href='?page_no=694'>Previous<\/a>\n\t<\/li>\n\n\n       \n    \n\n<li><a href='?page_no=1'>1<\/a><\/li>\n\n\n\n<li><a href='?page_no=2'>2<\/a><\/li>\n\n\n\n<li><a>...<\/a><\/li>\n\n\n\n<li><a href='?page_no=693'>693<\/a><\/li>\n\n\n\n<li><a href='?page_no=694'>694<\/a><\/li>\n\n\n\n<li class='active'><a>695<\/a><\/li>\n\n\n\n<li><a href='?page_no=696'>696<\/a><\/li>\n\n\n\n<li><a href='?page_no=697'>697<\/a><\/li>\n\n\n\n<li><a>...<\/a><\/li>\n\n\n\n<li><a href='?page_no=22911'>22911<\/a><\/li>\n\n\n\n<li><a href='?page_no=22912'>22912<\/a><\/li>\n\n    \n\t\n\n<li >\n\t<a href='?page_no=696'>Next<\/a>\n\t<\/li>\n\n\n    \n\n<li><a href='?page_no=22912'>Last &rsaquo;&rsaquo;<\/a><\/li>\n\n<\/ul>\n\n\n--><br \/>\n<\/body><\/p>\n","protected":false},"excerpt":{"rendered":"<p>Info Publipack Posponen \u00abNoche azul: Estrellas de la Danza Mundial\u00bb Los organizadores del evento informaron que las boletas que ya fueron adquiridas por el p\u00fablico ser\u00e1n validas para el pr\u00f3ximo 24 de junio, como nueva fecha para la celebraci\u00f3n del evento Santo Domingo, D.N. Marzo de 2020. Tras el repunte en los casos de coronavirus [&hellip;]<\/p>\n","protected":false},"author":3,"featured_media":0,"comment_status":"open","ping_status":"open","sticky":false,"template":"","format":"standard","meta":{"footnotes":""},"categories":[21],"tags":[],"class_list":["post-54850","post","type-post","status-publish","format-standard","hentry","category-cultura"],"_links":{"self":[{"href":"https:\/\/diariodominicano.com\/index.php?rest_route=\/wp\/v2\/posts\/54850","targetHints":{"allow":["GET"]}}],"collection":[{"href":"https:\/\/diariodominicano.com\/index.php?rest_route=\/wp\/v2\/posts"}],"about":[{"href":"https:\/\/diariodominicano.com\/index.php?rest_route=\/wp\/v2\/types\/post"}],"author":[{"embeddable":true,"href":"https:\/\/diariodominicano.com\/index.php?rest_route=\/wp\/v2\/users\/3"}],"replies":[{"embeddable":true,"href":"https:\/\/diariodominicano.com\/index.php?rest_route=%2Fwp%2Fv2%2Fcomments&post=54850"}],"version-history":[{"count":0,"href":"https:\/\/diariodominicano.com\/index.php?rest_route=\/wp\/v2\/posts\/54850\/revisions"}],"wp:attachment":[{"href":"https:\/\/diariodominicano.com\/index.php?rest_route=%2Fwp%2Fv2%2Fmedia&parent=54850"}],"wp:term":[{"taxonomy":"category","embeddable":true,"href":"https:\/\/diariodominicano.com\/index.php?rest_route=%2Fwp%2Fv2%2Fcategories&post=54850"},{"taxonomy":"post_tag","embeddable":true,"href":"https:\/\/diariodominicano.com\/index.php?rest_route=%2Fwp%2Fv2%2Ftags&post=54850"}],"curies":[{"name":"wp","href":"https:\/\/api.w.org\/{rel}","templated":true}]}}