{"id":548399,"date":"2024-07-29T21:21:49","date_gmt":"2024-07-30T01:21:49","guid":{"rendered":"https:\/\/diariodominicano.com\/?p=548399"},"modified":"2024-07-29T21:24:47","modified_gmt":"2024-07-30T01:24:47","slug":"la-yuca-camp-celebra-30-anos-de-trayectoria","status":"publish","type":"post","link":"https:\/\/diariodominicano.com\/?p=548399","title":{"rendered":"La Yuca Camp celebra 30 a\u00f1os de trayectoria"},"content":{"rendered":"\n<p><em>Con m\u00e1s de 200 ni\u00f1os en escena fue presentada la obra \u201cThe Circle of Life\u201d para la celebraci\u00f3n de sus 30 a\u00f1os<\/em><\/p>\n\n\n\n<p><strong>Santo Domingo, Rep\u00fablica Dominicana.&nbsp;<\/strong>En el marco de la celebraci\u00f3n de los 30 a\u00f1os de \u201cLa Yuca Camp\u201d, se llev\u00f3 a cabo la impresionante obra \u201cThe Circle of Life\u201d, dirigida por los talentosos Luis Marcell Ricart y Yeri Peguero. Con la participaci\u00f3n de m\u00e1s de 200 ni\u00f1os, el evento fue una muestra de creatividad y talento que cautiv\u00f3 a todos los asistentes.<\/p>\n\n\n\n<p>\u201cHoy nos sentimos llenos de emoci\u00f3n y orgullo de poder celebrar estos 30 a\u00f1os de trayectoria y crecimiento, donde hemos dejado grandes recuerdos para toda la vida a tantos ni\u00f1os y familias dominicanas. Agradecemos grandemente el apoyo de todos los que han formado parte de este sue\u00f1o\u201d, expres\u00f3 Valerie Garip, fundadora de La Yuca Group, en un emotivo discurso durante el evento.<\/p>\n\n\n\n<figure class=\"wp-block-gallery has-nested-images columns-default is-cropped wp-block-gallery-1 is-layout-flex wp-block-gallery-is-layout-flex\">\n<figure class=\"wp-block-image size-large\"><img loading=\"lazy\" decoding=\"async\" width=\"683\" height=\"1024\" data-id=\"548410\" src=\"https:\/\/diariodominicano.com\/wp-content\/uploads\/2024\/07\/Sofia-Cayetana-Garcia-Mattias-Garcia-683x1024.jpeg\" alt=\"\" class=\"wp-image-548410\" srcset=\"https:\/\/diariodominicano.com\/wp-content\/uploads\/2024\/07\/Sofia-Cayetana-Garcia-Mattias-Garcia-683x1024.jpeg 683w, https:\/\/diariodominicano.com\/wp-content\/uploads\/2024\/07\/Sofia-Cayetana-Garcia-Mattias-Garcia-200x300.jpeg 200w, https:\/\/diariodominicano.com\/wp-content\/uploads\/2024\/07\/Sofia-Cayetana-Garcia-Mattias-Garcia-768x1152.jpeg 768w, https:\/\/diariodominicano.com\/wp-content\/uploads\/2024\/07\/Sofia-Cayetana-Garcia-Mattias-Garcia-1024x1536.jpeg 1024w, https:\/\/diariodominicano.com\/wp-content\/uploads\/2024\/07\/Sofia-Cayetana-Garcia-Mattias-Garcia-816x1224.jpeg 816w, https:\/\/diariodominicano.com\/wp-content\/uploads\/2024\/07\/Sofia-Cayetana-Garcia-Mattias-Garcia.jpeg 1067w\" sizes=\"auto, (max-width: 683px) 100vw, 683px\" \/><\/figure>\n\n\n\n<figure class=\"wp-block-image size-large\"><img loading=\"lazy\" decoding=\"async\" width=\"1024\" height=\"550\" data-id=\"548407\" src=\"https:\/\/diariodominicano.com\/wp-content\/uploads\/2024\/07\/Obra-The-Circle-of-Life-1024x550.jpg\" alt=\"\" class=\"wp-image-548407\" srcset=\"https:\/\/diariodominicano.com\/wp-content\/uploads\/2024\/07\/Obra-The-Circle-of-Life-1024x550.jpg 1024w, https:\/\/diariodominicano.com\/wp-content\/uploads\/2024\/07\/Obra-The-Circle-of-Life-300x161.jpg 300w, https:\/\/diariodominicano.com\/wp-content\/uploads\/2024\/07\/Obra-The-Circle-of-Life-768x412.jpg 768w, https:\/\/diariodominicano.com\/wp-content\/uploads\/2024\/07\/Obra-The-Circle-of-Life-1536x825.jpg 1536w, https:\/\/diariodominicano.com\/wp-content\/uploads\/2024\/07\/Obra-The-Circle-of-Life-2048x1100.jpg 2048w, https:\/\/diariodominicano.com\/wp-content\/uploads\/2024\/07\/Obra-The-Circle-of-Life-816x438.jpg 816w\" sizes=\"auto, (max-width: 1024px) 100vw, 1024px\" \/><\/figure>\n<\/figure>\n\n\n\n<p>Durante la celebraci\u00f3n, se reconocieron a personalidades especiales que forman parte del equipo interno, destacando su dedicaci\u00f3n y compromiso a lo largo de los a\u00f1os.\u00a0Anabel y Claudia Armenteros, representantes de la nueva generaci\u00f3n de La Yuca, expresaron: Hoy somos un gran grupo con distintas unidades: La Yuca Camp, La Yuca River Camp, La Yuca Preschool, y nuestro departamento de actividades corporativas. Estamos comprometidos con continuar este gran legado\u201d.<\/p>\n\n\n\n<figure class=\"wp-block-gallery has-nested-images columns-default is-cropped wp-block-gallery-2 is-layout-flex wp-block-gallery-is-layout-flex\">\n<figure class=\"wp-block-image size-large\"><img loading=\"lazy\" decoding=\"async\" width=\"1024\" height=\"682\" data-id=\"548411\" src=\"https:\/\/diariodominicano.com\/wp-content\/uploads\/2024\/07\/Todo-el-elenco-al-final-de-la-Obra-The-Circle-of-Life-1024x682.jpg\" alt=\"\" class=\"wp-image-548411\" srcset=\"https:\/\/diariodominicano.com\/wp-content\/uploads\/2024\/07\/Todo-el-elenco-al-final-de-la-Obra-The-Circle-of-Life-1024x682.jpg 1024w, https:\/\/diariodominicano.com\/wp-content\/uploads\/2024\/07\/Todo-el-elenco-al-final-de-la-Obra-The-Circle-of-Life-300x200.jpg 300w, https:\/\/diariodominicano.com\/wp-content\/uploads\/2024\/07\/Todo-el-elenco-al-final-de-la-Obra-The-Circle-of-Life-768x512.jpg 768w, https:\/\/diariodominicano.com\/wp-content\/uploads\/2024\/07\/Todo-el-elenco-al-final-de-la-Obra-The-Circle-of-Life-816x544.jpg 816w, https:\/\/diariodominicano.com\/wp-content\/uploads\/2024\/07\/Todo-el-elenco-al-final-de-la-Obra-The-Circle-of-Life.jpg 1400w\" sizes=\"auto, (max-width: 1024px) 100vw, 1024px\" \/><\/figure>\n<\/figure>\n\n\n\n<p>La Yuca Camp se ha consolidado como un campamento enfocado en el entretenimiento sano, el deporte, la formaci\u00f3n en valores y en la creaci\u00f3n de amigos y memorias para toda la vida. Valerie Garip resalt\u00f3 estos valores fundamentales en sus palabras, subrayando la misi\u00f3n de La Yuca en enriquecer las vidas de los ni\u00f1os y sus familias.<\/p>\n\n\n\n<figure class=\"wp-block-gallery has-nested-images columns-default is-cropped wp-block-gallery-3 is-layout-flex wp-block-gallery-is-layout-flex\">\n<figure class=\"wp-block-image size-large\"><img loading=\"lazy\" decoding=\"async\" width=\"1024\" height=\"649\" data-id=\"548409\" src=\"https:\/\/diariodominicano.com\/wp-content\/uploads\/2024\/07\/Reconocimiento-a-Valerie-Garip-fundadora-de-La-Yuca-Group-1024x649.jpg\" alt=\"\" class=\"wp-image-548409\" srcset=\"https:\/\/diariodominicano.com\/wp-content\/uploads\/2024\/07\/Reconocimiento-a-Valerie-Garip-fundadora-de-La-Yuca-Group-1024x649.jpg 1024w, https:\/\/diariodominicano.com\/wp-content\/uploads\/2024\/07\/Reconocimiento-a-Valerie-Garip-fundadora-de-La-Yuca-Group-300x190.jpg 300w, https:\/\/diariodominicano.com\/wp-content\/uploads\/2024\/07\/Reconocimiento-a-Valerie-Garip-fundadora-de-La-Yuca-Group-768x487.jpg 768w, https:\/\/diariodominicano.com\/wp-content\/uploads\/2024\/07\/Reconocimiento-a-Valerie-Garip-fundadora-de-La-Yuca-Group-1536x974.jpg 1536w, https:\/\/diariodominicano.com\/wp-content\/uploads\/2024\/07\/Reconocimiento-a-Valerie-Garip-fundadora-de-La-Yuca-Group-2048x1298.jpg 2048w, https:\/\/diariodominicano.com\/wp-content\/uploads\/2024\/07\/Reconocimiento-a-Valerie-Garip-fundadora-de-La-Yuca-Group-816x517.jpg 816w\" sizes=\"auto, (max-width: 1024px) 100vw, 1024px\" \/><\/figure>\n<\/figure>\n\n\n\n<p>Este evento no solo marc\u00f3 un hito en la historia de La Yuca Camp, sino que tambi\u00e9n reafirm\u00f3 su compromiso con la comunidad y su visi\u00f3n de seguir creciendo y proporcionando experiencias inolvidables para las futuras generaciones.<br><br><strong>Sobre Camp La Yuca&nbsp;<\/strong><\/p>\n\n\n\n<p>La Yuca Camp fue fundado en 1994 por Valerie Garip, una de las pioneras en campamentos de verano, quien con pasi\u00f3n y amor ha guiado su trayectoria y crecimiento. La Yuca Camp, nuestro day camp, est\u00e1 dirigido a ni\u00f1os de 2 a 12 a\u00f1os de edad, con un programa completo de actividades deportivas, creativas, recreativas y familiares.\u00a0Aparte de nuestro campamento de verano, realizamos eventos infantiles y corporativos.\u00a0Camp La Yuca es un espacio m\u00e1gico lleno de risas y recuerdos inolvidables.\u00a0<\/p>\n\n\n\n<figure class=\"wp-block-gallery has-nested-images columns-default is-cropped wp-block-gallery-4 is-layout-flex wp-block-gallery-is-layout-flex\">\n<figure class=\"wp-block-image size-large\"><img loading=\"lazy\" decoding=\"async\" width=\"768\" height=\"1024\" data-id=\"548408\" src=\"https:\/\/diariodominicano.com\/wp-content\/uploads\/2024\/07\/Reconocimiento-a-Luis-Marcell-Ricart-y-Yeri-Peguero-quienes-dirigieron-la-impresionante-obra-The-Circle-of-Life-768x1024.jpg\" alt=\"\" class=\"wp-image-548408\" srcset=\"https:\/\/diariodominicano.com\/wp-content\/uploads\/2024\/07\/Reconocimiento-a-Luis-Marcell-Ricart-y-Yeri-Peguero-quienes-dirigieron-la-impresionante-obra-The-Circle-of-Life-768x1024.jpg 768w, https:\/\/diariodominicano.com\/wp-content\/uploads\/2024\/07\/Reconocimiento-a-Luis-Marcell-Ricart-y-Yeri-Peguero-quienes-dirigieron-la-impresionante-obra-The-Circle-of-Life-225x300.jpg 225w, https:\/\/diariodominicano.com\/wp-content\/uploads\/2024\/07\/Reconocimiento-a-Luis-Marcell-Ricart-y-Yeri-Peguero-quienes-dirigieron-la-impresionante-obra-The-Circle-of-Life-1152x1536.jpg 1152w, https:\/\/diariodominicano.com\/wp-content\/uploads\/2024\/07\/Reconocimiento-a-Luis-Marcell-Ricart-y-Yeri-Peguero-quienes-dirigieron-la-impresionante-obra-The-Circle-of-Life-816x1088.jpg 816w, https:\/\/diariodominicano.com\/wp-content\/uploads\/2024\/07\/Reconocimiento-a-Luis-Marcell-Ricart-y-Yeri-Peguero-quienes-dirigieron-la-impresionante-obra-The-Circle-of-Life.jpg 1200w\" sizes=\"auto, (max-width: 768px) 100vw, 768px\" \/><\/figure>\n<\/figure>\n\n\n\n<p>La Yuca River Camp es un nuestro concepto de campamento con dormida dise\u00f1ado especialmente para ni\u00f1os de 7 a 16 a\u00f1os ubicado en un entorno natural espectacular a solo 1 hora y 30 minutos de la ciudad. Con un enfoque en el deporte, la actividad f\u00edsica y el desarrollo personal, ofrece programas adaptados a diferentes edades para promover habilidades, trabajo en equipo y un estilo de vida activo y saludable. Priorizando la seguridad, el esfuerzo y el respeto, el campamento se dedica al bienestar integral de los acampantes, proporcionando una experiencia de verano inolvidable llena de aprendizajes significativos y la formaci\u00f3n de amistades duraderas.<\/p>\n\n\n\n<figure class=\"wp-block-gallery has-nested-images columns-default is-cropped wp-block-gallery-5 is-layout-flex wp-block-gallery-is-layout-flex\">\n<figure class=\"wp-block-image size-large\"><img loading=\"lazy\" decoding=\"async\" width=\"1024\" height=\"683\" data-id=\"548406\" src=\"https:\/\/diariodominicano.com\/wp-content\/uploads\/2024\/07\/Obra-_The-Circle-o-Life_-1024x683.jpeg\" alt=\"\" class=\"wp-image-548406\" srcset=\"https:\/\/diariodominicano.com\/wp-content\/uploads\/2024\/07\/Obra-_The-Circle-o-Life_-1024x683.jpeg 1024w, https:\/\/diariodominicano.com\/wp-content\/uploads\/2024\/07\/Obra-_The-Circle-o-Life_-300x200.jpeg 300w, https:\/\/diariodominicano.com\/wp-content\/uploads\/2024\/07\/Obra-_The-Circle-o-Life_-768x512.jpeg 768w, https:\/\/diariodominicano.com\/wp-content\/uploads\/2024\/07\/Obra-_The-Circle-o-Life_-1536x1024.jpeg 1536w, https:\/\/diariodominicano.com\/wp-content\/uploads\/2024\/07\/Obra-_The-Circle-o-Life_-816x544.jpeg 816w, https:\/\/diariodominicano.com\/wp-content\/uploads\/2024\/07\/Obra-_The-Circle-o-Life_.jpeg 1600w\" sizes=\"auto, (max-width: 1024px) 100vw, 1024px\" \/><\/figure>\n<\/figure>\n\n\n\n<p>En La Yuca River Camp tambi\u00e9n ofrecemos actividades corporativas adaptadas a las necesidades de las empresas enfoc\u00e1ndonos en empoderar a los equipos. A trav\u00e9s de las actividades experienciales, los colaboradores pueden desconectarse del estr\u00e9s diario, conectarse con la naturaleza y realizar experiencias que les permitan potenciar sus objetivos como equipo. Con este enfoque buscamos generar actividades donde los participantes generen nuevos conocimientos, desarrollen habilidades y consoliden nuevas y mejores pr\u00e1cticas como equipo, en un ambiente donde el disfrute y la conexi\u00f3n de los participantes es el medio que garantiza el logro de los objetivos.<\/p>\n\n\n\n<figure class=\"wp-block-gallery has-nested-images columns-default is-cropped wp-block-gallery-6 is-layout-flex wp-block-gallery-is-layout-flex\">\n<figure class=\"wp-block-image size-large\"><img loading=\"lazy\" decoding=\"async\" width=\"1024\" height=\"682\" data-id=\"548411\" src=\"https:\/\/diariodominicano.com\/wp-content\/uploads\/2024\/07\/Todo-el-elenco-al-final-de-la-Obra-The-Circle-of-Life-1024x682.jpg\" alt=\"\" class=\"wp-image-548411\" srcset=\"https:\/\/diariodominicano.com\/wp-content\/uploads\/2024\/07\/Todo-el-elenco-al-final-de-la-Obra-The-Circle-of-Life-1024x682.jpg 1024w, https:\/\/diariodominicano.com\/wp-content\/uploads\/2024\/07\/Todo-el-elenco-al-final-de-la-Obra-The-Circle-of-Life-300x200.jpg 300w, https:\/\/diariodominicano.com\/wp-content\/uploads\/2024\/07\/Todo-el-elenco-al-final-de-la-Obra-The-Circle-of-Life-768x512.jpg 768w, https:\/\/diariodominicano.com\/wp-content\/uploads\/2024\/07\/Todo-el-elenco-al-final-de-la-Obra-The-Circle-of-Life-816x544.jpg 816w, https:\/\/diariodominicano.com\/wp-content\/uploads\/2024\/07\/Todo-el-elenco-al-final-de-la-Obra-The-Circle-of-Life.jpg 1400w\" sizes=\"auto, (max-width: 1024px) 100vw, 1024px\" \/><\/figure>\n\n\n\n<figure class=\"wp-block-image size-large\"><img loading=\"lazy\" decoding=\"async\" width=\"683\" height=\"1024\" data-id=\"548410\" src=\"https:\/\/diariodominicano.com\/wp-content\/uploads\/2024\/07\/Sofia-Cayetana-Garcia-Mattias-Garcia-683x1024.jpeg\" alt=\"\" class=\"wp-image-548410\" srcset=\"https:\/\/diariodominicano.com\/wp-content\/uploads\/2024\/07\/Sofia-Cayetana-Garcia-Mattias-Garcia-683x1024.jpeg 683w, https:\/\/diariodominicano.com\/wp-content\/uploads\/2024\/07\/Sofia-Cayetana-Garcia-Mattias-Garcia-200x300.jpeg 200w, https:\/\/diariodominicano.com\/wp-content\/uploads\/2024\/07\/Sofia-Cayetana-Garcia-Mattias-Garcia-768x1152.jpeg 768w, https:\/\/diariodominicano.com\/wp-content\/uploads\/2024\/07\/Sofia-Cayetana-Garcia-Mattias-Garcia-1024x1536.jpeg 1024w, https:\/\/diariodominicano.com\/wp-content\/uploads\/2024\/07\/Sofia-Cayetana-Garcia-Mattias-Garcia-816x1224.jpeg 816w, https:\/\/diariodominicano.com\/wp-content\/uploads\/2024\/07\/Sofia-Cayetana-Garcia-Mattias-Garcia.jpeg 1067w\" sizes=\"auto, (max-width: 683px) 100vw, 683px\" \/><\/figure>\n\n\n\n<figure class=\"wp-block-image size-large\"><img loading=\"lazy\" decoding=\"async\" width=\"1024\" height=\"649\" data-id=\"548409\" src=\"https:\/\/diariodominicano.com\/wp-content\/uploads\/2024\/07\/Reconocimiento-a-Valerie-Garip-fundadora-de-La-Yuca-Group-1024x649.jpg\" alt=\"\" class=\"wp-image-548409\" srcset=\"https:\/\/diariodominicano.com\/wp-content\/uploads\/2024\/07\/Reconocimiento-a-Valerie-Garip-fundadora-de-La-Yuca-Group-1024x649.jpg 1024w, https:\/\/diariodominicano.com\/wp-content\/uploads\/2024\/07\/Reconocimiento-a-Valerie-Garip-fundadora-de-La-Yuca-Group-300x190.jpg 300w, https:\/\/diariodominicano.com\/wp-content\/uploads\/2024\/07\/Reconocimiento-a-Valerie-Garip-fundadora-de-La-Yuca-Group-768x487.jpg 768w, https:\/\/diariodominicano.com\/wp-content\/uploads\/2024\/07\/Reconocimiento-a-Valerie-Garip-fundadora-de-La-Yuca-Group-1536x974.jpg 1536w, https:\/\/diariodominicano.com\/wp-content\/uploads\/2024\/07\/Reconocimiento-a-Valerie-Garip-fundadora-de-La-Yuca-Group-2048x1298.jpg 2048w, https:\/\/diariodominicano.com\/wp-content\/uploads\/2024\/07\/Reconocimiento-a-Valerie-Garip-fundadora-de-La-Yuca-Group-816x517.jpg 816w\" sizes=\"auto, (max-width: 1024px) 100vw, 1024px\" \/><\/figure>\n\n\n\n<figure class=\"wp-block-image size-large\"><img loading=\"lazy\" decoding=\"async\" width=\"768\" height=\"1024\" data-id=\"548408\" src=\"https:\/\/diariodominicano.com\/wp-content\/uploads\/2024\/07\/Reconocimiento-a-Luis-Marcell-Ricart-y-Yeri-Peguero-quienes-dirigieron-la-impresionante-obra-The-Circle-of-Life-768x1024.jpg\" alt=\"\" class=\"wp-image-548408\" srcset=\"https:\/\/diariodominicano.com\/wp-content\/uploads\/2024\/07\/Reconocimiento-a-Luis-Marcell-Ricart-y-Yeri-Peguero-quienes-dirigieron-la-impresionante-obra-The-Circle-of-Life-768x1024.jpg 768w, https:\/\/diariodominicano.com\/wp-content\/uploads\/2024\/07\/Reconocimiento-a-Luis-Marcell-Ricart-y-Yeri-Peguero-quienes-dirigieron-la-impresionante-obra-The-Circle-of-Life-225x300.jpg 225w, https:\/\/diariodominicano.com\/wp-content\/uploads\/2024\/07\/Reconocimiento-a-Luis-Marcell-Ricart-y-Yeri-Peguero-quienes-dirigieron-la-impresionante-obra-The-Circle-of-Life-1152x1536.jpg 1152w, https:\/\/diariodominicano.com\/wp-content\/uploads\/2024\/07\/Reconocimiento-a-Luis-Marcell-Ricart-y-Yeri-Peguero-quienes-dirigieron-la-impresionante-obra-The-Circle-of-Life-816x1088.jpg 816w, https:\/\/diariodominicano.com\/wp-content\/uploads\/2024\/07\/Reconocimiento-a-Luis-Marcell-Ricart-y-Yeri-Peguero-quienes-dirigieron-la-impresionante-obra-The-Circle-of-Life.jpg 1200w\" sizes=\"auto, (max-width: 768px) 100vw, 768px\" \/><\/figure>\n\n\n\n<figure class=\"wp-block-image size-large\"><img loading=\"lazy\" decoding=\"async\" width=\"1024\" height=\"550\" data-id=\"548407\" src=\"https:\/\/diariodominicano.com\/wp-content\/uploads\/2024\/07\/Obra-The-Circle-of-Life-1024x550.jpg\" alt=\"\" class=\"wp-image-548407\" srcset=\"https:\/\/diariodominicano.com\/wp-content\/uploads\/2024\/07\/Obra-The-Circle-of-Life-1024x550.jpg 1024w, https:\/\/diariodominicano.com\/wp-content\/uploads\/2024\/07\/Obra-The-Circle-of-Life-300x161.jpg 300w, https:\/\/diariodominicano.com\/wp-content\/uploads\/2024\/07\/Obra-The-Circle-of-Life-768x412.jpg 768w, https:\/\/diariodominicano.com\/wp-content\/uploads\/2024\/07\/Obra-The-Circle-of-Life-1536x825.jpg 1536w, https:\/\/diariodominicano.com\/wp-content\/uploads\/2024\/07\/Obra-The-Circle-of-Life-2048x1100.jpg 2048w, https:\/\/diariodominicano.com\/wp-content\/uploads\/2024\/07\/Obra-The-Circle-of-Life-816x438.jpg 816w\" sizes=\"auto, (max-width: 1024px) 100vw, 1024px\" \/><\/figure>\n\n\n\n<figure class=\"wp-block-image size-large\"><img loading=\"lazy\" decoding=\"async\" width=\"1024\" height=\"683\" data-id=\"548406\" src=\"https:\/\/diariodominicano.com\/wp-content\/uploads\/2024\/07\/Obra-_The-Circle-o-Life_-1024x683.jpeg\" alt=\"\" class=\"wp-image-548406\" srcset=\"https:\/\/diariodominicano.com\/wp-content\/uploads\/2024\/07\/Obra-_The-Circle-o-Life_-1024x683.jpeg 1024w, https:\/\/diariodominicano.com\/wp-content\/uploads\/2024\/07\/Obra-_The-Circle-o-Life_-300x200.jpeg 300w, https:\/\/diariodominicano.com\/wp-content\/uploads\/2024\/07\/Obra-_The-Circle-o-Life_-768x512.jpeg 768w, https:\/\/diariodominicano.com\/wp-content\/uploads\/2024\/07\/Obra-_The-Circle-o-Life_-1536x1024.jpeg 1536w, https:\/\/diariodominicano.com\/wp-content\/uploads\/2024\/07\/Obra-_The-Circle-o-Life_-816x544.jpeg 816w, https:\/\/diariodominicano.com\/wp-content\/uploads\/2024\/07\/Obra-_The-Circle-o-Life_.jpeg 1600w\" sizes=\"auto, (max-width: 1024px) 100vw, 1024px\" \/><\/figure>\n\n\n\n<figure class=\"wp-block-image size-large\"><img loading=\"lazy\" decoding=\"async\" width=\"683\" height=\"1024\" data-id=\"548405\" src=\"https:\/\/diariodominicano.com\/wp-content\/uploads\/2024\/07\/Claudia-Armenteros-Valerie-Garip-y-Anabel-Armenteros-683x1024.jpg\" alt=\"\" class=\"wp-image-548405\" srcset=\"https:\/\/diariodominicano.com\/wp-content\/uploads\/2024\/07\/Claudia-Armenteros-Valerie-Garip-y-Anabel-Armenteros-683x1024.jpg 683w, https:\/\/diariodominicano.com\/wp-content\/uploads\/2024\/07\/Claudia-Armenteros-Valerie-Garip-y-Anabel-Armenteros-200x300.jpg 200w, https:\/\/diariodominicano.com\/wp-content\/uploads\/2024\/07\/Claudia-Armenteros-Valerie-Garip-y-Anabel-Armenteros-768x1152.jpg 768w, https:\/\/diariodominicano.com\/wp-content\/uploads\/2024\/07\/Claudia-Armenteros-Valerie-Garip-y-Anabel-Armenteros-1024x1536.jpg 1024w, https:\/\/diariodominicano.com\/wp-content\/uploads\/2024\/07\/Claudia-Armenteros-Valerie-Garip-y-Anabel-Armenteros-1366x2048.jpg 1366w, https:\/\/diariodominicano.com\/wp-content\/uploads\/2024\/07\/Claudia-Armenteros-Valerie-Garip-y-Anabel-Armenteros-816x1223.jpg 816w, https:\/\/diariodominicano.com\/wp-content\/uploads\/2024\/07\/Claudia-Armenteros-Valerie-Garip-y-Anabel-Armenteros.jpg 1546w\" sizes=\"auto, (max-width: 683px) 100vw, 683px\" \/><\/figure>\n<\/figure>\n\n\n\n<p>La Yuca Preschool, nuestro proyecto m\u00e1s reciente, cumple 5 a\u00f1os, es un preescolar familiar donde el bienestar integral de los ni\u00f1os es prioridad. La Yuca Preschool es m\u00e1s que un espacio educativo, es el segundo hogar de nuestros estudiantes, brind\u00e1ndoles la oportunidad de desarrollarse en un entorno natural donde se sienten seguros y felices. Nuestro entorno fomenta la creatividad, el juego, la exploraci\u00f3n, la innovaci\u00f3n, la curiosidad, la individualidad y la independencia. Nuestro enfoque \u00fanico de aprendizaje apoya el crecimiento cognitivo, f\u00edsico y socioemocional a trav\u00e9s de experiencias.<\/p>\n\n\n\n<p>Henry Coradin <a href=\"mailto:henrycoradinrelacionespublicas@gmail.com\" target=\"_blank\" rel=\"noreferrer noopener\">henrycoradinrelacionespub<\/a> <\/p>\n","protected":false},"excerpt":{"rendered":"<p>Con m\u00e1s de 200 ni\u00f1os en escena fue presentada la obra \u201cThe Circle of Life\u201d para la celebraci\u00f3n de sus 30 a\u00f1os Santo Domingo, Rep\u00fablica Dominicana.&nbsp;En el marco de la celebraci\u00f3n de los 30 a\u00f1os de \u201cLa Yuca Camp\u201d, se llev\u00f3 a cabo la impresionante obra \u201cThe Circle of Life\u201d, dirigida por los talentosos Luis [&hellip;]<\/p>\n","protected":false},"author":7,"featured_media":548412,"comment_status":"closed","ping_status":"closed","sticky":false,"template":"","format":"standard","meta":{"footnotes":""},"categories":[25],"tags":[],"class_list":["post-548399","post","type-post","status-publish","format-standard","has-post-thumbnail","hentry","category-gente"],"_links":{"self":[{"href":"https:\/\/diariodominicano.com\/index.php?rest_route=\/wp\/v2\/posts\/548399","targetHints":{"allow":["GET"]}}],"collection":[{"href":"https:\/\/diariodominicano.com\/index.php?rest_route=\/wp\/v2\/posts"}],"about":[{"href":"https:\/\/diariodominicano.com\/index.php?rest_route=\/wp\/v2\/types\/post"}],"author":[{"embeddable":true,"href":"https:\/\/diariodominicano.com\/index.php?rest_route=\/wp\/v2\/users\/7"}],"replies":[{"embeddable":true,"href":"https:\/\/diariodominicano.com\/index.php?rest_route=%2Fwp%2Fv2%2Fcomments&post=548399"}],"version-history":[{"count":2,"href":"https:\/\/diariodominicano.com\/index.php?rest_route=\/wp\/v2\/posts\/548399\/revisions"}],"predecessor-version":[{"id":548425,"href":"https:\/\/diariodominicano.com\/index.php?rest_route=\/wp\/v2\/posts\/548399\/revisions\/548425"}],"wp:featuredmedia":[{"embeddable":true,"href":"https:\/\/diariodominicano.com\/index.php?rest_route=\/wp\/v2\/media\/548412"}],"wp:attachment":[{"href":"https:\/\/diariodominicano.com\/index.php?rest_route=%2Fwp%2Fv2%2Fmedia&parent=548399"}],"wp:term":[{"taxonomy":"category","embeddable":true,"href":"https:\/\/diariodominicano.com\/index.php?rest_route=%2Fwp%2Fv2%2Fcategories&post=548399"},{"taxonomy":"post_tag","embeddable":true,"href":"https:\/\/diariodominicano.com\/index.php?rest_route=%2Fwp%2Fv2%2Ftags&post=548399"}],"curies":[{"name":"wp","href":"https:\/\/api.w.org\/{rel}","templated":true}]}}