{"id":54828,"date":"2020-03-14T00:56:05","date_gmt":"2020-03-14T00:56:05","guid":{"rendered":"http:\/\/diariodominicano.ddns.net\/?p=54828"},"modified":"2020-03-14T00:56:05","modified_gmt":"2020-03-14T00:56:05","slug":"muere-el-procer-jose-cabrera","status":"publish","type":"post","link":"https:\/\/diariodominicano.com\/?p=54828","title":{"rendered":"Muere el pr\u00f3cer Jos\u00e9 Cabrera"},"content":{"rendered":"<p><body><\/p>\n<p><img decoding=\"async\" src=\"img3\/general Jose-Cabrera.jpg\" \/><br \/><img decoding=\"async\" src=\"img3\/thumb[1].jpg\" \/>  <\/p>\n<p><strong>Diariodominicano.com<\/strong><\/p>\n<p><strong>Monumento a los pr\u00f3ceres de Capotillo.<\/strong><\/p>\n<\/p>\n<p><strong>Muere el pr\u00f3cer Jos\u00e9 Cabrer<\/strong><\/p>\n<p><strong>  Jos\u00e9 Cabrera fue uno de los 14 pr\u00f3ceres  dominicanos que  16 de agosto de 1863,  cruzaron la frontera y proclamaron el \u00abGrito de Capotillo\u00bb, en el cerro del Capotillo Espa\u00f1ol y de inmediato izaron la bandera dominicana que hab\u00eda sido  cosida por Huberto Mars\u00e1n.<\/strong><\/p>\n<p><strong>Por H\u00e9ctor Tineo Nolasco<\/strong><\/p>\n<p><strong>Diariodominicano.com<\/strong><\/p>\n<p><strong>     MONTECRISTI,  el 14 de marzo de 1884<\/strong>, muri\u00f3 en la comunidad de Peladero, Montecristi, el general \u00ae Jos\u00e9 Cabrera.<\/p>\n<\/p>\n<p>          Jos\u00e9 Cabrera fue uno de los 14 pr\u00f3ceres  dominicanos que  16 de agosto de 1863,  cruzaron la frontera y proclamaron el \u00abGrito de Capotillo\u00bb, en el cerro del Capotillo Espa\u00f1ol y de inmediato izaron la bandera dominicana que hab\u00eda sido  cosida por Huberto Mars\u00e1n.<\/p>\n<\/p>\n<p>         Adem\u00e1s de Jos\u00e9 Cabrera, los otros 13 pr\u00f3ceres del \u00abGrito de Capotillo\u00bb,  fueron el coronel Santiago Rodr\u00edguez, capit\u00e1n Eugenio Belliard, Segundo Rivas, Alejandro Bueno, Pablo Reyes,  y Juan de la Mata Monci\u00f3n (abanderado).<\/p>\n<\/p>\n<p>       Tambi\u00e9n el espa\u00f1ol Jos\u00e9 Angulo (Corneta), San M\u00e9zquita, Tom\u00e1s de Aquilino Rodr\u00edguez, Jos\u00e9 Cabrera, Sotero Blan, Benito Monci\u00f3n, Juan de la Cruz Alvarez y un soldado desconocido.<\/p>\n<\/p>\n<p>     El general Jos\u00e9 Cabrera hab\u00eda nacido en Dajab\u00f3n, en 1810.<\/p>\n<\/p>\n<h6> 2020-03-14 00:56:05 <\/h6>\n<p><!--\n<link rel=\"stylesheet\" href=\"css\/bootstrap.min.css\">\n\n\n<ul class=\"pagination\">\n\t    \n\t\n\n<li >\n\t<a href='?page_no=692'>Previous<\/a>\n\t<\/li>\n\n\n       \n    \n\n<li><a href='?page_no=1'>1<\/a><\/li>\n\n\n\n<li><a href='?page_no=2'>2<\/a><\/li>\n\n\n\n<li><a>...<\/a><\/li>\n\n\n\n<li><a href='?page_no=691'>691<\/a><\/li>\n\n\n\n<li><a href='?page_no=692'>692<\/a><\/li>\n\n\n\n<li class='active'><a>693<\/a><\/li>\n\n\n\n<li><a href='?page_no=694'>694<\/a><\/li>\n\n\n\n<li><a href='?page_no=695'>695<\/a><\/li>\n\n\n\n<li><a>...<\/a><\/li>\n\n\n\n<li><a href='?page_no=22911'>22911<\/a><\/li>\n\n\n\n<li><a href='?page_no=22912'>22912<\/a><\/li>\n\n    \n\t\n\n<li >\n\t<a href='?page_no=694'>Next<\/a>\n\t<\/li>\n\n\n    \n\n<li><a href='?page_no=22912'>Last &rsaquo;&rsaquo;<\/a><\/li>\n\n<\/ul>\n\n\n--><br \/>\n<\/body><\/p>\n","protected":false},"excerpt":{"rendered":"<p>Diariodominicano.com Monumento a los pr\u00f3ceres de Capotillo. Muere el pr\u00f3cer Jos\u00e9 Cabrer Jos\u00e9 Cabrera fue uno de los 14 pr\u00f3ceres dominicanos que 16 de agosto de 1863, cruzaron la frontera y proclamaron el \u00abGrito de Capotillo\u00bb, en el cerro del Capotillo Espa\u00f1ol y de inmediato izaron la bandera dominicana que hab\u00eda sido cosida por Huberto [&hellip;]<\/p>\n","protected":false},"author":3,"featured_media":0,"comment_status":"open","ping_status":"open","sticky":false,"template":"","format":"standard","meta":{"footnotes":""},"categories":[21],"tags":[],"class_list":["post-54828","post","type-post","status-publish","format-standard","hentry","category-cultura"],"_links":{"self":[{"href":"https:\/\/diariodominicano.com\/index.php?rest_route=\/wp\/v2\/posts\/54828","targetHints":{"allow":["GET"]}}],"collection":[{"href":"https:\/\/diariodominicano.com\/index.php?rest_route=\/wp\/v2\/posts"}],"about":[{"href":"https:\/\/diariodominicano.com\/index.php?rest_route=\/wp\/v2\/types\/post"}],"author":[{"embeddable":true,"href":"https:\/\/diariodominicano.com\/index.php?rest_route=\/wp\/v2\/users\/3"}],"replies":[{"embeddable":true,"href":"https:\/\/diariodominicano.com\/index.php?rest_route=%2Fwp%2Fv2%2Fcomments&post=54828"}],"version-history":[{"count":0,"href":"https:\/\/diariodominicano.com\/index.php?rest_route=\/wp\/v2\/posts\/54828\/revisions"}],"wp:attachment":[{"href":"https:\/\/diariodominicano.com\/index.php?rest_route=%2Fwp%2Fv2%2Fmedia&parent=54828"}],"wp:term":[{"taxonomy":"category","embeddable":true,"href":"https:\/\/diariodominicano.com\/index.php?rest_route=%2Fwp%2Fv2%2Fcategories&post=54828"},{"taxonomy":"post_tag","embeddable":true,"href":"https:\/\/diariodominicano.com\/index.php?rest_route=%2Fwp%2Fv2%2Ftags&post=54828"}],"curies":[{"name":"wp","href":"https:\/\/api.w.org\/{rel}","templated":true}]}}