{"id":548171,"date":"2024-07-28T00:55:47","date_gmt":"2024-07-28T04:55:47","guid":{"rendered":"https:\/\/diariodominicano.com\/?p=548171"},"modified":"2024-07-28T01:00:36","modified_gmt":"2024-07-28T05:00:36","slug":"catedral-santiago-apostol-reconoce-al-ateneo-amantes-de-la-luz-y-alianza-cibaena-por-sus-150-y-140-anos-de-labor","status":"publish","type":"post","link":"https:\/\/diariodominicano.com\/?p=548171","title":{"rendered":"Catedral Santiago Ap\u00f3stol, la Arquidi\u00f3cesis de Santiago reconocen al Ateneo Amantes de la Luz y Alianza Cibae\u00f1a por sus 150 y 140 a\u00f1os de labor"},"content":{"rendered":"\n<p><strong><em>Son las bibliotecas p\u00fablicas m\u00e1s antiguas <\/em><\/strong>de Rep\u00fablica Dominicana<\/p>\n\n\n\n<p><strong>SANTIAGO, RD.-\u00a0\u00a0<\/strong>Por sus valiosos aportes a la sociedad dominicana a trav\u00e9s de la cultura, arte y educaci\u00f3n, la Catedral, la Arquidi\u00f3cesis de Santiago , en ocasi\u00f3n de las Fiestas Patronales 2024 reconocieron a las entidades centenarias Ateneo Amantes de la Luz y Alianza Cibae\u00f1a,\u00a0 las cuales celebran sus 150 y 140 a\u00f1os de fundaci\u00f3n .<\/p>\n\n\n\n<figure class=\"wp-block-image size-large\"><img loading=\"lazy\" decoding=\"async\" width=\"1024\" height=\"678\" src=\"https:\/\/diariodominicano.com\/wp-content\/uploads\/2024\/07\/image_6487327-1-1024x678.jpg\" alt=\"\" class=\"wp-image-548174\" srcset=\"https:\/\/diariodominicano.com\/wp-content\/uploads\/2024\/07\/image_6487327-1-1024x678.jpg 1024w, https:\/\/diariodominicano.com\/wp-content\/uploads\/2024\/07\/image_6487327-1-300x199.jpg 300w, https:\/\/diariodominicano.com\/wp-content\/uploads\/2024\/07\/image_6487327-1-768x508.jpg 768w, https:\/\/diariodominicano.com\/wp-content\/uploads\/2024\/07\/image_6487327-1-1536x1017.jpg 1536w, https:\/\/diariodominicano.com\/wp-content\/uploads\/2024\/07\/image_6487327-1-816x540.jpg 816w, https:\/\/diariodominicano.com\/wp-content\/uploads\/2024\/07\/image_6487327-1.jpg 1600w\" sizes=\"auto, (max-width: 1024px) 100vw, 1024px\" \/><\/figure>\n\n\n\n<p>La distinci\u00f3n entregada en el cierre de las Fiestas Patronales Santiago Ap\u00f3stol&nbsp; \u00b4El Mayor \u00b4\u00b4&nbsp; y en celebraci\u00f3n de los 529 a\u00f1os de la ciudad de Santiago de los Caballeros, fue entregada por el Obispo Auxiliar Monse\u00f1or Tom\u00e1s Morel y miembros del Comit\u00e9 Permanentes de la festividad.<\/p>\n\n\n\n<p>En el reconocimientos al Ateneo Amantes de la Luz, fundador el insigne maestro Manuel de Jes\u00fas Pe\u00f1a y Reinoso el 4&nbsp; de junio de 1874, sostiene que ; \u00b4\u00b4 Por sus invaluables aportes a la promoci\u00f3n de la Cultura, la Educaci\u00f3n y las Artes en la ciudad de Santiguo y el pa\u00eds durante 150 a\u00f1os de historia, as\u00ed como pionera biblioteca p\u00fablica y trascendente patrimonio de todos los dominicanos\u00b4\u00b4.<\/p>\n\n\n\n<figure class=\"wp-block-image size-large\"><img loading=\"lazy\" decoding=\"async\" width=\"1024\" height=\"678\" src=\"https:\/\/diariodominicano.com\/wp-content\/uploads\/2024\/07\/image_6487327-2-1024x678.jpg\" alt=\"\" class=\"wp-image-548175\" srcset=\"https:\/\/diariodominicano.com\/wp-content\/uploads\/2024\/07\/image_6487327-2-1024x678.jpg 1024w, https:\/\/diariodominicano.com\/wp-content\/uploads\/2024\/07\/image_6487327-2-300x199.jpg 300w, https:\/\/diariodominicano.com\/wp-content\/uploads\/2024\/07\/image_6487327-2-768x508.jpg 768w, https:\/\/diariodominicano.com\/wp-content\/uploads\/2024\/07\/image_6487327-2-1536x1017.jpg 1536w, https:\/\/diariodominicano.com\/wp-content\/uploads\/2024\/07\/image_6487327-2-816x540.jpg 816w, https:\/\/diariodominicano.com\/wp-content\/uploads\/2024\/07\/image_6487327-2.jpg 1600w\" sizes=\"auto, (max-width: 1024px) 100vw, 1024px\" \/><\/figure>\n\n\n\n<p>En tanto el de la sociedad cultural Alianza Cibae\u00f1a , ideada &nbsp;el 22 de agosto de 1884 por el m\u00e1s grande orador dominicano, Eugenio Deschamps- sobrino de Pe\u00f1a Reinoso- sostiene la distinci\u00f3n por ; \u00b4Por ser un baluarte cultural y de acervo bibliotecario con 140 a\u00f1os de legado transformador , desde la Ciudad Coraz\u00f3n y la &nbsp;regi\u00f3n Norte, que impacta al pa\u00eds con su visionaria misi\u00f3n \u00b4\u00b4.<\/p>\n\n\n\n<p>Awilda Reyes y Janet Rodr\u00edguez dieron lectura a los reconocimientos, en representaci\u00f3n del Comit\u00e9 Permanente de las Fiestas Patronales, integrado por distintas organizaciones del sector p\u00fablico y privado.&nbsp;&nbsp;<\/p>\n\n\n\n<p>La Gobernaci\u00f3n y la Alcald\u00eda de Santiago respaldaron la festividad durante todo el mes de julio, que tuvo como lema: \u00b4Un pueblo que ora y celebra su identidad\u00b4\u00b4&nbsp;<\/p>\n\n\n\n<p>El periodista Carlos Manuel Estrella, presidente de la Ateneo y el gestor cultural Jhonny Guerrero, presidente de la Alianza, recibieron el homenaje en nombre de sus respectivas directivas, al tiempo de referirse a las ideas y aportes de sus visionarios fundadores.<\/p>\n\n\n\n<p>El acto conducido por Grissel Genao, se realiz\u00f3 luego de la Solemne Eucarist\u00eda de Ap\u00f3stol Santiago y previo al cierre de las fiestas en su versi\u00f3n 2024, amenizada por el merenguero t\u00edpico El Prodigio y la S\u00faper Banda.\u00a0<\/p>\n\n\n\n<p>Fior D \u0301Aliza Taveras<\/p>\n\n\n\n<p><a target=\"_blank\" href=\"mailto:fiordalizataverasp@gmail.com\" rel=\"noreferrer noopener\">fiordalizataverasp@gmail.com<\/a><\/p>\n\n\n\n<p><strong>Santiago julio 2024<\/strong><\/p>\n","protected":false},"excerpt":{"rendered":"<p>Son las bibliotecas p\u00fablicas m\u00e1s antiguas de Rep\u00fablica Dominicana SANTIAGO, RD.-\u00a0\u00a0Por sus valiosos aportes a la sociedad dominicana a trav\u00e9s de la cultura, arte y educaci\u00f3n, la Catedral, la Arquidi\u00f3cesis de Santiago , en ocasi\u00f3n de las Fiestas Patronales 2024 reconocieron a las entidades centenarias Ateneo Amantes de la Luz y Alianza Cibae\u00f1a,\u00a0 las cuales [&hellip;]<\/p>\n","protected":false},"author":28,"featured_media":548172,"comment_status":"closed","ping_status":"closed","sticky":true,"template":"","format":"standard","meta":{"footnotes":""},"categories":[21,36,26,27],"tags":[],"class_list":["post-548171","post","type-post","status-publish","format-standard","has-post-thumbnail","hentry","category-cultura","category-hombresmujeresycosas","category-efemerides","category-portada"],"_links":{"self":[{"href":"https:\/\/diariodominicano.com\/index.php?rest_route=\/wp\/v2\/posts\/548171","targetHints":{"allow":["GET"]}}],"collection":[{"href":"https:\/\/diariodominicano.com\/index.php?rest_route=\/wp\/v2\/posts"}],"about":[{"href":"https:\/\/diariodominicano.com\/index.php?rest_route=\/wp\/v2\/types\/post"}],"author":[{"embeddable":true,"href":"https:\/\/diariodominicano.com\/index.php?rest_route=\/wp\/v2\/users\/28"}],"replies":[{"embeddable":true,"href":"https:\/\/diariodominicano.com\/index.php?rest_route=%2Fwp%2Fv2%2Fcomments&post=548171"}],"version-history":[{"count":3,"href":"https:\/\/diariodominicano.com\/index.php?rest_route=\/wp\/v2\/posts\/548171\/revisions"}],"predecessor-version":[{"id":548179,"href":"https:\/\/diariodominicano.com\/index.php?rest_route=\/wp\/v2\/posts\/548171\/revisions\/548179"}],"wp:featuredmedia":[{"embeddable":true,"href":"https:\/\/diariodominicano.com\/index.php?rest_route=\/wp\/v2\/media\/548172"}],"wp:attachment":[{"href":"https:\/\/diariodominicano.com\/index.php?rest_route=%2Fwp%2Fv2%2Fmedia&parent=548171"}],"wp:term":[{"taxonomy":"category","embeddable":true,"href":"https:\/\/diariodominicano.com\/index.php?rest_route=%2Fwp%2Fv2%2Fcategories&post=548171"},{"taxonomy":"post_tag","embeddable":true,"href":"https:\/\/diariodominicano.com\/index.php?rest_route=%2Fwp%2Fv2%2Ftags&post=548171"}],"curies":[{"name":"wp","href":"https:\/\/api.w.org\/{rel}","templated":true}]}}