{"id":548133,"date":"2024-07-27T23:40:47","date_gmt":"2024-07-28T03:40:47","guid":{"rendered":"https:\/\/diariodominicano.com\/?p=548133"},"modified":"2024-07-27T23:40:51","modified_gmt":"2024-07-28T03:40:51","slug":"cuba-agradece-afecto-y-apoyo-a-revolucion-en-aniversario-del-moncada","status":"publish","type":"post","link":"https:\/\/diariodominicano.com\/?p=548133","title":{"rendered":"Cuba agradece afecto y apoyo a Revoluci\u00f3n en aniversario del Moncada"},"content":{"rendered":"\n<p>La Habana, 27 jul (Prensa Latina) El ministro de Relaciones Exteriores de Cuba, Bruno Rodr\u00edguez, agradeci\u00f3 hoy el apoyo a la Revoluci\u00f3n Cubana, expresado por l\u00edderes y personalidades mundiales en ocasi\u00f3n del aniversario 71 de la gesta del Moncada.<\/p>\n\n\n\n<ul class=\"wp-block-list\">\n<li><a href=\"https:\/\/www.prensa-latina.cu\/2024\/07\/27\/\"><time>julio 27, 2024 | 09:11<\/time><\/a><\/li>\n<\/ul>\n\n\n\n<ul class=\"wp-block-list\">\n<li><a href=\"https:\/\/www.prensa-latina.cu\/2024\/07\/27\/cuba-agradece-afecto-y-apoyo-a-revolucion-en-aniversario-del-moncada\/#\"><\/a><\/li>\n\n\n\n<li><a href=\"https:\/\/www.prensa-latina.cu\/2024\/07\/27\/cuba-agradece-afecto-y-apoyo-a-revolucion-en-aniversario-del-moncada\/#\"><\/a><\/li>\n\n\n\n<li><a href=\"https:\/\/www.prensa-latina.cu\/2024\/07\/27\/cuba-agradece-afecto-y-apoyo-a-revolucion-en-aniversario-del-moncada\/#\"><\/a><\/li>\n\n\n\n<li><a href=\"https:\/\/www.prensa-latina.cu\/2024\/07\/27\/cuba-agradece-afecto-y-apoyo-a-revolucion-en-aniversario-del-moncada\/#\"><\/a><\/li>\n<\/ul>\n\n\n\n<p>En su cuenta de X, el canciller destac\u00f3 las muestras de afecto y apoyo al proceso revolucionario, triunfante en la isla en enero de 1959, expresadas este 26 de julio por parte de l\u00edderes de varios gobiernos, organizaciones, personalidades y amigos de Cuba.<\/p>\n\n\n\n<p>Desde diversas regiones del mundo llegaron mensajes de felicitaci\u00f3n al pueblo cubano por la celebraci\u00f3n del D\u00eda de la Rebeld\u00eda Nacional que se conmemor\u00f3 la v\u00edspera.<\/p>\n\n\n\n<p>El presidente venezolano, Nicol\u00e1s Maduro, y el nicarag\u00fcense, Daniel Ortega, junto a la vicemandataria de ese pa\u00eds centroamericano, Rosario Murillo, y otros l\u00edderes de la Alianza Bolivariana para los Pueblos de Am\u00e9rica-Tratado de Comercio de los Pueblos (ALBA-TCP), realzaron la importancia del acontecimiento hist\u00f3rico.<\/p>\n\n\n\n<p>De acuerdo con un comunicado del bloque de integraci\u00f3n regional \u201cla rebeld\u00eda del pueblo cubano incendi\u00f3 la pradera de la libertad, de la mano de Fidel Castro para cambiar la historia, con Jos\u00e9 Mart\u00ed como autor intelectual de aquella haza\u00f1a\u201d.<\/p>\n\n\n\n<p>Desde Vietnam, Rusia, China, Hungr\u00eda, Argentina llegaron mensajes de reconocimiento a la isla por parte de l\u00edderes pol\u00edticos, movimientos sociales y agrupaciones de solidaridad con las causas de la isla antillana.<\/p>\n\n\n\n<p>La v\u00edspera, en la central provincia de Santi Esp\u00edritus, tuvo lugar el acto conmemorativo por la efem\u00e9rides que recuerda el asalto a las fortalezas militares Carlos Manuel de C\u00e9spedes (Granma), y Moncada, (Santiago de Cuba), ambas en el oriente cubano.<\/p>\n\n\n\n<p>El l\u00edder de la Revoluci\u00f3n cubana Ra\u00fal Castro y el presidente Miguel D\u00edaz-Canel encabezaron la concentraci\u00f3n de unos cinco mil espirituanos en la Plaza de la Revoluci\u00f3n Mayor General Seraf\u00edn S\u00e1nchez Valdivia.<\/p>\n\n\n\n<p>En el c\u00f3nclave estaban presentes tambi\u00e9n una delegaci\u00f3n de Vietnam, e integrantes de la brigada europea Jos\u00e9 Mart\u00ed de trabajo voluntario y solidaridad con Cuba y la Juan Rius Rivera, de Puerto Rico, as\u00ed como la brigada Venceremos, de Estados Unidos.<\/p>\n\n\n\n<p>Asistieron, adem\u00e1s, una delegaci\u00f3n de cubanoamericanos de la Sociedad Cultural Jos\u00e9 Mart\u00ed, un grupo afronorteamericano de solidaridad con la isla, y estudiantes extranjeros reci\u00e9n egresados de la Universidad de Ciencias M\u00e9dicas de esta ciudad.<\/p>\n\n\n\n<p>rgh\/lld<\/p>\n","protected":false},"excerpt":{"rendered":"<p>La Habana, 27 jul (Prensa Latina) El ministro de Relaciones Exteriores de Cuba, Bruno Rodr\u00edguez, agradeci\u00f3 hoy el apoyo a la Revoluci\u00f3n Cubana, expresado por l\u00edderes y personalidades mundiales en ocasi\u00f3n del aniversario 71 de la gesta del Moncada. En su cuenta de X, el canciller destac\u00f3 las muestras de afecto y apoyo al proceso [&hellip;]<\/p>\n","protected":false},"author":28,"featured_media":548134,"comment_status":"closed","ping_status":"closed","sticky":false,"template":"","format":"standard","meta":{"footnotes":""},"categories":[26,23],"tags":[],"class_list":["post-548133","post","type-post","status-publish","format-standard","has-post-thumbnail","hentry","category-efemerides","category-internacional"],"_links":{"self":[{"href":"https:\/\/diariodominicano.com\/index.php?rest_route=\/wp\/v2\/posts\/548133","targetHints":{"allow":["GET"]}}],"collection":[{"href":"https:\/\/diariodominicano.com\/index.php?rest_route=\/wp\/v2\/posts"}],"about":[{"href":"https:\/\/diariodominicano.com\/index.php?rest_route=\/wp\/v2\/types\/post"}],"author":[{"embeddable":true,"href":"https:\/\/diariodominicano.com\/index.php?rest_route=\/wp\/v2\/users\/28"}],"replies":[{"embeddable":true,"href":"https:\/\/diariodominicano.com\/index.php?rest_route=%2Fwp%2Fv2%2Fcomments&post=548133"}],"version-history":[{"count":1,"href":"https:\/\/diariodominicano.com\/index.php?rest_route=\/wp\/v2\/posts\/548133\/revisions"}],"predecessor-version":[{"id":548135,"href":"https:\/\/diariodominicano.com\/index.php?rest_route=\/wp\/v2\/posts\/548133\/revisions\/548135"}],"wp:featuredmedia":[{"embeddable":true,"href":"https:\/\/diariodominicano.com\/index.php?rest_route=\/wp\/v2\/media\/548134"}],"wp:attachment":[{"href":"https:\/\/diariodominicano.com\/index.php?rest_route=%2Fwp%2Fv2%2Fmedia&parent=548133"}],"wp:term":[{"taxonomy":"category","embeddable":true,"href":"https:\/\/diariodominicano.com\/index.php?rest_route=%2Fwp%2Fv2%2Fcategories&post=548133"},{"taxonomy":"post_tag","embeddable":true,"href":"https:\/\/diariodominicano.com\/index.php?rest_route=%2Fwp%2Fv2%2Ftags&post=548133"}],"curies":[{"name":"wp","href":"https:\/\/api.w.org\/{rel}","templated":true}]}}