{"id":54806,"date":"2020-03-14T01:13:38","date_gmt":"2020-03-14T01:13:38","guid":{"rendered":"http:\/\/diariodominicano.ddns.net\/?p=54806"},"modified":"2020-03-14T01:13:38","modified_gmt":"2020-03-14T01:13:38","slug":"carolina-mejia-se-compromete-con-frente-cultural-prm-a-rescatar-cultura-rd","status":"publish","type":"post","link":"https:\/\/diariodominicano.com\/?p=54806","title":{"rendered":"Carolina Mej\u00eda se compromete con Frente Cultural PRM  a rescatar cultura RD&#13;"},"content":{"rendered":"<p><body><\/p>\n<p><img decoding=\"async\" src=\"img3\/luis abinader jura13032020.jpg\" \/><br \/><img decoding=\"async\" src=\"img3\/luis a1303.jpg\" \/>  <\/p>\n<p><strong>Diariodominicano.com<\/strong><\/p>\n<p><strong>Providencia Rossi<\/strong><\/p>\n<p><strong> Carolina Mej\u00eda se compromete con Frente Cultural PRM  a rescatar cultura RD<\/strong><\/p>\n<\/p>\n<p><strong> <\/strong><\/p>\n<p><strong>Santo Domingo.<\/strong> El Frente Cultural del Partido Revolucionario Moderno (PRM) y Carolina Mej\u00eda, candidata a la alcald\u00eda por  Santo Domingo, firmaron una  alianza estrat\u00e9gica con el objetivo de rescatar la cultura y enriquecer los trabajos art\u00edsticos y  culturales en el  Distrito Nacional.<\/p>\n<\/p>\n<p>Temas  puntuales como el carnaval, los premios literarios, las Bandas de M\u00fasica, la Danza Popular y el rescate a la calle el Conde, enfocados en mejorar la relaci\u00f3n ayuntamiento-artistas y con el objetivo de ofrecer actividades art\u00edsticas en favor del pueblo y dotar de mayor atractivo tur\u00edstico a la ciudad Primada de Am\u00e9rica, fueron presentados a Carolina Mej\u00eda, por los m\u00e1ximos representantes del Frente Cultural del PRM, durante un encuentro encabezados por el poeta Tony Raf\u00fal,  Carmen Heredia y Fernando Berroa.<\/p>\n<\/p>\n<p>Al ofrecer su apoyo a las aspiraciones  de Mej\u00eda para dirigir el cabildo capitale\u00f1o, el Frente Cultural resumi\u00f3 las principales dificultades por las que atraviesa el sector art\u00edstico y cultural del pa\u00eds en estos momentos, \u00abestamos aportando propuestas viables en favor de acercar la cultura al pueblo, y el pueblo a la cultura, en pos de lograr el m\u00e1ximo esplendor de la rica y variada cultura dominicana\u00bb, destac\u00f3 Raf\u00fal durante el encuentro sostenido entre Carolina Mej\u00eda e importantes exponente del arte y la cultura criolla.<\/p>\n<\/p>\n<p>El Frente Cultural es el \u00f3rgano oficial del PRM y la candidatura de Luis Abinader en materia de arte y cultura. Entre los representantes de los diferentes sectores que asistieron al encuentro adem\u00e1s de Raf\u00fal, Heredia y Berroa, participaron importantes figuras del arte nacional, como Guillermo Liriano (Estatuas vivas), Imgard Despradel (Danza), Silvio Mart\u00ednez (Carnaval), Alicia Baroni (compositora), Mariano Landor (Cantante-m\u00fasico), Sarah Espinal (Gestora cultura), Pablo Clark (ni\u00f1os especiales), Guillermo Cordero (core\u00f3grafo y productor de espect\u00e1culo), Gracielina Olivero (Danza, m\u00fasica y producci\u00f3n de eventos), entre otros, quienes  expusieron proyectos , inquietudes y l\u00edneas de trabajo.<\/p>\n<\/p>\n<p>Carolina Mej\u00eda agradeci\u00f3 al Frente cultural del PRM, por su apoyo al momento de comprometerse a trabajar en favor de la cultura y el arte dominicano, \u00abMe siento  particularmente sensible con el tema, debido a que mi hija es cantante y bailarina, eso ha afinado mi particular sensibilidad y ayudado a comprender a\u00fan m\u00e1s a los artistas, por lo que tengo el firme prop\u00f3sito de favorecer y apoyar a los artistas de las diferentes \u00e1reas   en cada uno de sus proyectos\u00bb, destac\u00f3 la candidata a la alcald\u00eda del<\/p>\n<\/p>\n<p>Distrito Nacional por el Partido Revolucionario Moderno, al hablar frente a los artistas y gestores culturales agrupados en el Frente Cultural que trabaja en favor de la candidatura presidencial del licenciado Luis Abinader y que adem\u00e1s apoya las candidaturas a alcaldes de Santo Domingo Este, en la persona de Manuel Jim\u00e9nez y Ulises Rodr\u00edguez en Santiago.<\/p>\n<\/p>\n<h6> 2020-03-14 01:13:38 <\/h6>\n<p><!--\n<link rel=\"stylesheet\" href=\"css\/bootstrap.min.css\">\n\n\n<ul class=\"pagination\">\n\t    \n\t\n\n<li >\n\t<a href='?page_no=690'>Previous<\/a>\n\t<\/li>\n\n\n       \n    \n\n<li><a href='?page_no=1'>1<\/a><\/li>\n\n\n\n<li><a href='?page_no=2'>2<\/a><\/li>\n\n\n\n<li><a>...<\/a><\/li>\n\n\n\n<li><a href='?page_no=689'>689<\/a><\/li>\n\n\n\n<li><a href='?page_no=690'>690<\/a><\/li>\n\n\n\n<li class='active'><a>691<\/a><\/li>\n\n\n\n<li><a href='?page_no=692'>692<\/a><\/li>\n\n\n\n<li><a href='?page_no=693'>693<\/a><\/li>\n\n\n\n<li><a>...<\/a><\/li>\n\n\n\n<li><a href='?page_no=22911'>22911<\/a><\/li>\n\n\n\n<li><a href='?page_no=22912'>22912<\/a><\/li>\n\n    \n\t\n\n<li >\n\t<a href='?page_no=692'>Next<\/a>\n\t<\/li>\n\n\n    \n\n<li><a href='?page_no=22912'>Last &rsaquo;&rsaquo;<\/a><\/li>\n\n<\/ul>\n\n\n--><br \/>\n<\/body><\/p>\n","protected":false},"excerpt":{"rendered":"<p>Diariodominicano.com Providencia Rossi Carolina Mej\u00eda se compromete con Frente Cultural PRM a rescatar cultura RD Santo Domingo. El Frente Cultural del Partido Revolucionario Moderno (PRM) y Carolina Mej\u00eda, candidata a la alcald\u00eda por Santo Domingo, firmaron una alianza estrat\u00e9gica con el objetivo de rescatar la cultura y enriquecer los trabajos art\u00edsticos y culturales en el [&hellip;]<\/p>\n","protected":false},"author":3,"featured_media":0,"comment_status":"open","ping_status":"open","sticky":false,"template":"","format":"standard","meta":{"footnotes":""},"categories":[21],"tags":[],"class_list":["post-54806","post","type-post","status-publish","format-standard","hentry","category-cultura"],"_links":{"self":[{"href":"https:\/\/diariodominicano.com\/index.php?rest_route=\/wp\/v2\/posts\/54806","targetHints":{"allow":["GET"]}}],"collection":[{"href":"https:\/\/diariodominicano.com\/index.php?rest_route=\/wp\/v2\/posts"}],"about":[{"href":"https:\/\/diariodominicano.com\/index.php?rest_route=\/wp\/v2\/types\/post"}],"author":[{"embeddable":true,"href":"https:\/\/diariodominicano.com\/index.php?rest_route=\/wp\/v2\/users\/3"}],"replies":[{"embeddable":true,"href":"https:\/\/diariodominicano.com\/index.php?rest_route=%2Fwp%2Fv2%2Fcomments&post=54806"}],"version-history":[{"count":0,"href":"https:\/\/diariodominicano.com\/index.php?rest_route=\/wp\/v2\/posts\/54806\/revisions"}],"wp:attachment":[{"href":"https:\/\/diariodominicano.com\/index.php?rest_route=%2Fwp%2Fv2%2Fmedia&parent=54806"}],"wp:term":[{"taxonomy":"category","embeddable":true,"href":"https:\/\/diariodominicano.com\/index.php?rest_route=%2Fwp%2Fv2%2Fcategories&post=54806"},{"taxonomy":"post_tag","embeddable":true,"href":"https:\/\/diariodominicano.com\/index.php?rest_route=%2Fwp%2Fv2%2Ftags&post=54806"}],"curies":[{"name":"wp","href":"https:\/\/api.w.org\/{rel}","templated":true}]}}