{"id":54795,"date":"2020-03-14T13:31:25","date_gmt":"2020-03-14T13:31:25","guid":{"rendered":"http:\/\/diariodominicano.ddns.net\/?p=54795"},"modified":"2020-03-14T13:31:25","modified_gmt":"2020-03-14T13:31:25","slug":"lo-ultimo-italia-cierra-los-parques-por-el-coronavirus","status":"publish","type":"post","link":"https:\/\/diariodominicano.com\/?p=54795","title":{"rendered":"LO \u00daLTIMO: Italia cierra los parques por el coronavirus"},"content":{"rendered":"<p><body><\/p>\n<p><img decoding=\"async\" src=\"img3\/ital111.jpg\" \/>  <\/p>\n<p>LO \u00daLTIMO: Italia cierra los parques por el coronavirus<\/p>\n<\/p>\n<p>The Associated Press<\/p>\n<\/p>\n<p>today<\/p>\n<\/p>\n<p>Una mujer toma una fotograf\u00eda de la Plaza de Espa\u00f1a, en Roma, vac\u00eda por la cuarentena impuesta para combatir un brote de coronavirus, el 13 de marzo de 2020. (Mauro Scrobogna\/LaPresse via AP)<\/p>\n<\/p>\n<p>Los \u00faltimos acontecimientos relacionados con la propagaci\u00f3n del coronavirus a nivel mundial:<\/p>\n<\/p>\n<p>___<\/p>\n<\/p>\n<p>Confinados en sus casas la mayor parte del d\u00eda por una estricta cuarentena para luchar contra el coronavirus, millones de italianos se despertaron el s\u00e1bado con la noticia de que no pod\u00edan disfrutar ya de unos los pocos placeres que les quedaban: dar un paseo por el parque.<\/p>\n<\/p>\n<p>Los alcaldes de muchas ciudades, incluyendo Roma y Mil\u00e1n, decidieron el viernes en la noche cerrar los parques p\u00fablicos. Las autoridades sanitarias lamentaron que mucha gente se reuniese all\u00ed, ya fuese para jugar al f\u00fatbol o para correr juntos.<\/p>\n<\/p>\n<p>Seg\u00fan el decreto gubernamental emitido a principios de semana, la gente pod\u00eda pasea, correr o andar en bicicleta por los parques siempre y cuando mantuviesen la distancia de seguridad de un metro entre ellos. Pero no todo el mundo cumpl\u00eda la norma.<\/p>\n<\/p>\n<p>Entre los parques clausurados estaba Villa Pamphilj, una amplia extensi\u00f3n de terreno con pinos y palmeras en los antiguos terrenos de una familia noble de Roma. Italia registra el peor brote de coronavirus fuera de China.<\/p>\n<\/p>\n<p>___<\/p>\n<\/p>\n<p>El gobierno de Espa\u00f1a se reunir\u00e1 el s\u00e1bado en la ma\u00f1ana para declarar el estado de emergencia por dos semanas y anunciar nuevas medidas para controlar el brote de coronavirus en el pa\u00eds, que se ha disparado en los \u00faltimos d\u00edas hasta superar los 4.000 casos.<\/p>\n<\/p>\n<p>Esta medida permitir\u00e1 al gobierno limitar la libre circulaci\u00f3n, confiscar bienes y asumir el control de industrias e instalaciones privadas, incluyendo hospitales.<\/p>\n<\/p>\n<p>Los bares, restaurantes y tiendas no esenciales estaban cerradas desde el s\u00e1bado en Madrid, donde se concentran alrededor de la mitad de los contagios, y en Catalu\u00f1a, en el noreste del pa\u00eds.<\/p>\n<\/p>\n<p>___<\/p>\n<\/p>\n<p>El primer ministro de Corea del Sur dijo que la guerra del pa\u00eds contra el coronavirus se est\u00e1 ampliando a pesar del importante descenso en el n\u00famero de nuevos casos.<\/p>\n<\/p>\n<p>Pidi\u00f3 m\u00e1s vigilancia tras la aparici\u00f3n de focos de infecci\u00f3n en varias zonas, incluida la capital, Se\u00fal, y advirti\u00f3 acerca de la posibilidad de que el virus vuelva a entrar al pa\u00eds desde el extranjero a medida que se agravan los brotes en Occidente.<\/p>\n<\/p>\n<p>Los comentarios de Chung Se-kyun durante una reuni\u00f3n de su gobierno el s\u00e1bado coincidieron con un descenso de las infecciones en Daegu, la ciudad m\u00e1s afectada, que report\u00f3 incrementos diarios de entre 60 y 70 casos apenas una sema despu\u00e9s de registrar una media de 500 nuevos diagn\u00f3sticos al d\u00eda.<\/p>\n<\/p>\n<p>Corea del Sur report\u00f3 117 nuevos casos y cinco v\u00edctimas mortales, para un total de 8.086 enfermos de COVID-19, la enfermedad provocada por el virus, y 72 decesos.<\/p>\n<h6> 2020-03-14 13:31:25 <\/h6>\n<p><!--\n<link rel=\"stylesheet\" href=\"css\/bootstrap.min.css\">\n\n\n<ul class=\"pagination\">\n\t    \n\t\n\n<li >\n\t<a href='?page_no=689'>Previous<\/a>\n\t<\/li>\n\n\n       \n    \n\n<li><a href='?page_no=1'>1<\/a><\/li>\n\n\n\n<li><a href='?page_no=2'>2<\/a><\/li>\n\n\n\n<li><a>...<\/a><\/li>\n\n\n\n<li><a href='?page_no=688'>688<\/a><\/li>\n\n\n\n<li><a href='?page_no=689'>689<\/a><\/li>\n\n\n\n<li class='active'><a>690<\/a><\/li>\n\n\n\n<li><a href='?page_no=691'>691<\/a><\/li>\n\n\n\n<li><a href='?page_no=692'>692<\/a><\/li>\n\n\n\n<li><a>...<\/a><\/li>\n\n\n\n<li><a href='?page_no=22911'>22911<\/a><\/li>\n\n\n\n<li><a href='?page_no=22912'>22912<\/a><\/li>\n\n    \n\t\n\n<li >\n\t<a href='?page_no=691'>Next<\/a>\n\t<\/li>\n\n\n    \n\n<li><a href='?page_no=22912'>Last &rsaquo;&rsaquo;<\/a><\/li>\n\n<\/ul>\n\n\n--><br \/>\n<\/body><\/p>\n","protected":false},"excerpt":{"rendered":"<p>LO \u00daLTIMO: Italia cierra los parques por el coronavirus The Associated Press today Una mujer toma una fotograf\u00eda de la Plaza de Espa\u00f1a, en Roma, vac\u00eda por la cuarentena impuesta para combatir un brote de coronavirus, el 13 de marzo de 2020. (Mauro Scrobogna\/LaPresse via AP) Los \u00faltimos acontecimientos relacionados con la propagaci\u00f3n del coronavirus [&hellip;]<\/p>\n","protected":false},"author":3,"featured_media":0,"comment_status":"open","ping_status":"open","sticky":false,"template":"","format":"standard","meta":{"footnotes":""},"categories":[21],"tags":[],"class_list":["post-54795","post","type-post","status-publish","format-standard","hentry","category-cultura"],"_links":{"self":[{"href":"https:\/\/diariodominicano.com\/index.php?rest_route=\/wp\/v2\/posts\/54795","targetHints":{"allow":["GET"]}}],"collection":[{"href":"https:\/\/diariodominicano.com\/index.php?rest_route=\/wp\/v2\/posts"}],"about":[{"href":"https:\/\/diariodominicano.com\/index.php?rest_route=\/wp\/v2\/types\/post"}],"author":[{"embeddable":true,"href":"https:\/\/diariodominicano.com\/index.php?rest_route=\/wp\/v2\/users\/3"}],"replies":[{"embeddable":true,"href":"https:\/\/diariodominicano.com\/index.php?rest_route=%2Fwp%2Fv2%2Fcomments&post=54795"}],"version-history":[{"count":0,"href":"https:\/\/diariodominicano.com\/index.php?rest_route=\/wp\/v2\/posts\/54795\/revisions"}],"wp:attachment":[{"href":"https:\/\/diariodominicano.com\/index.php?rest_route=%2Fwp%2Fv2%2Fmedia&parent=54795"}],"wp:term":[{"taxonomy":"category","embeddable":true,"href":"https:\/\/diariodominicano.com\/index.php?rest_route=%2Fwp%2Fv2%2Fcategories&post=54795"},{"taxonomy":"post_tag","embeddable":true,"href":"https:\/\/diariodominicano.com\/index.php?rest_route=%2Fwp%2Fv2%2Ftags&post=54795"}],"curies":[{"name":"wp","href":"https:\/\/api.w.org\/{rel}","templated":true}]}}