{"id":54794,"date":"2020-11-08T20:11:58","date_gmt":"2020-11-08T20:11:58","guid":{"rendered":"http:\/\/diariodominicano.ddns.net\/?p=54794"},"modified":"2020-11-08T20:11:58","modified_gmt":"2020-11-08T20:11:58","slug":"el-dia-que-se-confirmo-la-muerte-por-suicidio-del-ex-presidente-cesareo-guillermo","status":"publish","type":"post","link":"https:\/\/diariodominicano.com\/?p=54794","title":{"rendered":"El d\u00eda que se confirm\u00f3 la muerte por suicidio del ex presidente Ces\u00e1reo Guillermo"},"content":{"rendered":"<p><body><\/p>\n<p><img decoding=\"async\" src=\"img3\/guillermo0011.jpg\" \/>  <\/p>\n<p><strong>Diariodominicano.com<\/strong><\/p>\n<p><strong>El d\u00eda que se confirm\u00f3 la muerte por suicidio del ex presidente Ces\u00e1reo Guillermo<\/strong><\/p>\n<p><strong> Una versi\u00f3n da cuenta de que se suicid\u00f3 en el momento que era perseguido de cerca por tropas del Gobierno del Presidente Alejandro Woss y  Gil.<\/strong><\/p>\n<p><strong>Por HTN<\/strong><\/p>\n<p><strong>Diariodominicano.com<\/strong><\/p>\n<p><strong>AZUA,  8 de noviembre de 1885<\/strong>, se suicid\u00f3 en Azua, el ex Presidente General Ces\u00e1reo Guillermo.<\/p>\n<\/p>\n<p>    Una versi\u00f3n da cuenta de que se suicid\u00f3 en el momento que era perseguido de cerca por tropas del Gobierno del Presidente Alejandro Woss y  Gil.<\/p>\n<\/p>\n<p>     El ex Presidente  Guillermo hab\u00eda nacido el 8 de marzo de 1847, en la Roda, Hato Mayor.<\/p>\n<\/p>\n<p>     Fueron sus padres Pedro Guillermo, quien ocup\u00f3 la Presidencia de la Rep\u00fablica Dominicana del 15 de noviembre al 8 de diciembre de 1865, y la se\u00f1ora Rosal\u00eda Bastardo.<\/p>\n<\/p>\n<p>    Ces\u00e1reo Guillermo ingres\u00f3 a la vida militar en el a\u00f1o 1863 y antes de ser Presidente de la Rep\u00fablica ocup\u00f3 varias funciones p\u00fablicas, incluidos los cargos de diputado y  Ministro de Interior y Polic\u00eda.<\/p>\n<\/p>\n<p>    Fue una figura importante en el Partido Rojo que lider\u00f3 Buenaventura B\u00e1ez y un adversario de los l\u00edderes del Partido Azul, general Gregorio Luper\u00f3n y otros.<\/p>\n<\/p>\n<p>    Ces\u00e1reo Guillermo fue Presidente de la Rep\u00fablica durante el per\u00edodo del 5 de marzo al 6 de julio de 1878 y del 30 de septiembre al 6 de diciembre de 1879.<\/p>\n<\/p>\n<h6> 2020-11-08 20:11:58 <\/h6>\n<p><!--\n<link rel=\"stylesheet\" href=\"css\/bootstrap.min.css\">\n\n\n<ul class=\"pagination\">\n\t    \n\t\n\n<li >\n\t<a href='?page_no=68'>Previous<\/a>\n\t<\/li>\n\n\n       \n    \n\n<li><a href='?page_no=1'>1<\/a><\/li>\n\n\n\n<li><a href='?page_no=2'>2<\/a><\/li>\n\n\n\n<li><a>...<\/a><\/li>\n\n\n\n<li><a href='?page_no=67'>67<\/a><\/li>\n\n\n\n<li><a href='?page_no=68'>68<\/a><\/li>\n\n\n\n<li class='active'><a>69<\/a><\/li>\n\n\n\n<li><a href='?page_no=70'>70<\/a><\/li>\n\n\n\n<li><a href='?page_no=71'>71<\/a><\/li>\n\n\n\n<li><a>...<\/a><\/li>\n\n\n\n<li><a href='?page_no=22911'>22911<\/a><\/li>\n\n\n\n<li><a href='?page_no=22912'>22912<\/a><\/li>\n\n    \n\t\n\n<li >\n\t<a href='?page_no=70'>Next<\/a>\n\t<\/li>\n\n\n    \n\n<li><a href='?page_no=22912'>Last &rsaquo;&rsaquo;<\/a><\/li>\n\n<\/ul>\n\n\n--><br \/>\n<\/body><\/p>\n","protected":false},"excerpt":{"rendered":"<p>Diariodominicano.com El d\u00eda que se confirm\u00f3 la muerte por suicidio del ex presidente Ces\u00e1reo Guillermo Una versi\u00f3n da cuenta de que se suicid\u00f3 en el momento que era perseguido de cerca por tropas del Gobierno del Presidente Alejandro Woss y Gil. Por HTN Diariodominicano.com AZUA, 8 de noviembre de 1885, se suicid\u00f3 en Azua, el [&hellip;]<\/p>\n","protected":false},"author":3,"featured_media":0,"comment_status":"open","ping_status":"open","sticky":false,"template":"","format":"standard","meta":{"footnotes":""},"categories":[21],"tags":[],"class_list":["post-54794","post","type-post","status-publish","format-standard","hentry","category-cultura"],"_links":{"self":[{"href":"https:\/\/diariodominicano.com\/index.php?rest_route=\/wp\/v2\/posts\/54794","targetHints":{"allow":["GET"]}}],"collection":[{"href":"https:\/\/diariodominicano.com\/index.php?rest_route=\/wp\/v2\/posts"}],"about":[{"href":"https:\/\/diariodominicano.com\/index.php?rest_route=\/wp\/v2\/types\/post"}],"author":[{"embeddable":true,"href":"https:\/\/diariodominicano.com\/index.php?rest_route=\/wp\/v2\/users\/3"}],"replies":[{"embeddable":true,"href":"https:\/\/diariodominicano.com\/index.php?rest_route=%2Fwp%2Fv2%2Fcomments&post=54794"}],"version-history":[{"count":0,"href":"https:\/\/diariodominicano.com\/index.php?rest_route=\/wp\/v2\/posts\/54794\/revisions"}],"wp:attachment":[{"href":"https:\/\/diariodominicano.com\/index.php?rest_route=%2Fwp%2Fv2%2Fmedia&parent=54794"}],"wp:term":[{"taxonomy":"category","embeddable":true,"href":"https:\/\/diariodominicano.com\/index.php?rest_route=%2Fwp%2Fv2%2Fcategories&post=54794"},{"taxonomy":"post_tag","embeddable":true,"href":"https:\/\/diariodominicano.com\/index.php?rest_route=%2Fwp%2Fv2%2Ftags&post=54794"}],"curies":[{"name":"wp","href":"https:\/\/api.w.org\/{rel}","templated":true}]}}