{"id":547897,"date":"2024-07-26T17:54:56","date_gmt":"2024-07-26T21:54:56","guid":{"rendered":"https:\/\/diariodominicano.com\/?p=547897"},"modified":"2024-07-27T00:42:21","modified_gmt":"2024-07-27T04:42:21","slug":"presiden-raul-castro-y-diaz-canel-acto-del-26-de-julio-en-cuba-fotos","status":"publish","type":"post","link":"https:\/\/diariodominicano.com\/?p=547897","title":{"rendered":"Presiden Ra\u00fal Castro y D\u00edaz-Canel acto del 26 de Julio en Cuba"},"content":{"rendered":"\n<p>Sancti Sp\u00edritus, Cuba, 26 jul (Prensa Latina) El l\u00edder de la Revoluci\u00f3n, General de Ej\u00e9rcito Ra\u00fal Castro, y el presidente de Cuba, Miguel D\u00edaz-Canel, encabezaron hoy aqu\u00ed el multitudinario acto central por el 26 de Julio, D\u00eda de la Rebeld\u00eda Nacional <\/p>\n\n\n\n<p>La Plaza de la Revoluci\u00f3n Mayor General Seraf\u00edn S\u00e1nchez Valdivia fue el escenario de la conmemoraci\u00f3n por el aniversario 71 del asalto a los cuarteles Moncada y Carlos Manuel de C\u00e9spedes y un lugar donde se honra al H\u00e9roe de las Tres Guerras de Independencia del siglo XIX.<\/p>\n\n\n\n<p><img loading=\"lazy\" decoding=\"async\" src=\"https:\/\/www.prensa-latina.cu\/wp-content\/uploads\/2024\/07\/Valdes-Mesa.jpg\" alt=\"\" width=\"1024\" height=\"709\" srcset=\"https:\/\/www.prensa-latina.cu\/wp-content\/uploads\/2024\/07\/Valdes-Mesa.jpg 1024w, https:\/\/www.prensa-latina.cu\/wp-content\/uploads\/2024\/07\/Valdes-Mesa-500x346.jpg 500w, https:\/\/www.prensa-latina.cu\/wp-content\/uploads\/2024\/07\/Valdes-Mesa-768x532.jpg 768w\">Salvador Vald\u00e9s Mesa, miembro del Bur\u00f3 Pol\u00edtico del Partido y vicepresidente cubano, quien tuvo a su cargo las palabras centrales, subray\u00f3 las consecuencias aparejadas al recrudecido bloqueo econ\u00f3mico, comercial y financiero del gobierno de Estados Unidos contra Cuba.<\/p>\n\n\n\n<p>Ponder\u00f3 los resultados econ\u00f3micos y sociales de los espirituanos, y dijo que \u201ccomo todo nuestro pueblo, han sabido estar, una vez m\u00e1s, a la altura de su gloriosa historia, que atesora un admirable legado de tradici\u00f3n de lucha desde la etapa colonial hasta el presente\u201d.<\/p>\n\n\n\n<p>M\u00e1s adelante, el vicepresidente cubano precis\u00f3 que \u201cSancti Sp\u00edritus tiene un lugar destacado en la guerra de liberaci\u00f3n y en la entrega de sus hijos a la Patria y a la construcci\u00f3n de la nueva sociedad, anticipada por Fidel en el programa del Moncada\u201d.<\/p>\n\n\n\n<p><img loading=\"lazy\" decoding=\"async\" src=\"https:\/\/www.prensa-latina.cu\/wp-content\/uploads\/2024\/07\/Deivy.jpg\" alt=\"\" width=\"1024\" height=\"680\" srcset=\"https:\/\/www.prensa-latina.cu\/wp-content\/uploads\/2024\/07\/Deivy.jpg 1024w, https:\/\/www.prensa-latina.cu\/wp-content\/uploads\/2024\/07\/Deivy-500x332.jpg 500w, https:\/\/www.prensa-latina.cu\/wp-content\/uploads\/2024\/07\/Deivy-768x510.jpg 768w\">Deivy P\u00e9rez, miembro del Comit\u00e9 Central del Partido Comunista de Cuba y primera secretaria en la provincia, resalt\u00f3 el esfuerzo del pueblo y se\u00f1al\u00f3 que Sancti Sp\u00edritus es tierra de mambises que seguir\u00e1n la Marcha, como pronunci\u00f3 herido de muerte Seraf\u00edn.<\/p>\n\n\n\n<p>\u201cHoy venimos aqu\u00ed para evocar la valent\u00eda de nuestros antepasados y reafirmar en presente el compromiso con los principios que han guiado a nuestros h\u00e9roes y m\u00e1rtires, como aquellos valerosos j\u00f3venes que tomaron la historia por asalto\u201d, puntualiz\u00f3.<\/p>\n\n\n\n<p>Asimismo, evoc\u00f3 a los tres valiosos hijos de esta tierra que participaron en la gesta del 26 de Julio de 1953, donde perdi\u00f3 la vida Reemberto Abad Alem\u00e1n, mientras que Antonio Dar\u00edo L\u00f3pez y Ricardo Santana sobrevivieron a la acci\u00f3n.<\/p>\n\n\n\n<figure class=\"wp-block-image\"><img decoding=\"async\" src=\"https:\/\/www.prensa-latina.cu\/wp-content\/uploads\/2024\/07\/Acto-1.jpg\" alt=\"\" class=\"wp-image-1087086\"\/><\/figure>\n\n\n\n<p>A Seraf\u00edn S\u00e1nchez, palad\u00edn espirituano, se dedic\u00f3 el primer bloque del acto que recre\u00f3 de manera art\u00edstica la batalla del Paso de las Damas donde cay\u00f3 en desigual combate el 18 de noviembre de 1896 el digno cubano, amigo entra\u00f1able del H\u00e9roe Nacional Jos\u00e9 Mart\u00ed.<\/p>\n\n\n\n<p>Al acto nacional asisti\u00f3, entre otros dirigentes del Estado y el Gobierno, el Comandante de la Revoluci\u00f3n Ramiro Vald\u00e9s.<\/p>\n","protected":false},"excerpt":{"rendered":"<p>Sancti Sp\u00edritus, Cuba, 26 jul (Prensa Latina) El l\u00edder de la Revoluci\u00f3n, General de Ej\u00e9rcito Ra\u00fal Castro, y el presidente de Cuba, Miguel D\u00edaz-Canel, encabezaron hoy aqu\u00ed el multitudinario acto central por el 26 de Julio, D\u00eda de la Rebeld\u00eda Nacional La Plaza de la Revoluci\u00f3n Mayor General Seraf\u00edn S\u00e1nchez Valdivia fue el escenario de [&hellip;]<\/p>\n","protected":false},"author":28,"featured_media":547898,"comment_status":"closed","ping_status":"closed","sticky":true,"template":"","format":"standard","meta":{"footnotes":""},"categories":[36,26,23,27],"tags":[],"class_list":["post-547897","post","type-post","status-publish","format-standard","has-post-thumbnail","hentry","category-hombresmujeresycosas","category-efemerides","category-internacional","category-portada"],"_links":{"self":[{"href":"https:\/\/diariodominicano.com\/index.php?rest_route=\/wp\/v2\/posts\/547897","targetHints":{"allow":["GET"]}}],"collection":[{"href":"https:\/\/diariodominicano.com\/index.php?rest_route=\/wp\/v2\/posts"}],"about":[{"href":"https:\/\/diariodominicano.com\/index.php?rest_route=\/wp\/v2\/types\/post"}],"author":[{"embeddable":true,"href":"https:\/\/diariodominicano.com\/index.php?rest_route=\/wp\/v2\/users\/28"}],"replies":[{"embeddable":true,"href":"https:\/\/diariodominicano.com\/index.php?rest_route=%2Fwp%2Fv2%2Fcomments&post=547897"}],"version-history":[{"count":2,"href":"https:\/\/diariodominicano.com\/index.php?rest_route=\/wp\/v2\/posts\/547897\/revisions"}],"predecessor-version":[{"id":547942,"href":"https:\/\/diariodominicano.com\/index.php?rest_route=\/wp\/v2\/posts\/547897\/revisions\/547942"}],"wp:featuredmedia":[{"embeddable":true,"href":"https:\/\/diariodominicano.com\/index.php?rest_route=\/wp\/v2\/media\/547898"}],"wp:attachment":[{"href":"https:\/\/diariodominicano.com\/index.php?rest_route=%2Fwp%2Fv2%2Fmedia&parent=547897"}],"wp:term":[{"taxonomy":"category","embeddable":true,"href":"https:\/\/diariodominicano.com\/index.php?rest_route=%2Fwp%2Fv2%2Fcategories&post=547897"},{"taxonomy":"post_tag","embeddable":true,"href":"https:\/\/diariodominicano.com\/index.php?rest_route=%2Fwp%2Fv2%2Ftags&post=547897"}],"curies":[{"name":"wp","href":"https:\/\/api.w.org\/{rel}","templated":true}]}}