{"id":547817,"date":"2024-07-26T16:30:33","date_gmt":"2024-07-26T20:30:33","guid":{"rendered":"https:\/\/diariodominicano.com\/?p=547817"},"modified":"2024-07-26T23:32:47","modified_gmt":"2024-07-27T03:32:47","slug":"ministerio-publico-logra-rescatar-95-victimas-este-ano-con-estrategias-para-combatir-la-trata-de-personas","status":"publish","type":"post","link":"https:\/\/diariodominicano.com\/?p=547817","title":{"rendered":"Ministerio P\u00fablico logra rescatar 95 v\u00edctimas este a\u00f1o con estrategias para combatir la trata de personas"},"content":{"rendered":"\n<p><strong>Santo Domingo (R.D.) viernes, 26 de julio de 2024.<\/strong>&nbsp;La titular de la Procuradur\u00eda Especializada contra el Tr\u00e1fico Il\u00edcito de Migrantes y la Trata de Personas (PETT), Yoanna Bejar\u00e1n \u00c1lvarez, destac\u00f3 este viernes que en lo que va de a\u00f1o han logrado rescatar a 95 mujeres de diferentes nacionalidades v\u00edctimas de trata de personas, incluyendo menores de edad, como resultado de las estrategias implementadas para combatir ese delito en el pa\u00eds.<\/p>\n\n\n\n<p>Bejar\u00e1n \u00c1lvarez expuso sobre los logros alcanzados en el combate de ese flagelo al participar en una actividad en el Ministerio de Relaciones Exteriores en ocasi\u00f3n de la conmemoraci\u00f3n del D\u00eda Mundial contra la Trata de Personas este pr\u00f3ximo 30 de julio.<\/p>\n\n\n\n<p>La magistrada asegur\u00f3 que trabajan en tres ejes, que son: la prevenci\u00f3n, la persecuci\u00f3n y protecci\u00f3n, destacando que la \u201cprevenci\u00f3n es considerada como la mejor estrategia para combatir la trata de personas\u201d.<\/p>\n\n\n\n<figure class=\"wp-block-gallery has-nested-images columns-default is-cropped wp-block-gallery-1 is-layout-flex wp-block-gallery-is-layout-flex\">\n<figure class=\"wp-block-image size-large\"><img loading=\"lazy\" decoding=\"async\" width=\"1024\" height=\"577\" data-id=\"547837\" src=\"https:\/\/diariodominicano.com\/wp-content\/uploads\/2024\/07\/Ministerio-Publico-logra-rescatar-95-victimas-este-ano-con-estrategias-para-combatir-la-trata-de-personas-1024x577.jpg\" alt=\"\" class=\"wp-image-547837\" srcset=\"https:\/\/diariodominicano.com\/wp-content\/uploads\/2024\/07\/Ministerio-Publico-logra-rescatar-95-victimas-este-ano-con-estrategias-para-combatir-la-trata-de-personas-1024x577.jpg 1024w, https:\/\/diariodominicano.com\/wp-content\/uploads\/2024\/07\/Ministerio-Publico-logra-rescatar-95-victimas-este-ano-con-estrategias-para-combatir-la-trata-de-personas-300x169.jpg 300w, https:\/\/diariodominicano.com\/wp-content\/uploads\/2024\/07\/Ministerio-Publico-logra-rescatar-95-victimas-este-ano-con-estrategias-para-combatir-la-trata-de-personas-768x432.jpg 768w, https:\/\/diariodominicano.com\/wp-content\/uploads\/2024\/07\/Ministerio-Publico-logra-rescatar-95-victimas-este-ano-con-estrategias-para-combatir-la-trata-de-personas-1536x865.jpg 1536w, https:\/\/diariodominicano.com\/wp-content\/uploads\/2024\/07\/Ministerio-Publico-logra-rescatar-95-victimas-este-ano-con-estrategias-para-combatir-la-trata-de-personas-2048x1153.jpg 2048w, https:\/\/diariodominicano.com\/wp-content\/uploads\/2024\/07\/Ministerio-Publico-logra-rescatar-95-victimas-este-ano-con-estrategias-para-combatir-la-trata-de-personas-816x460.jpg 816w\" sizes=\"auto, (max-width: 1024px) 100vw, 1024px\" \/><\/figure>\n<\/figure>\n\n\n\n<p>Explic\u00f3 que la prevenci\u00f3n incluye campa\u00f1as de sensibilizaci\u00f3n, mesas de trabajo junto al Ministerio de Trabajo para la prevenci\u00f3n contra la explotaci\u00f3n sexual comercial de ni\u00f1os, ni\u00f1as y adolescentes en zonas tur\u00edsticas. Tambi\u00e9n, la mesa de trabajo de la Direcci\u00f3n Nacional contra el Trabajo Infantil.<\/p>\n\n\n\n<p>Bejar\u00e1n \u00c1lvarez cit\u00f3 entre las campa\u00f1as \u201cNo sab\u00eda que era menor\u201d, No hay excusas; \u201cAunque algunos hombres ven a una mujer, una ni\u00f1a siempre es una ni\u00f1a\u201d. Pagarle por sexo es un delito, y \u201cNo te dejes llevar\u201d, en las cuales el Ministerio P\u00fablico ha contado con el apoyo de la Agencia de los Estados Unidos para el Desarrollo Internacional (Usaid), el Fondo de Naciones Unidas para la Infancia (Unicef), el Ministerio de Turismo y la Asociaci\u00f3n de Hoteles y Turismo de la Rep\u00fablica Dominicana (Asonahores).<\/p>\n\n\n\n<figure class=\"wp-block-gallery has-nested-images columns-default is-cropped wp-block-gallery-2 is-layout-flex wp-block-gallery-is-layout-flex\">\n<figure class=\"wp-block-image size-large\"><img loading=\"lazy\" decoding=\"async\" width=\"1024\" height=\"577\" data-id=\"547837\" src=\"https:\/\/diariodominicano.com\/wp-content\/uploads\/2024\/07\/Ministerio-Publico-logra-rescatar-95-victimas-este-ano-con-estrategias-para-combatir-la-trata-de-personas-1024x577.jpg\" alt=\"\" class=\"wp-image-547837\" srcset=\"https:\/\/diariodominicano.com\/wp-content\/uploads\/2024\/07\/Ministerio-Publico-logra-rescatar-95-victimas-este-ano-con-estrategias-para-combatir-la-trata-de-personas-1024x577.jpg 1024w, https:\/\/diariodominicano.com\/wp-content\/uploads\/2024\/07\/Ministerio-Publico-logra-rescatar-95-victimas-este-ano-con-estrategias-para-combatir-la-trata-de-personas-300x169.jpg 300w, https:\/\/diariodominicano.com\/wp-content\/uploads\/2024\/07\/Ministerio-Publico-logra-rescatar-95-victimas-este-ano-con-estrategias-para-combatir-la-trata-de-personas-768x432.jpg 768w, https:\/\/diariodominicano.com\/wp-content\/uploads\/2024\/07\/Ministerio-Publico-logra-rescatar-95-victimas-este-ano-con-estrategias-para-combatir-la-trata-de-personas-1536x865.jpg 1536w, https:\/\/diariodominicano.com\/wp-content\/uploads\/2024\/07\/Ministerio-Publico-logra-rescatar-95-victimas-este-ano-con-estrategias-para-combatir-la-trata-de-personas-2048x1153.jpg 2048w, https:\/\/diariodominicano.com\/wp-content\/uploads\/2024\/07\/Ministerio-Publico-logra-rescatar-95-victimas-este-ano-con-estrategias-para-combatir-la-trata-de-personas-816x460.jpg 816w\" sizes=\"auto, (max-width: 1024px) 100vw, 1024px\" \/><\/figure>\n<\/figure>\n\n\n\n<p>Adem\u00e1s, se\u00f1al\u00f3 que en las labores de persecuci\u00f3n dirigen las investigaciones relacionadas a este tipo penal, desarrollan modelos operativos de investigaci\u00f3n, ejercen la acci\u00f3n penal y proveen a las v\u00edctimas recursos que faciliten su acceso a la justicia y formar parte del proceso judicial (si as\u00ed lo desean), adem\u00e1s de ofrecerle asistencia en dichos procesos judiciales.<\/p>\n\n\n\n<figure class=\"wp-block-gallery has-nested-images columns-default is-cropped wp-block-gallery-3 is-layout-flex wp-block-gallery-is-layout-flex\">\n<figure class=\"wp-block-image size-large\"><img loading=\"lazy\" decoding=\"async\" width=\"1024\" height=\"576\" data-id=\"547839\" src=\"https:\/\/diariodominicano.com\/wp-content\/uploads\/2024\/07\/Ministerio-Publico-logra-rescatar-95-victimas-este-ano-con-estrategias-para-combatir-trata-de-personas-1024x576.jpg\" alt=\"\" class=\"wp-image-547839\" srcset=\"https:\/\/diariodominicano.com\/wp-content\/uploads\/2024\/07\/Ministerio-Publico-logra-rescatar-95-victimas-este-ano-con-estrategias-para-combatir-trata-de-personas-1024x576.jpg 1024w, https:\/\/diariodominicano.com\/wp-content\/uploads\/2024\/07\/Ministerio-Publico-logra-rescatar-95-victimas-este-ano-con-estrategias-para-combatir-trata-de-personas-300x169.jpg 300w, https:\/\/diariodominicano.com\/wp-content\/uploads\/2024\/07\/Ministerio-Publico-logra-rescatar-95-victimas-este-ano-con-estrategias-para-combatir-trata-de-personas-768x432.jpg 768w, https:\/\/diariodominicano.com\/wp-content\/uploads\/2024\/07\/Ministerio-Publico-logra-rescatar-95-victimas-este-ano-con-estrategias-para-combatir-trata-de-personas-1536x865.jpg 1536w, https:\/\/diariodominicano.com\/wp-content\/uploads\/2024\/07\/Ministerio-Publico-logra-rescatar-95-victimas-este-ano-con-estrategias-para-combatir-trata-de-personas-2048x1153.jpg 2048w, https:\/\/diariodominicano.com\/wp-content\/uploads\/2024\/07\/Ministerio-Publico-logra-rescatar-95-victimas-este-ano-con-estrategias-para-combatir-trata-de-personas-816x459.jpg 816w\" sizes=\"auto, (max-width: 1024px) 100vw, 1024px\" \/><\/figure>\n<\/figure>\n\n\n\n<p>Refiri\u00f3 que un estudio de prevalencia realizado por International Justice Mission (IJM) en 2022 present\u00f3 una reducci\u00f3n porcentual de 78% de la prevalencia respecto al 2014.<\/p>\n\n\n\n<p>En ese mismo orden, cit\u00f3 que el Ministerio P\u00fablico trabaj\u00f3 11 veces m\u00e1s casos de explotaci\u00f3n sexual de ni\u00f1os, ni\u00f1as y adolescentes y trata de personas con fines de explotaci\u00f3n sexual, adem\u00e1s de que hubo siete veces m\u00e1s casos con arrestos y cinco veces m\u00e1s casos con acusaci\u00f3n. Adem\u00e1s, resalt\u00f3 que, de dos casos con condena, el Ministerio P\u00fablico ha registrado 28 entre 2014 al 2021.<\/p>\n\n\n\n<p>Respecto a la protecci\u00f3n, Bejar\u00e1n \u00c1lvarez detall\u00f3 que trabajan para garantizar asistencia centrada en la persona, garantizando el cumplimiento del cuidado informado del trauma, adem\u00e1s de que luchan para lograr restituciones de derecho y para la reconstrucci\u00f3n de los proyectos de vida de cada una de las personas que se logra impactar con la asistencia integral de las v\u00edctimas.<\/p>\n\n\n\n<p><strong>Oportunidades de mejoras<\/strong><\/p>\n\n\n\n<p>Yoanna Bejar\u00e1n \u00c1lvarez en su disertaci\u00f3n se\u00f1al\u00f3 como oportunidades de mejoras, la modificaci\u00f3n de la Ley 137-03 sobre Tr\u00e1fico Il\u00edcito de Migrantes y Trata de Personas, designaci\u00f3n de mayor cantidad de recursos econ\u00f3micos y humanos, fortalecer la coordinaci\u00f3n interinstitucional, disminuci\u00f3n de la victimizaci\u00f3n, creaci\u00f3n de hogares de paso para ni\u00f1os, ni\u00f1as y adolescentes, mayor sensibilizaci\u00f3n de la sociedad civil y capacitaci\u00f3n continua de los actores del sistema y lograr la ejecuci\u00f3n de las indemnizaciones a favor de la v\u00edctima.<\/p>\n\n\n\n<p>Expuso que la trata de personas ocupa el tercer lugar de los delitos de criminalidad organizada m\u00e1s lucrativos en el mundo, superado solo por tr\u00e1fico de armas y el narcotr\u00e1fico.<\/p>\n\n\n\n<p>Sobre qui\u00e9nes pueden ser v\u00edctimas de trata, la representante del Ministerio P\u00fablico \u201cdestac\u00f3 que es un crimen que afecta principalmente a personas en situaci\u00f3n de vulnerabilidad, que bajo promesas falsas de mejores ingresos salariales y una mejor calidad de vida, son trasladadas a otras ciudades o al extranjero, en donde son explotadas sexual o laboralmente.<\/p>\n\n\n\n<p>Indic\u00f3 como los elementos de ese delito, la pobreza, las desigualdades, familias disfuncionales, carencia de protecci\u00f3n infantil, bajo nivel educativo, entornos de violencia, falta de oportunidades y falta de apoyo.<\/p>\n\n\n\n<p><strong>Direcci\u00f3n General de Comunicaci\u00f3n, Prensa, y RRPP<\/strong><strong><\/strong><\/p>\n\n\n\n<p>Ministerio P\u00fablico. R.D.<\/p>\n\n\n\n<p>Viernes, 26 de julio de 2024.<\/p>\n","protected":false},"excerpt":{"rendered":"<p>Santo Domingo (R.D.) viernes, 26 de julio de 2024.&nbsp;La titular de la Procuradur\u00eda Especializada contra el Tr\u00e1fico Il\u00edcito de Migrantes y la Trata de Personas (PETT), Yoanna Bejar\u00e1n \u00c1lvarez, destac\u00f3 este viernes que en lo que va de a\u00f1o han logrado rescatar a 95 mujeres de diferentes nacionalidades v\u00edctimas de trata de personas, incluyendo menores [&hellip;]<\/p>\n","protected":false},"author":7,"featured_media":547840,"comment_status":"closed","ping_status":"closed","sticky":true,"template":"","format":"standard","meta":{"footnotes":""},"categories":[24,27],"tags":[],"class_list":["post-547817","post","type-post","status-publish","format-standard","has-post-thumbnail","hentry","category-justicia-y-derecho","category-portada"],"_links":{"self":[{"href":"https:\/\/diariodominicano.com\/index.php?rest_route=\/wp\/v2\/posts\/547817","targetHints":{"allow":["GET"]}}],"collection":[{"href":"https:\/\/diariodominicano.com\/index.php?rest_route=\/wp\/v2\/posts"}],"about":[{"href":"https:\/\/diariodominicano.com\/index.php?rest_route=\/wp\/v2\/types\/post"}],"author":[{"embeddable":true,"href":"https:\/\/diariodominicano.com\/index.php?rest_route=\/wp\/v2\/users\/7"}],"replies":[{"embeddable":true,"href":"https:\/\/diariodominicano.com\/index.php?rest_route=%2Fwp%2Fv2%2Fcomments&post=547817"}],"version-history":[{"count":2,"href":"https:\/\/diariodominicano.com\/index.php?rest_route=\/wp\/v2\/posts\/547817\/revisions"}],"predecessor-version":[{"id":547845,"href":"https:\/\/diariodominicano.com\/index.php?rest_route=\/wp\/v2\/posts\/547817\/revisions\/547845"}],"wp:featuredmedia":[{"embeddable":true,"href":"https:\/\/diariodominicano.com\/index.php?rest_route=\/wp\/v2\/media\/547840"}],"wp:attachment":[{"href":"https:\/\/diariodominicano.com\/index.php?rest_route=%2Fwp%2Fv2%2Fmedia&parent=547817"}],"wp:term":[{"taxonomy":"category","embeddable":true,"href":"https:\/\/diariodominicano.com\/index.php?rest_route=%2Fwp%2Fv2%2Fcategories&post=547817"},{"taxonomy":"post_tag","embeddable":true,"href":"https:\/\/diariodominicano.com\/index.php?rest_route=%2Fwp%2Fv2%2Ftags&post=547817"}],"curies":[{"name":"wp","href":"https:\/\/api.w.org\/{rel}","templated":true}]}}