{"id":547779,"date":"2024-07-26T16:03:42","date_gmt":"2024-07-26T20:03:42","guid":{"rendered":"https:\/\/diariodominicano.com\/?p=547779"},"modified":"2024-07-26T16:03:44","modified_gmt":"2024-07-26T20:03:44","slug":"agn-recuerda-convocatoria-al-premio-de-historia-vetilio-alfau-duran","status":"publish","type":"post","link":"https:\/\/diariodominicano.com\/?p=547779","title":{"rendered":"AGN recuerda convocatoria al Premio de Historia Vetilio Alfau Dur\u00e1n"},"content":{"rendered":"\n<p><strong>Santo Domingo.-&nbsp;<\/strong>El Archivo General de la Naci\u00f3n (AGN) invita a todos los interesados a participar en la convocatoria del Premio de Historia Vetilio Alfau Dur\u00e1n, 2024 con el que busca incentivar la investigaci\u00f3n hist\u00f3rica en la Rep\u00fablica Dominicana.<\/p>\n\n\n\n<p>El plazo de recepci\u00f3n de las obras finalizar\u00e1 el 2 de agosto de 2024, a las 3:00 p.m.<\/p>\n\n\n\n<p>Los galardonados ser\u00e1n anunciados en la Feria del Libro de Historia Dominicana del a\u00f1o 2024 reforzando el compromiso del AGN de apoyar la producci\u00f3n y difusi\u00f3n de la investigaci\u00f3n hist\u00f3rica. Las obras premiadas ser\u00e1n publicadas y sus autores recibir\u00e1n un apoyo econ\u00f3mico.<\/p>\n\n\n\n<p>El premio est\u00e1 dirigido a investigadores, estudiosos y escritores dominicanos o residentes legales en el pa\u00eds y cuenta con cuatro categor\u00edas:<\/p>\n\n\n\n<p>\u201cPremio de Ensayo\u201d, dotado con RD$200,000. \u201cPremio de Compilaci\u00f3n Documental\u201d, dotado con RD$150,000. Tres \u201cPremios Especiales de Ensayo para J\u00f3venes Investigadores\u201d, de hasta 30 a\u00f1os de edad, dotado con RD$50,000 cada uno. \u201cPremio Enriquillo\u201d, para novela hist\u00f3rica o colecci\u00f3n de relatos hist\u00f3ricos, dotado con RD$150,000.<\/p>\n\n\n\n<p>Las obras deben ser originales e in\u00e9ditas, no haber recibido ning\u00fan otro tipo de premio y estar redactadas en lengua castellana. Las especificaciones completas est\u00e1n disponibles en la p\u00e1gina web del AGN,&nbsp;<a href=\"http:\/\/www.agn.gov.do\/\" target=\"_blank\" rel=\"noreferrer noopener\">www.agn.gov.do<\/a>.<\/p>\n\n\n\n<p>relaciones publicas relacionespublicas@agn.gob.do <\/p>\n\n\n\n<figure class=\"wp-block-image size-large\"><img loading=\"lazy\" decoding=\"async\" width=\"791\" height=\"1024\" src=\"https:\/\/diariodominicano.com\/wp-content\/uploads\/2024\/07\/Premio-Vetilio-Alfau-791x1024.jpg\" alt=\"\" class=\"wp-image-547808\" srcset=\"https:\/\/diariodominicano.com\/wp-content\/uploads\/2024\/07\/Premio-Vetilio-Alfau-791x1024.jpg 791w, https:\/\/diariodominicano.com\/wp-content\/uploads\/2024\/07\/Premio-Vetilio-Alfau-232x300.jpg 232w, https:\/\/diariodominicano.com\/wp-content\/uploads\/2024\/07\/Premio-Vetilio-Alfau-768x994.jpg 768w, https:\/\/diariodominicano.com\/wp-content\/uploads\/2024\/07\/Premio-Vetilio-Alfau-1187x1536.jpg 1187w, https:\/\/diariodominicano.com\/wp-content\/uploads\/2024\/07\/Premio-Vetilio-Alfau-1583x2048.jpg 1583w, https:\/\/diariodominicano.com\/wp-content\/uploads\/2024\/07\/Premio-Vetilio-Alfau-816x1056.jpg 816w, https:\/\/diariodominicano.com\/wp-content\/uploads\/2024\/07\/Premio-Vetilio-Alfau-scaled.jpg 1978w\" sizes=\"auto, (max-width: 791px) 100vw, 791px\" \/><\/figure>\n","protected":false},"excerpt":{"rendered":"<p>Santo Domingo.-&nbsp;El Archivo General de la Naci\u00f3n (AGN) invita a todos los interesados a participar en la convocatoria del Premio de Historia Vetilio Alfau Dur\u00e1n, 2024 con el que busca incentivar la investigaci\u00f3n hist\u00f3rica en la Rep\u00fablica Dominicana. El plazo de recepci\u00f3n de las obras finalizar\u00e1 el 2 de agosto de 2024, a las 3:00 [&hellip;]<\/p>\n","protected":false},"author":7,"featured_media":547807,"comment_status":"closed","ping_status":"closed","sticky":false,"template":"","format":"standard","meta":{"footnotes":""},"categories":[25],"tags":[],"class_list":["post-547779","post","type-post","status-publish","format-standard","has-post-thumbnail","hentry","category-gente"],"_links":{"self":[{"href":"https:\/\/diariodominicano.com\/index.php?rest_route=\/wp\/v2\/posts\/547779","targetHints":{"allow":["GET"]}}],"collection":[{"href":"https:\/\/diariodominicano.com\/index.php?rest_route=\/wp\/v2\/posts"}],"about":[{"href":"https:\/\/diariodominicano.com\/index.php?rest_route=\/wp\/v2\/types\/post"}],"author":[{"embeddable":true,"href":"https:\/\/diariodominicano.com\/index.php?rest_route=\/wp\/v2\/users\/7"}],"replies":[{"embeddable":true,"href":"https:\/\/diariodominicano.com\/index.php?rest_route=%2Fwp%2Fv2%2Fcomments&post=547779"}],"version-history":[{"count":1,"href":"https:\/\/diariodominicano.com\/index.php?rest_route=\/wp\/v2\/posts\/547779\/revisions"}],"predecessor-version":[{"id":547809,"href":"https:\/\/diariodominicano.com\/index.php?rest_route=\/wp\/v2\/posts\/547779\/revisions\/547809"}],"wp:featuredmedia":[{"embeddable":true,"href":"https:\/\/diariodominicano.com\/index.php?rest_route=\/wp\/v2\/media\/547807"}],"wp:attachment":[{"href":"https:\/\/diariodominicano.com\/index.php?rest_route=%2Fwp%2Fv2%2Fmedia&parent=547779"}],"wp:term":[{"taxonomy":"category","embeddable":true,"href":"https:\/\/diariodominicano.com\/index.php?rest_route=%2Fwp%2Fv2%2Fcategories&post=547779"},{"taxonomy":"post_tag","embeddable":true,"href":"https:\/\/diariodominicano.com\/index.php?rest_route=%2Fwp%2Fv2%2Ftags&post=547779"}],"curies":[{"name":"wp","href":"https:\/\/api.w.org\/{rel}","templated":true}]}}