{"id":547696,"date":"2024-07-26T00:45:55","date_gmt":"2024-07-26T04:45:55","guid":{"rendered":"https:\/\/diariodominicano.com\/?p=547696"},"modified":"2024-07-26T00:46:01","modified_gmt":"2024-07-26T04:46:01","slug":"asiste-presidente-de-cuba-a-gala-por-el-26-de-julio-fotos","status":"publish","type":"post","link":"https:\/\/diariodominicano.com\/?p=547696","title":{"rendered":"Asiste Presidente de Cuba a gala por el 26 de Julio (+Fotos)"},"content":{"rendered":"\n<p>Sancti Sp\u00edritus, Cuba, 25 jul (Prensa Latina) El presidente de Cuba, Miguel D\u00edaz-Canel, asisti\u00f3 hoy a la gala cultural realizada en esta provincia sede del acto central por el aniversario 71 del asalto a los cuarteles Moncada y Carlos Manuel de C\u00e9spedes.<\/p>\n\n\n\n<ul class=\"wp-block-list\">\n<li><a href=\"https:\/\/www.prensa-latina.cu\/2024\/07\/26\/\"><time>julio 26, 2024 | 00:01<\/time><\/a><\/li>\n<\/ul>\n\n\n\n<ul class=\"wp-block-list\">\n<li>Fotos: Ra\u00fal Garc\u00eda \u00c1lvarez, Prensa Latina<\/li>\n<\/ul>\n\n\n\n<ul class=\"wp-block-list\">\n<li><a href=\"https:\/\/www.prensa-latina.cu\/2024\/07\/26\/asiste-presidente-de-cuba-a-gala-por-el-26-de-julio\/#\"><\/a><\/li>\n\n\n\n<li><a href=\"https:\/\/www.prensa-latina.cu\/2024\/07\/26\/asiste-presidente-de-cuba-a-gala-por-el-26-de-julio\/#\"><\/a><\/li>\n\n\n\n<li><a href=\"https:\/\/www.prensa-latina.cu\/2024\/07\/26\/asiste-presidente-de-cuba-a-gala-por-el-26-de-julio\/#\"><\/a><\/li>\n\n\n\n<li><a href=\"https:\/\/www.prensa-latina.cu\/2024\/07\/26\/asiste-presidente-de-cuba-a-gala-por-el-26-de-julio\/#\"><\/a><\/li>\n<\/ul>\n\n\n\n<p>La fachada de la otrora Sociedad El Progreso, hoy Biblioteca Provincial Rub\u00e9n Mart\u00ednez Villena, se colm\u00f3 de luces multicolores, mientras la danza y la m\u00fasica se adue\u00f1aron del escenario en este espect\u00e1culo titulado Por siempre Fidel.<\/p>\n\n\n\n<p>Presente estuvo el l\u00edder hist\u00f3rico de la Revoluci\u00f3n cubana Fidel Castro Ruz (1926-2016), cuya voz se escuch\u00f3 en varias ocasiones y quien se dirigi\u00f3 por primera vez al pueblo espirituano el 6 de enero de 1959 desde uno de los balcones de la citada instituci\u00f3n cultural.<\/p>\n\n\n\n<figure class=\"wp-block-image\"><img decoding=\"async\" src=\"https:\/\/www.prensa-latina.cu\/wp-content\/uploads\/2024\/07\/SS-Gala-por-el-26-1.jpg\" alt=\"\" class=\"wp-image-1086077\"\/><\/figure>\n\n\n\n<p>Por espacio de una hora el aliento de los presentes se atenu\u00f3 para disfrutar de una bella gala, dividida en cuatro bloques, en la que participaron unos 200 artistas y donde confluyeron historia, tradici\u00f3n y contemporaneidad.<\/p>\n\n\n\n<p>Y en medio de la emoci\u00f3n volvi\u00f3 a escucharse la voz del Comandante en Jefe en la noche espirituana, mientras ante la vista pasaron raudas las im\u00e1genes de Fidel en sus diferentes visitas a esta provincia central del pa\u00eds, intercambiando con trabajadores y pueblo en general.<\/p>\n\n\n\n<p>Inundaron las \u00e1reas del Parque Seraf\u00edn S\u00e1nchez Valdivia las emblem\u00e1ticas melod\u00edas Pensamiento, de Rafael G\u00f3mez Mayea (Teofilito), y Cerca del mar y del monte, esta \u00faltima realza a la ciudad de Trinidad, Patrimonio Cultural de la Humanidad.<\/p>\n\n\n\n<figure class=\"wp-block-image\"><img decoding=\"async\" src=\"https:\/\/www.prensa-latina.cu\/wp-content\/uploads\/2024\/07\/SS-Gala-por-el-26.jpg\" alt=\"\" class=\"wp-image-1086076\"\/><\/figure>\n\n\n\n<p>Tampoco faltaron las tonadas campesinas, las d\u00e9cimas, el punto cubano, la trova en las voces de Eduardo Sosa y Nelson Vald\u00e9s. El espect\u00e1culo cultural culmin\u00f3 con la melod\u00eda Espirituanos siempre es 26, compuesta por el m\u00fasico e investigador Carlos Manuel Borroto.<\/p>\n\n\n\n<p>Estuvieron presentes, adem\u00e1s, los miembros del Bur\u00f3 Pol\u00edtico Manuel Marrero, primer ministro, y Salvador Vald\u00e9s Mesa, vicepresidente cubano, as\u00ed como el Comandante de la Revoluci\u00f3n Ramiro Vald\u00e9s, viceprimer ministro.<\/p>\n\n\n\n<p>jha\/mpg<\/p>\n","protected":false},"excerpt":{"rendered":"<p>Sancti Sp\u00edritus, Cuba, 25 jul (Prensa Latina) El presidente de Cuba, Miguel D\u00edaz-Canel, asisti\u00f3 hoy a la gala cultural realizada en esta provincia sede del acto central por el aniversario 71 del asalto a los cuarteles Moncada y Carlos Manuel de C\u00e9spedes. La fachada de la otrora Sociedad El Progreso, hoy Biblioteca Provincial Rub\u00e9n Mart\u00ednez [&hellip;]<\/p>\n","protected":false},"author":28,"featured_media":547704,"comment_status":"closed","ping_status":"closed","sticky":false,"template":"","format":"standard","meta":{"footnotes":""},"categories":[21,26,23],"tags":[],"class_list":["post-547696","post","type-post","status-publish","format-standard","has-post-thumbnail","hentry","category-cultura","category-efemerides","category-internacional"],"_links":{"self":[{"href":"https:\/\/diariodominicano.com\/index.php?rest_route=\/wp\/v2\/posts\/547696","targetHints":{"allow":["GET"]}}],"collection":[{"href":"https:\/\/diariodominicano.com\/index.php?rest_route=\/wp\/v2\/posts"}],"about":[{"href":"https:\/\/diariodominicano.com\/index.php?rest_route=\/wp\/v2\/types\/post"}],"author":[{"embeddable":true,"href":"https:\/\/diariodominicano.com\/index.php?rest_route=\/wp\/v2\/users\/28"}],"replies":[{"embeddable":true,"href":"https:\/\/diariodominicano.com\/index.php?rest_route=%2Fwp%2Fv2%2Fcomments&post=547696"}],"version-history":[{"count":1,"href":"https:\/\/diariodominicano.com\/index.php?rest_route=\/wp\/v2\/posts\/547696\/revisions"}],"predecessor-version":[{"id":547706,"href":"https:\/\/diariodominicano.com\/index.php?rest_route=\/wp\/v2\/posts\/547696\/revisions\/547706"}],"wp:featuredmedia":[{"embeddable":true,"href":"https:\/\/diariodominicano.com\/index.php?rest_route=\/wp\/v2\/media\/547704"}],"wp:attachment":[{"href":"https:\/\/diariodominicano.com\/index.php?rest_route=%2Fwp%2Fv2%2Fmedia&parent=547696"}],"wp:term":[{"taxonomy":"category","embeddable":true,"href":"https:\/\/diariodominicano.com\/index.php?rest_route=%2Fwp%2Fv2%2Fcategories&post=547696"},{"taxonomy":"post_tag","embeddable":true,"href":"https:\/\/diariodominicano.com\/index.php?rest_route=%2Fwp%2Fv2%2Ftags&post=547696"}],"curies":[{"name":"wp","href":"https:\/\/api.w.org\/{rel}","templated":true}]}}