{"id":547602,"date":"2024-07-25T17:37:07","date_gmt":"2024-07-25T21:37:07","guid":{"rendered":"https:\/\/diariodominicano.com\/?p=547602"},"modified":"2024-07-25T17:37:13","modified_gmt":"2024-07-25T21:37:13","slug":"china-expresa-preocupacion-por-planes-de-ue-de-aplicar-aranceles-antidumping-al-biodiesel","status":"publish","type":"post","link":"https:\/\/diariodominicano.com\/?p=547602","title":{"rendered":"China expresa preocupaci\u00f3n por planes de UE de aplicar aranceles antidumping al biodi\u00e9sel"},"content":{"rendered":"\n<p><em>spanish.news.cn<\/em>|<em>&nbsp;2024-07-25 17:57:46<\/em>|<\/p>\n\n\n\n<p>BEIJING, 25 jul (Xinhua) &#8212; El Ministerio de Comercio de China expres\u00f3 hoy jueves una gran preocupaci\u00f3n por las medidas proteccionistas planeadas por la Uni\u00f3n Europea (UE) en la industria del biodi\u00e9sel y advirti\u00f3 que tales acciones ser\u00e1n contraproducentes.<\/p>\n\n\n\n<p>La UE es el mayor mercado de biodi\u00e9sel del mundo e importa este producto desde China para satisfacer sus necesidades sustanciales de consumo, lo cual le ayuda a alcanzar sus objetivos de transformaci\u00f3n ecol\u00f3gica y ahorro energ\u00e9tico, se\u00f1al\u00f3 en una conferencia de prensa regular He Yongqian, vocera del ministerio.<\/p>\n\n\n\n<p>Las declaraciones se produjeron luego de que la Junta Europea de Biodi\u00e9sel anunciara el 19 de julio (tiempo local), que la Comisi\u00f3n Europea, en un documento previo a la divulgaci\u00f3n publicado ese mismo d\u00eda, revelara planes para imponer en las pr\u00f3ximas cuatro semanas aranceles antidumping provisionales que oscilan entre el 12,8 y el 36,4 por ciento sobre las importaciones de biodi\u00e9sel procedentes de China.<\/p>\n\n\n\n<p>La imposici\u00f3n de impuestos por parte de la UE sobre el biodi\u00e9sel chino solo aumentar\u00e1 los costos de los productos, socavar\u00e1 los intereses de las industrias y los consumidores del bloque y obstaculizar\u00e1 sus esfuerzos de transici\u00f3n ecol\u00f3gica, as\u00ed como su cooperaci\u00f3n econ\u00f3mica y comercial con China, indic\u00f3 la portavoz.<\/p>\n\n\n\n<p>Asimismo, afirm\u00f3 que China aboga por el uso prudente de las medidas comerciales correctivas e insta a la UE a evitar la adopci\u00f3n de manera deliberada de pol\u00edticas proteccionistas. El pa\u00eds pide que se resuelvan estos asuntos a trav\u00e9s del di\u00e1logo y la consulta para abordar las preocupaciones leg\u00edtimas.<\/p>\n","protected":false},"excerpt":{"rendered":"<p>spanish.news.cn|&nbsp;2024-07-25 17:57:46| BEIJING, 25 jul (Xinhua) &#8212; El Ministerio de Comercio de China expres\u00f3 hoy jueves una gran preocupaci\u00f3n por las medidas proteccionistas planeadas por la Uni\u00f3n Europea (UE) en la industria del biodi\u00e9sel y advirti\u00f3 que tales acciones ser\u00e1n contraproducentes. La UE es el mayor mercado de biodi\u00e9sel del mundo e importa este producto [&hellip;]<\/p>\n","protected":false},"author":28,"featured_media":380159,"comment_status":"closed","ping_status":"closed","sticky":false,"template":"","format":"standard","meta":{"footnotes":""},"categories":[18,23],"tags":[],"class_list":["post-547602","post","type-post","status-publish","format-standard","has-post-thumbnail","hentry","category-economia","category-internacional"],"_links":{"self":[{"href":"https:\/\/diariodominicano.com\/index.php?rest_route=\/wp\/v2\/posts\/547602","targetHints":{"allow":["GET"]}}],"collection":[{"href":"https:\/\/diariodominicano.com\/index.php?rest_route=\/wp\/v2\/posts"}],"about":[{"href":"https:\/\/diariodominicano.com\/index.php?rest_route=\/wp\/v2\/types\/post"}],"author":[{"embeddable":true,"href":"https:\/\/diariodominicano.com\/index.php?rest_route=\/wp\/v2\/users\/28"}],"replies":[{"embeddable":true,"href":"https:\/\/diariodominicano.com\/index.php?rest_route=%2Fwp%2Fv2%2Fcomments&post=547602"}],"version-history":[{"count":1,"href":"https:\/\/diariodominicano.com\/index.php?rest_route=\/wp\/v2\/posts\/547602\/revisions"}],"predecessor-version":[{"id":547603,"href":"https:\/\/diariodominicano.com\/index.php?rest_route=\/wp\/v2\/posts\/547602\/revisions\/547603"}],"wp:featuredmedia":[{"embeddable":true,"href":"https:\/\/diariodominicano.com\/index.php?rest_route=\/wp\/v2\/media\/380159"}],"wp:attachment":[{"href":"https:\/\/diariodominicano.com\/index.php?rest_route=%2Fwp%2Fv2%2Fmedia&parent=547602"}],"wp:term":[{"taxonomy":"category","embeddable":true,"href":"https:\/\/diariodominicano.com\/index.php?rest_route=%2Fwp%2Fv2%2Fcategories&post=547602"},{"taxonomy":"post_tag","embeddable":true,"href":"https:\/\/diariodominicano.com\/index.php?rest_route=%2Fwp%2Fv2%2Ftags&post=547602"}],"curies":[{"name":"wp","href":"https:\/\/api.w.org\/{rel}","templated":true}]}}