{"id":547586,"date":"2024-07-25T16:56:57","date_gmt":"2024-07-25T20:56:57","guid":{"rendered":"https:\/\/diariodominicano.com\/?p=547586"},"modified":"2024-07-25T23:32:34","modified_gmt":"2024-07-26T03:32:34","slug":"world-vision-presenta-la-5ta-edicion-del-premio-periodismo-por-la-ninez","status":"publish","type":"post","link":"https:\/\/diariodominicano.com\/?p=547586","title":{"rendered":"World Vision Presenta la 5ta Edici\u00f3n del Premio Periodismo por la Ni\u00f1ez"},"content":{"rendered":"\n<p><strong><em>Es un reconocimiento a los trabajos y propuestas period\u00edsticas en las \u00e1reas de protecci\u00f3n, prevenci\u00f3n, sensibilizaci\u00f3n y defensa de los derechos de los ni\u00f1os, ni\u00f1as y adolescentes m\u00e1s vulnerables de la Rep\u00fablica Dominicana<\/em><\/strong>&nbsp;&#8211;<\/p>\n\n\n\n<p><strong>Santo Domingo, D.N. Rep\u00fablica Dominicana. Mi\u00e9rcoles 24 de Julio de 2024. \u2013&nbsp;<\/strong>La organizaci\u00f3n internacional&nbsp;<strong>World Vision Rep\u00fablica Dominicana<\/strong>&nbsp;lanza el&nbsp;<strong><u>\u201c5to Premio World Vision: Periodismo por la Ni\u00f1ez\u201d<\/u>,&nbsp;<\/strong>con el prop\u00f3sito fundamental de reconocer la labor de periodistas y comunicadores que producen trabajos para educar y sensibilizar a la poblaci\u00f3n en temas que afectan a la ni\u00f1ez y la adolescencia, para promover su protecci\u00f3n, garantizar sus derechos fundamentales y su desarrollo integral.&nbsp;<\/p>\n\n\n\n<p>\u201cEn cada versi\u00f3n del Premio,&nbsp;<strong>World Vision<\/strong>&nbsp;afianza el compromiso para&nbsp;<em>acompa\u00f1ar a los y las periodistas en su labor de investigar y visibilizar los temas que m\u00e1s afectan a los ni\u00f1os, ni\u00f1as y adolescentes de nuestro pa\u00eds. Hacer periodismo por la ni\u00f1ez es todo un desaf\u00edo, iniciando por la sensibilidad y el inter\u00e9s en el bienestar de este sector de la poblaci\u00f3n, seguido de profesionalidad y la t\u00e9cnica para una adecuada exposici\u00f3n de las situaciones. S\u00ed bien es necesario visibilizar las principales problem\u00e1ticas que enfrentan en su d\u00eda a d\u00eda, esto debe realizarse bajo lineamientos \u00e9ticos que garanticen la dignidad, confidencialidad y protecci\u00f3n.<\/em>\u201d, expres\u00f3 Elicaury Bautista Bid\u00f3, Directora de Pa\u00eds de la organizaci\u00f3n.<strong>&nbsp;<\/strong><\/p>\n\n\n\n<p>Como valor agregado y como parte del compromiso con los periodistas,&nbsp;<strong>World Vision<\/strong>&nbsp;estar\u00e1 desarrollando el taller de \u201cPeriodistas por la Ni\u00f1ez\u00b4\u00b4, con el objetivo de contribuir al desarrollo de las capacidades t\u00e9cnicas para el trabajo period\u00edstico que visibiliza problem\u00e1ticas de ni\u00f1ez. Este taller incluir\u00e1 temas de protecci\u00f3n integral de la ni\u00f1ez desde la cobertura y su difusi\u00f3n, redacci\u00f3n period\u00edstica cualitativa y cuantitativa, derechos de los ni\u00f1os, ni\u00f1as y adolescentes, entre otros temas de inter\u00e9s, y el mismo ser\u00e1 desarrollado por expertos profesionales en la materia de protecci\u00f3n de ni\u00f1os y periodistas.&nbsp;&nbsp;<\/p>\n\n\n\n<p>En la 5ta edici\u00f3n del&nbsp;<strong><u>Premio World Vision: Periodismo Por la Ni\u00f1ez<\/u><\/strong>&nbsp;podr\u00e1n participar trabajos period\u00edsticos publicados&nbsp;entre el 10 de febrero de 2023 al 16 de agosto de 2024,&nbsp;en medios dominicanos informativos dominicanos de alcance comunal, nacional o regional, ya sea radial, impreso, televisivo, o digital.&nbsp;El tiempo l\u00edmite para la recepci\u00f3n de los trabajos period\u00edsticos ser\u00e1 hasta el 16 de agosto de 2024 a las 11:59 p.m.<\/p>\n\n\n\n<p>Los periodistas interesados en concursar podr\u00e1n postular sus trabajos cuyos contenidos se enfoquen en problem\u00e1ticas que afecten directamente la protecci\u00f3n de la ni\u00f1ez o adolescencia dominicana o las formas de prevenci\u00f3n de la violencia hacia estos. El enfoque de las notas y los g\u00e9neros period\u00edsticos utilizados podr\u00e1n ser variados, siempre y cuando est\u00e9n alineados con el tema protecci\u00f3n hacia la ni\u00f1ez y la adolescencia.\u00a0Cada periodista podr\u00e1 presentar m\u00e1ximo dos (2) trabajos para ser evaluados. Los trabajos postulados en medios impresos, medios digitales, de audio o audiovisuales se enviar\u00e1n por los canales digitales oficiales. <\/p>\n\n\n\n<figure class=\"wp-block-image size-large\"><img loading=\"lazy\" decoding=\"async\" width=\"791\" height=\"1024\" src=\"https:\/\/diariodominicano.com\/wp-content\/uploads\/2024\/07\/Afiche-Premio-Periodismo-afiche-final-791x1024.jpg\" alt=\"\" class=\"wp-image-547630\" srcset=\"https:\/\/diariodominicano.com\/wp-content\/uploads\/2024\/07\/Afiche-Premio-Periodismo-afiche-final-791x1024.jpg 791w, https:\/\/diariodominicano.com\/wp-content\/uploads\/2024\/07\/Afiche-Premio-Periodismo-afiche-final-232x300.jpg 232w, https:\/\/diariodominicano.com\/wp-content\/uploads\/2024\/07\/Afiche-Premio-Periodismo-afiche-final-768x994.jpg 768w, https:\/\/diariodominicano.com\/wp-content\/uploads\/2024\/07\/Afiche-Premio-Periodismo-afiche-final-1187x1536.jpg 1187w, https:\/\/diariodominicano.com\/wp-content\/uploads\/2024\/07\/Afiche-Premio-Periodismo-afiche-final-1583x2048.jpg 1583w, https:\/\/diariodominicano.com\/wp-content\/uploads\/2024\/07\/Afiche-Premio-Periodismo-afiche-final-816x1056.jpg 816w, https:\/\/diariodominicano.com\/wp-content\/uploads\/2024\/07\/Afiche-Premio-Periodismo-afiche-final-scaled.jpg 1978w\" sizes=\"auto, (max-width: 791px) 100vw, 791px\" \/><\/figure>\n\n\n\n<p>Para participar y enviar sus propuestas, as\u00ed como conocer los detalles y criterios de evaluaci\u00f3n y el jurado calificador, los interesados pueden dirigirse a la p\u00e1gina web:&nbsp;<a href=\"https:\/\/worldvision.org.do\/5to-premio-periodismo-por-los-ninos\/\" target=\"_blank\" rel=\"noreferrer noopener\">https:\/\/worldvision.org.do\/5to-premio-periodismo-por-los-ninos\/<\/a>&nbsp;.<\/p>\n\n\n\n<p>Angel Abraham Mendez<\/p>\n\n\n\n<p><a target=\"_blank\" href=\"mailto:angel_mendez@wvi.org\" rel=\"noreferrer noopener\">angel_mendez@wvi.org<\/a><\/p>\n","protected":false},"excerpt":{"rendered":"<p>Es un reconocimiento a los trabajos y propuestas period\u00edsticas en las \u00e1reas de protecci\u00f3n, prevenci\u00f3n, sensibilizaci\u00f3n y defensa de los derechos de los ni\u00f1os, ni\u00f1as y adolescentes m\u00e1s vulnerables de la Rep\u00fablica Dominicana&nbsp;&#8211; Santo Domingo, D.N. Rep\u00fablica Dominicana. Mi\u00e9rcoles 24 de Julio de 2024. \u2013&nbsp;La organizaci\u00f3n internacional&nbsp;World Vision Rep\u00fablica Dominicana&nbsp;lanza el&nbsp;\u201c5to Premio World Vision: Periodismo [&hellip;]<\/p>\n","protected":false},"author":28,"featured_media":547632,"comment_status":"closed","ping_status":"closed","sticky":false,"template":"","format":"standard","meta":{"footnotes":""},"categories":[20,25,19],"tags":[],"class_list":["post-547586","post","type-post","status-publish","format-standard","has-post-thumbnail","hentry","category-dominicana-hoy","category-gente","category-mi-voz"],"_links":{"self":[{"href":"https:\/\/diariodominicano.com\/index.php?rest_route=\/wp\/v2\/posts\/547586","targetHints":{"allow":["GET"]}}],"collection":[{"href":"https:\/\/diariodominicano.com\/index.php?rest_route=\/wp\/v2\/posts"}],"about":[{"href":"https:\/\/diariodominicano.com\/index.php?rest_route=\/wp\/v2\/types\/post"}],"author":[{"embeddable":true,"href":"https:\/\/diariodominicano.com\/index.php?rest_route=\/wp\/v2\/users\/28"}],"replies":[{"embeddable":true,"href":"https:\/\/diariodominicano.com\/index.php?rest_route=%2Fwp%2Fv2%2Fcomments&post=547586"}],"version-history":[{"count":2,"href":"https:\/\/diariodominicano.com\/index.php?rest_route=\/wp\/v2\/posts\/547586\/revisions"}],"predecessor-version":[{"id":547634,"href":"https:\/\/diariodominicano.com\/index.php?rest_route=\/wp\/v2\/posts\/547586\/revisions\/547634"}],"wp:featuredmedia":[{"embeddable":true,"href":"https:\/\/diariodominicano.com\/index.php?rest_route=\/wp\/v2\/media\/547632"}],"wp:attachment":[{"href":"https:\/\/diariodominicano.com\/index.php?rest_route=%2Fwp%2Fv2%2Fmedia&parent=547586"}],"wp:term":[{"taxonomy":"category","embeddable":true,"href":"https:\/\/diariodominicano.com\/index.php?rest_route=%2Fwp%2Fv2%2Fcategories&post=547586"},{"taxonomy":"post_tag","embeddable":true,"href":"https:\/\/diariodominicano.com\/index.php?rest_route=%2Fwp%2Fv2%2Ftags&post=547586"}],"curies":[{"name":"wp","href":"https:\/\/api.w.org\/{rel}","templated":true}]}}