{"id":547529,"date":"2024-07-25T14:00:56","date_gmt":"2024-07-25T18:00:56","guid":{"rendered":"https:\/\/diariodominicano.com\/?p=547529"},"modified":"2024-07-25T14:03:14","modified_gmt":"2024-07-25T18:03:14","slug":"portapaz-lanza-manifiesto-global-exigiendo-educacion-ambiental-para-la-infancia-en-colombia","status":"publish","type":"post","link":"https:\/\/diariodominicano.com\/?p=547529","title":{"rendered":"PORTAPAZ: lanza manifiesto global exigiendo educaci\u00f3n ambiental para la infancia en Colombia"},"content":{"rendered":"\n<p><strong>Por:&nbsp;Olaff Crown \/&nbsp;<em>Fotos: Mellany Hern\u00e1ndez Pati\u00f1o<\/em><\/strong><\/p>\n\n\n\n<p>Bogot\u00e1, Colombia \u2013 24 de julio de 2024: En v\u00edsperas de la COP16 en Cali, el proyecto PORTAPAZ levanta su voz con un manifiesto global que exige la implementaci\u00f3n urgente de la educaci\u00f3n ambiental y el reciclaje desde la escuela primaria, desde la infancia en todos los rincones del planeta.<\/p>\n\n\n\n<p><strong>\u00a1Un futuro verde comienza hoy! PORTAPAZ lanza manifiesto global exigiendo educaci\u00f3n ambiental desde la infancia<\/strong><\/p>\n\n\n\n<p>En un mundo donde el futuro del planeta depende de un hilo, el proyecto PORTAPAZ presenta un manifiesto contundente en pro de una educaci\u00f3n ambiental y reciclaje, deben ser pilares fundamentales de la educaci\u00f3n desde la infancia primaria a nivel local, nacional e internacional.<\/p>\n\n\n\n<p>M\u00e1s que un proyecto de reciclaje, PORTAPAZ es un movimiento que siembra paz. Creemos que la armon\u00eda con el planeta es inseparable de la armon\u00eda entre nosotros. Por eso, vamos m\u00e1s all\u00e1 de recolectar tapas pl\u00e1sticas para combatir la contaminaci\u00f3n oce\u00e1nica: educamos, inspiramos y empoderamos a las comunidades para que sean agentes de cambio.<\/p>\n\n\n\n<p><strong>Barichara: Un llamado a la acci\u00f3n desde el pueblo m\u00e1s lindo de Colombia<\/strong><\/p>\n\n\n\n<p>Barichara, conocido popularmente como \u00abel pueblo m\u00e1s lindo de Colombia\u00bb, no solo enamora con su belleza colonial y sus calles empedradas, sino que tambi\u00e9n se erige como un estandarte de la preservaci\u00f3n ambiental. M\u00e1s que un pueblo pintoresco, Barichara es un s\u00edmbolo de la lucha por un futuro verde. Forma parte de la Red de Pueblos Patrimonio de Colombia, una red que busca proteger y promover el patrimonio cultural y la biodiversidad del pa\u00eds.<\/p>\n\n\n\n<p><strong>Un llamado urgente a la acci\u00f3n:<\/strong><\/p>\n\n\n\n<p>No podemos quedarnos de brazos cruzados mientras nuestro planeta se enfrenta a una crisis ambiental sin precedentes. Es nuestro deber, como comunidad global, actuar ahora para proteger el futuro de las pr\u00f3ximas generaciones.<\/p>\n\n\n\n<p><strong>Juntos, podemos hacer la diferencia:<\/strong><\/p>\n\n\n\n<p>PORTAPAZ te invita a unirte a nuestro movimiento. No importa d\u00f3nde est\u00e9s o qu\u00e9 hagas, puedes contribuir a un futuro m\u00e1s verde. Dona tus tapas de pl\u00e1stico, \u00fanete a nuestras iniciativas de voluntariado, difunde nuestro mensaje en tus redes sociales\u2026 Cada acci\u00f3n cuenta, por peque\u00f1a que parezca.<\/p>\n\n\n\n<p><strong>Sembrando esperanza desde la infancia:<\/strong><\/p>\n\n\n\n<p>Imaginemos un mundo donde los ni\u00f1os crecen con la conciencia ambiental arraigada en su ADN. Podemos ofrecerles las experiencias y el conocimiento que les permitir\u00e1n tomar decisiones responsables con el planeta. PORTAPAZ puede ser la chispa que encienda su pasi\u00f3n por el medio ambiente y la gu\u00eda que les ayude a construir un futuro m\u00e1s verde y sostenible.\u00danete a nosotros y juntos construyamos un futuro verde, sostenible y armonioso para las pr\u00f3ximas generaciones.<\/p>\n\n\n\n<p>Libre Press<\/p>\n\n\n\n<p><a target=\"_blank\" href=\"mailto:libropress@gmail.com\" rel=\"noreferrer noopener\">libropress@gmail.com<\/a><\/p>\n","protected":false},"excerpt":{"rendered":"<p>Por:&nbsp;Olaff Crown \/&nbsp;Fotos: Mellany Hern\u00e1ndez Pati\u00f1o Bogot\u00e1, Colombia \u2013 24 de julio de 2024: En v\u00edsperas de la COP16 en Cali, el proyecto PORTAPAZ levanta su voz con un manifiesto global que exige la implementaci\u00f3n urgente de la educaci\u00f3n ambiental y el reciclaje desde la escuela primaria, desde la infancia en todos los rincones del [&hellip;]<\/p>\n","protected":false},"author":28,"featured_media":547530,"comment_status":"closed","ping_status":"closed","sticky":false,"template":"","format":"standard","meta":{"footnotes":""},"categories":[36,25],"tags":[],"class_list":["post-547529","post","type-post","status-publish","format-standard","has-post-thumbnail","hentry","category-hombresmujeresycosas","category-gente"],"_links":{"self":[{"href":"https:\/\/diariodominicano.com\/index.php?rest_route=\/wp\/v2\/posts\/547529","targetHints":{"allow":["GET"]}}],"collection":[{"href":"https:\/\/diariodominicano.com\/index.php?rest_route=\/wp\/v2\/posts"}],"about":[{"href":"https:\/\/diariodominicano.com\/index.php?rest_route=\/wp\/v2\/types\/post"}],"author":[{"embeddable":true,"href":"https:\/\/diariodominicano.com\/index.php?rest_route=\/wp\/v2\/users\/28"}],"replies":[{"embeddable":true,"href":"https:\/\/diariodominicano.com\/index.php?rest_route=%2Fwp%2Fv2%2Fcomments&post=547529"}],"version-history":[{"count":2,"href":"https:\/\/diariodominicano.com\/index.php?rest_route=\/wp\/v2\/posts\/547529\/revisions"}],"predecessor-version":[{"id":547533,"href":"https:\/\/diariodominicano.com\/index.php?rest_route=\/wp\/v2\/posts\/547529\/revisions\/547533"}],"wp:featuredmedia":[{"embeddable":true,"href":"https:\/\/diariodominicano.com\/index.php?rest_route=\/wp\/v2\/media\/547530"}],"wp:attachment":[{"href":"https:\/\/diariodominicano.com\/index.php?rest_route=%2Fwp%2Fv2%2Fmedia&parent=547529"}],"wp:term":[{"taxonomy":"category","embeddable":true,"href":"https:\/\/diariodominicano.com\/index.php?rest_route=%2Fwp%2Fv2%2Fcategories&post=547529"},{"taxonomy":"post_tag","embeddable":true,"href":"https:\/\/diariodominicano.com\/index.php?rest_route=%2Fwp%2Fv2%2Ftags&post=547529"}],"curies":[{"name":"wp","href":"https:\/\/api.w.org\/{rel}","templated":true}]}}