{"id":54750,"date":"2020-03-15T10:29:08","date_gmt":"2020-03-15T10:29:08","guid":{"rendered":"http:\/\/diariodominicano.ddns.net\/?p=54750"},"modified":"2020-03-15T10:29:08","modified_gmt":"2020-03-15T10:29:08","slug":"muere-la-poetisa-y-educadora-abigail-mejia-2","status":"publish","type":"post","link":"https:\/\/diariodominicano.com\/?p=54750","title":{"rendered":"Muere la poetisa y educadora  Abiga\u00edl Mej\u00eda"},"content":{"rendered":"<p><body><\/p>\n<p><strong>Diariodominicano.com<\/strong><\/p>\n<\/p>\n<p><strong>Muere la poetisa y educadora  Abiga\u00edl Mej\u00eda<\/strong><\/p>\n<p><strong>Al resaltar sus aportes a la literatura, el doctor Joaqu\u00edn Balaguer considera que Abigail Mej\u00eda de Fern\u00e1ndez, fue una novelista y escritora, que enriqueci\u00f3 la literatura nacional con varias obras de imaginaci\u00f3n, como \u00abSue\u00f1a Pilar\u00edn\u00bb y \u00abPor entre frivolidades\u00bb, y con dos importantes libros did\u00e1cticos, la \u00abHistoria de la literatura castellana\u00bb 1926, y la \u00abHistoria de la literatura dominicana\u00bb, 1937.<\/strong><\/p>\n<p><strong>Por HTN<\/strong><\/p>\n<p><strong>Diariodominicano.com<\/strong><\/p>\n<\/p>\n<p>El  15 de marzo de 1940, muri\u00f3 en la ciudad de Santo Domingo, la poetisa y educadora Abigail Mej\u00eda.<\/p>\n<\/p>\n<p>     Al resaltar sus aportes a la literatura, el doctor Joaqu\u00edn Balaguer considera que Abigail Mej\u00eda de Fern\u00e1ndez, fue una novelista y escritora, que enriqueci\u00f3 la literatura nacional con varias obras de imaginaci\u00f3n, como \u00abSue\u00f1a Pilar\u00edn\u00bb y \u00abPor entre frivolidades\u00bb, y con dos importantes libros did\u00e1cticos, la \u00abHistoria de la literatura castellana\u00bb 1926, y la \u00abHistoria de la literatura dominicana\u00bb, 1937.<\/p>\n<\/p>\n<p>    Abigail Mej\u00eda hab\u00eda nacido en 1895.<\/p>\n<\/p>\n<h6> 2020-03-15 10:29:08 <\/h6>\n<p><!--\n<link rel=\"stylesheet\" href=\"css\/bootstrap.min.css\">\n\n\n<ul class=\"pagination\">\n\t    \n\t\n\n<li >\n\t<a href='?page_no=685'>Previous<\/a>\n\t<\/li>\n\n\n       \n    \n\n<li><a href='?page_no=1'>1<\/a><\/li>\n\n\n\n<li><a href='?page_no=2'>2<\/a><\/li>\n\n\n\n<li><a>...<\/a><\/li>\n\n\n\n<li><a href='?page_no=684'>684<\/a><\/li>\n\n\n\n<li><a href='?page_no=685'>685<\/a><\/li>\n\n\n\n<li class='active'><a>686<\/a><\/li>\n\n\n\n<li><a href='?page_no=687'>687<\/a><\/li>\n\n\n\n<li><a href='?page_no=688'>688<\/a><\/li>\n\n\n\n<li><a>...<\/a><\/li>\n\n\n\n<li><a href='?page_no=22911'>22911<\/a><\/li>\n\n\n\n<li><a href='?page_no=22912'>22912<\/a><\/li>\n\n    \n\t\n\n<li >\n\t<a href='?page_no=687'>Next<\/a>\n\t<\/li>\n\n\n    \n\n<li><a href='?page_no=22912'>Last &rsaquo;&rsaquo;<\/a><\/li>\n\n<\/ul>\n\n\n--><br \/>\n<\/body><\/p>\n","protected":false},"excerpt":{"rendered":"<p>Diariodominicano.com Muere la poetisa y educadora Abiga\u00edl Mej\u00eda Al resaltar sus aportes a la literatura, el doctor Joaqu\u00edn Balaguer considera que Abigail Mej\u00eda de Fern\u00e1ndez, fue una novelista y escritora, que enriqueci\u00f3 la literatura nacional con varias obras de imaginaci\u00f3n, como \u00abSue\u00f1a Pilar\u00edn\u00bb y \u00abPor entre frivolidades\u00bb, y con dos importantes libros did\u00e1cticos, la \u00abHistoria [&hellip;]<\/p>\n","protected":false},"author":3,"featured_media":0,"comment_status":"open","ping_status":"open","sticky":false,"template":"","format":"standard","meta":{"footnotes":""},"categories":[21],"tags":[],"class_list":["post-54750","post","type-post","status-publish","format-standard","hentry","category-cultura"],"_links":{"self":[{"href":"https:\/\/diariodominicano.com\/index.php?rest_route=\/wp\/v2\/posts\/54750","targetHints":{"allow":["GET"]}}],"collection":[{"href":"https:\/\/diariodominicano.com\/index.php?rest_route=\/wp\/v2\/posts"}],"about":[{"href":"https:\/\/diariodominicano.com\/index.php?rest_route=\/wp\/v2\/types\/post"}],"author":[{"embeddable":true,"href":"https:\/\/diariodominicano.com\/index.php?rest_route=\/wp\/v2\/users\/3"}],"replies":[{"embeddable":true,"href":"https:\/\/diariodominicano.com\/index.php?rest_route=%2Fwp%2Fv2%2Fcomments&post=54750"}],"version-history":[{"count":0,"href":"https:\/\/diariodominicano.com\/index.php?rest_route=\/wp\/v2\/posts\/54750\/revisions"}],"wp:attachment":[{"href":"https:\/\/diariodominicano.com\/index.php?rest_route=%2Fwp%2Fv2%2Fmedia&parent=54750"}],"wp:term":[{"taxonomy":"category","embeddable":true,"href":"https:\/\/diariodominicano.com\/index.php?rest_route=%2Fwp%2Fv2%2Fcategories&post=54750"},{"taxonomy":"post_tag","embeddable":true,"href":"https:\/\/diariodominicano.com\/index.php?rest_route=%2Fwp%2Fv2%2Ftags&post=54750"}],"curies":[{"name":"wp","href":"https:\/\/api.w.org\/{rel}","templated":true}]}}