{"id":54739,"date":"2020-03-15T15:44:08","date_gmt":"2020-03-15T15:44:08","guid":{"rendered":"http:\/\/diariodominicano.ddns.net\/?p=54739"},"modified":"2020-03-15T15:44:08","modified_gmt":"2020-03-15T15:44:08","slug":"minerd-llama-a-comunidad-educativa-a-sumarse-este-lunes-16-y-martes-17-a-jornada-nacional-de-limpieza-y-desinfeccion-de-centros","status":"publish","type":"post","link":"https:\/\/diariodominicano.com\/?p=54739","title":{"rendered":"MINERD llama a comunidad educativa a sumarse este lunes 16 y martes 17 a jornada nacional de limpieza y desinfecci\u00f3n de centros"},"content":{"rendered":"<p><body><\/p>\n<p><img decoding=\"async\" src=\"img3\/MINERD15-3-20.jpg\" \/>  <\/p>\n<p>diariodominicano.com<span class=\"text1noticias\"> <\/span><\/p>\n<p><span class=\"text1noticias\"> <\/span><\/p>\n<p><span class=\"text1noticias\">Santo Domingo, R. D., 15 de marzo, 2020.- El Ministerio de Educaci\u00f3n llam\u00f3 este domingo  a los representantes de las Asociaciones de Padres, Madres, Tutores y Amigos de la Escuela (APMAES), a sumarse este lunes temprano a la jornada de limpieza y desinfecci\u00f3n profunda que realizar\u00e1 el personal del MINERD en todos los centros educativos,  luego de la celebraci\u00f3n de las elecciones extraordinarias municipales.<\/span><\/p>\n<p><span class=\"text1noticias\"> <\/span><\/p>\n<p><span class=\"text1noticias\">Inform\u00f3 que para mejor resultado de la jornada de limpieza desde primeras horas de este lunes 16, se iniciar\u00e1 la distribuci\u00f3n de unos cinco mil contenedores de basura pl\u00e1sticos de distintos tama\u00f1os a las 18 Regionales y 122 Distritales direcciones escolares.<\/span><\/p>\n<p><span class=\"text1noticias\"> <\/span><\/p>\n<p><span class=\"text1noticias\">La medida ser\u00e1 implementada en las escuelas ante recomendaci\u00f3n de la Comisi\u00f3n de Alto Nivel, designada por el presidente Danilo Medina, para dar seguimiento y prevenir el contagio del Coronavirus.<\/span><\/p>\n<p><span class=\"text1noticias\"> <\/span><\/p>\n<p><span class=\"text1noticias\"> \u00abHacemos un llamado a toda la comunidad educativa a sumarse, desde las primeras hora de ma\u00f1ana lunes, a la jornada de limpieza que estaremos realizando en todos los centros educativos del pa\u00eds\u00bb, precisa el MINERD.<\/span><\/p>\n<p><span class=\"text1noticias\"> <\/span><\/p>\n<p><span class=\"text1noticias\"> Se recuerda que previamente el ministro Antonio Pe\u00f1a Mirabal anunci\u00f3 en rueda de prensa celebrada en el Palacio Nacional, que se instruy\u00f3 a los directores regionales, distritales y de centros, para que de inmediato procedan a comprar detergentes, suministros desinfectantes y organizar la log\u00edstica necesaria para la jornada nacional de limpieza y desinfecci\u00f3n.  <\/span><\/p>\n<p><span class=\"text1noticias\"> <\/span><\/p>\n<p><span class=\"text1noticias\">Regreso seguro a docencia<\/span><\/p>\n<p><span class=\"text1noticias\"> <\/span><\/p>\n<p><span class=\"text1noticias\">El MINERD sostuvo que la medida permitir\u00e1 asegurar que el regreso a clases de los y las estudiantes, el pr\u00f3ximo mi\u00e9rcoles 18, se realice en condiciones plenamente higi\u00e9nicas tras la celebraci\u00f3n de las elecciones extraordinarias municipales de este domingo.<\/span><\/p>\n<p><span class=\"text1noticias\"> <\/span><\/p>\n<p><span class=\"text1noticias\">Instrucciones<\/span><\/p>\n<p><span class=\"text1noticias\"> <\/span><\/p>\n<p><span class=\"text1noticias\">El MINERD emiti\u00f3 este s\u00e1bado la Circular 17, a trav\u00e9s de la cual instruye a los directores Regionales y de Distritos sobre la labor de limpieza y desinfecci\u00f3n. Indica, adem\u00e1s, que deber\u00e1n llevar un registro detallado y minucioso de cada centro intervenido y reportar a la Direcci\u00f3n de Gabinete Ministerial que dirige el profesor Henry Santos.<\/span><\/p>\n<p><span class=\"text1noticias\"> <\/span><\/p>\n<p><span class=\"text1noticias\">El MINERD estableci\u00f3, tambi\u00e9n, que el primer reporte del lunes 16 de marzo relativo a las acciones de desinfecci\u00f3n de los centros educativos se realizar\u00e1 a las 12:00 M. (mediod\u00eda. Mientras, que el segundo informe o levantamiento deber\u00e1 rendirse a las 12:00 del mediod\u00eda del martes 17.<\/span><\/p>\n<p><span class=\"text1noticias\"> <\/span><\/p>\n<p><span class=\"text1noticias\">Medidas preventivas<\/span><\/p>\n<p><span class=\"text1noticias\"> <\/span><\/p>\n<p><span class=\"text1noticias\">De manera paralela, el MINERD mantendr\u00e1 por distintas v\u00edas una intensa campa\u00f1a de orientaci\u00f3n a estudiantes, padres, maestros y personal administrativo, para prevenir el COVID-19.<\/span><\/p>\n<p><span class=\"text1noticias\"> <\/span><\/p>\n<p><span class=\"text1noticias\"> <\/span><\/p>\n<p><span class=\"text1noticias\"> <\/span><\/p>\n<p><span class=\"text1noticias\"> <\/span><\/p>\n<p><span class=\"text1noticias\"> <\/span><\/p>\n<p><span class=\"text1noticias\">Medidas relativas a comunidad educativa<\/span><\/p>\n<p><span class=\"text1noticias\"> <\/span><\/p>\n<p><span class=\"text1noticias\">Se recuerda que anoche, el Gobierno dispuso que los estudiantes de los niveles de Inicial, Primario y Secundario que estudian en la Rep\u00fablica Dominicana, pero que han visitado alg\u00fan pa\u00eds donde hay circulaci\u00f3n comunitaria del Coronavirus \u00abdeber\u00e1n quedarse en aislamiento domiciliario por 15 d\u00edas desde su llegada al pa\u00eds\u00bb.<\/span><\/p>\n<p><span class=\"text1noticias\"> <\/span><\/p>\n<p><span class=\"text1noticias\"> \u00abLos estudiantes de los niveles Inicial, B\u00e1sico e Intermedio que estudian en la Rep\u00fablica Dominicana, pero han visitado alg\u00fan pa\u00eds donde hay circulaci\u00f3n comunitaria del Coronavirus deben quedarse en aislamiento domiciliario por 15 d\u00edas desde su llegada al pa\u00eds\u00bb, precisa el comunicado emitido por el Gobierno.<\/span><\/p>\n<p><span class=\"text1noticias\"> <\/span><\/p>\n<p><span class=\"text1noticias\">Direcci\u00f3n de Comunicaci\u00f3n y Relaciones P\u00fablicas<\/span><\/p>\n<p><span class=\"text1noticias\">15 de marzo del 2020<\/span><\/p>\n<p><span class=\"text1noticias\"> <\/span><\/p>\n<p><span class=\"text1noticias\"> <\/span><\/p>\n<p><span class=\"text1noticias\"> <\/span><\/p>\n<p><span class=\"text1noticias\"> <\/span><\/p>\n<p><span class=\"text1noticias\"> <\/span><\/p>\n<p><span class=\"text1noticias\"> <\/span><\/p>\n<p><span class=\"text1noticias\"> <\/span><\/p>\n<p><span class=\"text1noticias\">MINERD llama a comunidad educativa a sumarse este lunes 16 y martes 17 a jornada nacional de limpieza y desinfecci\u00f3n de centros<\/span><\/p>\n<p><span class=\"text1noticias\"> <\/span><\/p>\n<p><span class=\"text1noticias\">Distribuir\u00e1 unos 5 mil contenedores de basura <\/span><\/p>\n<p><span class=\"text1noticias\"> <\/span><\/p>\n<p><span class=\"text1noticias\"> <\/span><\/p>\n<p><span class=\"text1noticias\">Santo Domingo.- El Ministerio de Educaci\u00f3n llam\u00f3 este domingo  a los representantes de las Asociaciones de Padres, Madres, Tutores y Amigos de la Escuela (APMAES), a sumarse este lunes temprano a la jornada de limpieza y desinfecci\u00f3n profunda que realizar\u00e1 el personal del MINERD en todos los centros educativos,  luego de la celebraci\u00f3n de las elecciones extraordinarias municipales.<\/span><\/p>\n<p><span class=\"text1noticias\"> <\/span><\/p>\n<p><span class=\"text1noticias\">Inform\u00f3 que para mejor resultado de la jornada de limpieza desde primeras horas de este lunes 16, se iniciar\u00e1 la distribuci\u00f3n de unos cinco mil contenedores de basura pl\u00e1sticos de distintos tama\u00f1os a las 18 Regionales y 122 Distritales direcciones escolares.<\/span><\/p>\n<p><span class=\"text1noticias\"> <\/span><\/p>\n<p><span class=\"text1noticias\">La medida ser\u00e1 implementada en las escuelas ante recomendaci\u00f3n de la Comisi\u00f3n de Alto Nivel, designada por el presidente Danilo Medina, para dar seguimiento y prevenir el contagio del Coronavirus.<\/span><\/p>\n<p><span class=\"text1noticias\"> <\/span><\/p>\n<p><span class=\"text1noticias\"> \u00abHacemos un llamado a toda la comunidad educativa a sumarse, desde las primeras hora de ma\u00f1ana lunes, a la jornada de limpieza que estaremos realizando en todos los centros educativos del pa\u00eds\u00bb, precisa el MINERD.<\/span><\/p>\n<p><span class=\"text1noticias\"> <\/span><\/p>\n<p><span class=\"text1noticias\"> Se recuerda que previamente el ministro Antonio Pe\u00f1a Mirabal anunci\u00f3 en rueda de prensa celebrada en el Palacio Nacional, que se instruy\u00f3 a los directores regionales, distritales y de centros, para que de inmediato procedan a comprar detergentes, suministros desinfectantes y organizar la log\u00edstica necesaria para la jornada nacional de limpieza y desinfecci\u00f3n.  <\/span><\/p>\n<p><span class=\"text1noticias\"> <\/span><\/p>\n<p><span class=\"text1noticias\">Regreso seguro a docencia<\/span><\/p>\n<p><span class=\"text1noticias\"> <\/span><\/p>\n<p><span class=\"text1noticias\">El MINERD sostuvo que la medida permitir\u00e1 asegurar que el regreso a clases de los y las estudiantes, el pr\u00f3ximo mi\u00e9rcoles 18, se realice en condiciones plenamente higi\u00e9nicas tras la celebraci\u00f3n de las elecciones extraordinarias municipales de este domingo.<\/span><\/p>\n<p><span class=\"text1noticias\"> <\/span><\/p>\n<p><span class=\"text1noticias\">Instrucciones<\/span><\/p>\n<p><span class=\"text1noticias\"> <\/span><\/p>\n<p><span class=\"text1noticias\">El MINERD emiti\u00f3 este s\u00e1bado la Circular 17, a trav\u00e9s de la cual instruye a los directores Regionales y de Distritos sobre la labor de limpieza y desinfecci\u00f3n. Indica, adem\u00e1s, que deber\u00e1n llevar un registro detallado y minucioso de cada centro intervenido y reportar a la Direcci\u00f3n de Gabinete Ministerial que dirige el profesor Henry Santos.<\/span><\/p>\n<p><span class=\"text1noticias\"> <\/span><\/p>\n<p><span class=\"text1noticias\">El MINERD estableci\u00f3, tambi\u00e9n, que el primer reporte del lunes 16 de marzo relativo a las acciones de desinfecci\u00f3n de los centros educativos se realizar\u00e1 a las 12:00 M. (mediod\u00eda. Mientras, que el segundo informe o levantamiento deber\u00e1 rendirse a las 12:00 del mediod\u00eda del martes 17.<\/span><\/p>\n<p><span class=\"text1noticias\"> <\/span><\/p>\n<p><span class=\"text1noticias\">Medidas preventivas<\/span><\/p>\n<p><span class=\"text1noticias\"> <\/span><\/p>\n<p><span class=\"text1noticias\">De manera paralela, el MINERD mantendr\u00e1 por distintas v\u00edas una intensa campa\u00f1a de orientaci\u00f3n a estudiantes, padres, maestros y personal administrativo, para prevenir el COVID-19.<\/span><\/p>\n<p><span class=\"text1noticias\"> <\/span><\/p>\n<p><span class=\"text1noticias\"> <\/span><\/p>\n<p><span class=\"text1noticias\"> <\/span><\/p>\n<p><span class=\"text1noticias\"> <\/span><\/p>\n<p><span class=\"text1noticias\"> <\/span><\/p>\n<p><span class=\"text1noticias\">Medidas relativas a comunidad educativa<\/span><\/p>\n<p><span class=\"text1noticias\"> <\/span><\/p>\n<p><span class=\"text1noticias\">Se recuerda que anoche, el Gobierno dispuso que los estudiantes de los niveles de Inicial, Primario y Secundario que estudian en la Rep\u00fablica Dominicana, pero que han visitado alg\u00fan pa\u00eds donde hay circulaci\u00f3n comunitaria del Coronavirus \u00abdeber\u00e1n quedarse en aislamiento domiciliario por 15 d\u00edas desde su llegada al pa\u00eds\u00bb.<\/span><\/p>\n<p><span class=\"text1noticias\"> <\/span><\/p>\n<p><span class=\"text1noticias\"> \u00abLos estudiantes de los niveles Inicial, B\u00e1sico e Intermedio que estudian en la Rep\u00fablica Dominicana, pero han visitado alg\u00fan pa\u00eds donde hay circulaci\u00f3n comunitaria del Coronavirus deben quedarse en aislamiento domiciliario por 15 d\u00edas desde su llegada al pa\u00eds\u00bb, precisa el comunicado emitido por el Gobierno.<\/span><\/p>\n<p><span class=\"text1noticias\"> <\/span><\/p>\n<p><span class=\"text1noticias\">Direcci\u00f3n de Comunicaci\u00f3<\/span>n y Relaciones P\u00fablicas<\/p>\n<p>15 de marzo del 2020<\/p>\n<\/p>\n<\/p>\n<\/p>\n<\/p>\n<h6> 2020-03-15 15:44:08 <\/h6>\n<p><!--\n<link rel=\"stylesheet\" href=\"css\/bootstrap.min.css\">\n\n\n<ul class=\"pagination\">\n\t    \n\t\n\n<li >\n\t<a href='?page_no=684'>Previous<\/a>\n\t<\/li>\n\n\n       \n    \n\n<li><a href='?page_no=1'>1<\/a><\/li>\n\n\n\n<li><a href='?page_no=2'>2<\/a><\/li>\n\n\n\n<li><a>...<\/a><\/li>\n\n\n\n<li><a href='?page_no=683'>683<\/a><\/li>\n\n\n\n<li><a href='?page_no=684'>684<\/a><\/li>\n\n\n\n<li class='active'><a>685<\/a><\/li>\n\n\n\n<li><a href='?page_no=686'>686<\/a><\/li>\n\n\n\n<li><a href='?page_no=687'>687<\/a><\/li>\n\n\n\n<li><a>...<\/a><\/li>\n\n\n\n<li><a href='?page_no=22911'>22911<\/a><\/li>\n\n\n\n<li><a href='?page_no=22912'>22912<\/a><\/li>\n\n    \n\t\n\n<li >\n\t<a href='?page_no=686'>Next<\/a>\n\t<\/li>\n\n\n    \n\n<li><a href='?page_no=22912'>Last &rsaquo;&rsaquo;<\/a><\/li>\n\n<\/ul>\n\n\n--><br \/>\n<\/body><\/p>\n","protected":false},"excerpt":{"rendered":"<p>diariodominicano.com Santo Domingo, R. D., 15 de marzo, 2020.- El Ministerio de Educaci\u00f3n llam\u00f3 este domingo a los representantes de las Asociaciones de Padres, Madres, Tutores y Amigos de la Escuela (APMAES), a sumarse este lunes temprano a la jornada de limpieza y desinfecci\u00f3n profunda que realizar\u00e1 el personal del MINERD en todos los centros [&hellip;]<\/p>\n","protected":false},"author":3,"featured_media":0,"comment_status":"open","ping_status":"open","sticky":false,"template":"","format":"standard","meta":{"footnotes":""},"categories":[21],"tags":[],"class_list":["post-54739","post","type-post","status-publish","format-standard","hentry","category-cultura"],"_links":{"self":[{"href":"https:\/\/diariodominicano.com\/index.php?rest_route=\/wp\/v2\/posts\/54739","targetHints":{"allow":["GET"]}}],"collection":[{"href":"https:\/\/diariodominicano.com\/index.php?rest_route=\/wp\/v2\/posts"}],"about":[{"href":"https:\/\/diariodominicano.com\/index.php?rest_route=\/wp\/v2\/types\/post"}],"author":[{"embeddable":true,"href":"https:\/\/diariodominicano.com\/index.php?rest_route=\/wp\/v2\/users\/3"}],"replies":[{"embeddable":true,"href":"https:\/\/diariodominicano.com\/index.php?rest_route=%2Fwp%2Fv2%2Fcomments&post=54739"}],"version-history":[{"count":0,"href":"https:\/\/diariodominicano.com\/index.php?rest_route=\/wp\/v2\/posts\/54739\/revisions"}],"wp:attachment":[{"href":"https:\/\/diariodominicano.com\/index.php?rest_route=%2Fwp%2Fv2%2Fmedia&parent=54739"}],"wp:term":[{"taxonomy":"category","embeddable":true,"href":"https:\/\/diariodominicano.com\/index.php?rest_route=%2Fwp%2Fv2%2Fcategories&post=54739"},{"taxonomy":"post_tag","embeddable":true,"href":"https:\/\/diariodominicano.com\/index.php?rest_route=%2Fwp%2Fv2%2Ftags&post=54739"}],"curies":[{"name":"wp","href":"https:\/\/api.w.org\/{rel}","templated":true}]}}