{"id":54728,"date":"2020-03-15T17:09:10","date_gmt":"2020-03-15T17:09:10","guid":{"rendered":"http:\/\/diariodominicano.ddns.net\/?p=54728"},"modified":"2020-03-15T17:09:10","modified_gmt":"2020-03-15T17:09:10","slug":"mescyt-exhorta-estudiantes-cursan-internado-rotatorio-mantenerse-en-centros-de-salud","status":"publish","type":"post","link":"https:\/\/diariodominicano.com\/?p=54728","title":{"rendered":"MESCYT exhorta estudiantes cursan internado rotatorio mantenerse en centros de salud"},"content":{"rendered":"<p><body><\/p>\n<p><img decoding=\"async\" src=\"img3\/MESCYT15-3-2020.png\" \/>  <\/p>\n<p><span class=\"text1noticias\">diariodominicano.com<\/span><\/p>\n<p><span class=\"text1noticias\"> <\/span><\/p>\n<p><span class=\"text1noticias\"> <\/span><\/p>\n<p><span class=\"text1noticias\">Santo Domingo, R. D., 15 Marzo 2020 (DICOM).- El Ministerio de Educaci\u00f3n Superior, Ciencia y Tecnolog\u00eda (MESCYT) exhort\u00f3 a los estudiantes que cursan internado rotatorio a mantenerse en los centros de salud.<\/span><\/p>\n<p><span class=\"text1noticias\"> <\/span><\/p>\n<p><span class=\"text1noticias\">A continuaci\u00f3n, el comunicado dado a conocer por la instituci\u00f3n:<\/span><\/p>\n<p><span class=\"text1noticias\"> <\/span><\/p>\n<p><span class=\"text1noticias\">\u00abA solicitud de la Comisi\u00f3n creada por el Poder Ejecutivo orientada a prevenir posibles casos de coronavirus, el Ministerio de Educaci\u00f3n Superior, Ciencia y Tecnolog\u00eda (MESCYT), dej\u00f3 sin efecto el numeral 6 de las medidas adoptadas por la Mesa Permanente de Vigilancia COVID-19 IES RD.<\/span><\/p>\n<p><span class=\"text1noticias\"> <\/span><\/p>\n<p><span class=\"text1noticias\">Dicho numeral establec\u00eda que los estudiantes que cubren las \u00e1reas de: mergencias, Triage, Consultas, Unidad de Cuidados Intensivos (UCI) y Aislamiento su presencia en dichas \u00e1reas y servicios quedaba suspendida temporalmente.  <\/span><\/p>\n<p><span class=\"text1noticias\"> <\/span><\/p>\n<p><span class=\"text1noticias\">La ministra, doctora Alejandrina Germ\u00e1n, explic\u00f3 que se deja sin efecto dicha medida ya que se busca que los estudiantes que en su ciclo formativo deben cubrir las  \u00e1reas y servicios citados  est\u00e9n integrados a las labores que  realizan las instituciones de salud con miras a la prevenci\u00f3n y atenci\u00f3n eficiente de la poblaci\u00f3n que pudiera resultar afectada por el virus.<\/span><\/p>\n<p><span class=\"text1noticias\"> <\/span><\/p>\n<p><span class=\"text1noticias\">El MESCYT record\u00f3 que con el objetivo de prevenir posibles casos de coronavirus en la comunidad universitaria   se cre\u00f3 la Mesa Permanente de Vigilancia COVID 19-IES integrada por varias instituciones.<\/span><\/p>\n<p><span class=\"text1noticias\"> <\/span><\/p>\n<p><span class=\"text1noticias\">Dentro de esas instituciones destacan: Ministerio de Salud P\u00fablica, Servicio Nacional de Salud y las facultades y escuelas de las universidades que imparten las carreras de medicina, odontolog\u00eda, bioan\u00e1lisis y enfermer\u00eda.<\/span><\/p>\n<p><span class=\"text1noticias\"> <\/span><\/p>\n<p><span class=\"text1noticias\">El MESCYT precis\u00f3 que las dem\u00e1s medidas adoptadas por la Mesa Permanente de Vigilancia COVID 19 IES RD se mantienen vigentes con el fin de prevenir posibles casos en la comunidad universitaria\u00bb.<\/span><\/p>\n<\/p>\n<\/p>\n<\/p>\n<h6> 2020-03-15 17:09:10 <\/h6>\n<p><!--\n<link rel=\"stylesheet\" href=\"css\/bootstrap.min.css\">\n\n\n<ul class=\"pagination\">\n\t    \n\t\n\n<li >\n\t<a href='?page_no=683'>Previous<\/a>\n\t<\/li>\n\n\n       \n    \n\n<li><a href='?page_no=1'>1<\/a><\/li>\n\n\n\n<li><a href='?page_no=2'>2<\/a><\/li>\n\n\n\n<li><a>...<\/a><\/li>\n\n\n\n<li><a href='?page_no=682'>682<\/a><\/li>\n\n\n\n<li><a href='?page_no=683'>683<\/a><\/li>\n\n\n\n<li class='active'><a>684<\/a><\/li>\n\n\n\n<li><a href='?page_no=685'>685<\/a><\/li>\n\n\n\n<li><a href='?page_no=686'>686<\/a><\/li>\n\n\n\n<li><a>...<\/a><\/li>\n\n\n\n<li><a href='?page_no=22911'>22911<\/a><\/li>\n\n\n\n<li><a href='?page_no=22912'>22912<\/a><\/li>\n\n    \n\t\n\n<li >\n\t<a href='?page_no=685'>Next<\/a>\n\t<\/li>\n\n\n    \n\n<li><a href='?page_no=22912'>Last &rsaquo;&rsaquo;<\/a><\/li>\n\n<\/ul>\n\n\n--><br \/>\n<\/body><\/p>\n","protected":false},"excerpt":{"rendered":"<p>diariodominicano.com Santo Domingo, R. D., 15 Marzo 2020 (DICOM).- El Ministerio de Educaci\u00f3n Superior, Ciencia y Tecnolog\u00eda (MESCYT) exhort\u00f3 a los estudiantes que cursan internado rotatorio a mantenerse en los centros de salud. A continuaci\u00f3n, el comunicado dado a conocer por la instituci\u00f3n: \u00abA solicitud de la Comisi\u00f3n creada por el Poder Ejecutivo orientada a [&hellip;]<\/p>\n","protected":false},"author":3,"featured_media":0,"comment_status":"open","ping_status":"open","sticky":false,"template":"","format":"standard","meta":{"footnotes":""},"categories":[21],"tags":[],"class_list":["post-54728","post","type-post","status-publish","format-standard","hentry","category-cultura"],"_links":{"self":[{"href":"https:\/\/diariodominicano.com\/index.php?rest_route=\/wp\/v2\/posts\/54728","targetHints":{"allow":["GET"]}}],"collection":[{"href":"https:\/\/diariodominicano.com\/index.php?rest_route=\/wp\/v2\/posts"}],"about":[{"href":"https:\/\/diariodominicano.com\/index.php?rest_route=\/wp\/v2\/types\/post"}],"author":[{"embeddable":true,"href":"https:\/\/diariodominicano.com\/index.php?rest_route=\/wp\/v2\/users\/3"}],"replies":[{"embeddable":true,"href":"https:\/\/diariodominicano.com\/index.php?rest_route=%2Fwp%2Fv2%2Fcomments&post=54728"}],"version-history":[{"count":0,"href":"https:\/\/diariodominicano.com\/index.php?rest_route=\/wp\/v2\/posts\/54728\/revisions"}],"wp:attachment":[{"href":"https:\/\/diariodominicano.com\/index.php?rest_route=%2Fwp%2Fv2%2Fmedia&parent=54728"}],"wp:term":[{"taxonomy":"category","embeddable":true,"href":"https:\/\/diariodominicano.com\/index.php?rest_route=%2Fwp%2Fv2%2Fcategories&post=54728"},{"taxonomy":"post_tag","embeddable":true,"href":"https:\/\/diariodominicano.com\/index.php?rest_route=%2Fwp%2Fv2%2Ftags&post=54728"}],"curies":[{"name":"wp","href":"https:\/\/api.w.org\/{rel}","templated":true}]}}