{"id":54717,"date":"2020-03-16T02:53:04","date_gmt":"2020-03-16T02:53:04","guid":{"rendered":"http:\/\/diariodominicano.ddns.net\/?p=54717"},"modified":"2020-03-16T02:53:04","modified_gmt":"2020-03-16T02:53:04","slug":"nombran-a-duarte-comandante-militar-de-santo-domingo","status":"publish","type":"post","link":"https:\/\/diariodominicano.com\/?p=54717","title":{"rendered":"Nombran a Duarte Comandante Militar de  Santo Domingo"},"content":{"rendered":"<p><body><\/p>\n<p><img decoding=\"async\" src=\"img3\/Duarte joven00.jpg\" \/>  <\/p>\n<p><strong>Diariodominicano.com<\/strong><\/p>\n<p><strong>Nombran a Duarte Comandante Militar de  Santo Domingo<\/strong><\/p>\n<p>El primer organismo de Gobierno de la Rep\u00fablica Dominicana aprob\u00f3 la disposici\u00f3n luego que un grupo de personalidades encabezadas por los pr\u00f3ceres Francisco del Rosario S\u00e1nchez y Mat\u00edas Ram\u00f3n Mella, la propusieron.<\/p>\n<p><strong>Por H\u00e9ctor Tineo Nolasco<\/strong><\/p>\n<p><strong>Diariodominicano.com<\/strong><\/p>\n<p><strong>SANTO DOMINGO,  El 16 de marzo de 1844<\/strong>, la Junta Central Gubernativa nombr\u00f3 al patricio Juan Pablo Duarte, Comandante Militar del Departamento de Santo Domingo.<\/p>\n<p>    El primer organismo de Gobierno de la Rep\u00fablica Dominicana aprob\u00f3 la disposici\u00f3n luego que un grupo de personalidades encabezadas por los pr\u00f3ceres Francisco del Rosario S\u00e1nchez y Mat\u00edas Ram\u00f3n Mella, la propusieron.<\/p>\n<p>Juan Pablo Duarte, Juan Isidro P\u00e9rez y Pedro Alejandrino Pina, hab\u00edan regresado el d\u00eda anterior de Curazao, donde vivieron exiliados para evadir la persecuci\u00f3n del Gobierno haitiano.<\/p>\n<p>    Hicieron el viaje en la goleta La Leonor que hab\u00eda sido enviada por la Junta Central Gubernativa  a  Curazao, al mando de Juan Alejandro Acosta, para que los transportara  a Santo Domingo.<\/p>\n<p>El viaje de regreso lo iniciaron el d\u00eda 8 de marzo de 1844,  a bordo de la goleta La Leonor.<\/p>\n<p>     El d\u00eda  2 de marzo de 1844, la Junta Central Gubernativa hab\u00eda enviado a Curazao a una comisi\u00f3n oficial para que  los acompa\u00f1ara  en el viaje de retorno. <\/p>\n<p>   Los tres pr\u00f3ceres hab\u00edan salido del pa\u00eds en una embarcaci\u00f3n que abordaron la noche del  2 de agosto de 1843 para evadir la persecuci\u00f3n de las autoridades haitianas. <\/p>\n<p>    Cuando la Junta Central Gubernativa design\u00f3 la Comisi\u00f3n que viaj\u00f3 a Curazao para traer a Duarte y a sus compa\u00f1eros, el organismo era presidido por el pr\u00f3cer Mat\u00edas Ram\u00f3n Mella.<\/p>\n<p>   La Rep\u00fablica Dominicana hab\u00eda sido proclamada el d\u00eda 27 de febrero de 1844.<\/p>\n<\/p>\n<h6> 2020-03-16 02:53:04 <\/h6>\n<p><!--\n<link rel=\"stylesheet\" href=\"css\/bootstrap.min.css\">\n\n\n<ul class=\"pagination\">\n\t    \n\t\n\n<li >\n\t<a href='?page_no=682'>Previous<\/a>\n\t<\/li>\n\n\n       \n    \n\n<li><a href='?page_no=1'>1<\/a><\/li>\n\n\n\n<li><a href='?page_no=2'>2<\/a><\/li>\n\n\n\n<li><a>...<\/a><\/li>\n\n\n\n<li><a href='?page_no=681'>681<\/a><\/li>\n\n\n\n<li><a href='?page_no=682'>682<\/a><\/li>\n\n\n\n<li class='active'><a>683<\/a><\/li>\n\n\n\n<li><a href='?page_no=684'>684<\/a><\/li>\n\n\n\n<li><a href='?page_no=685'>685<\/a><\/li>\n\n\n\n<li><a>...<\/a><\/li>\n\n\n\n<li><a href='?page_no=22911'>22911<\/a><\/li>\n\n\n\n<li><a href='?page_no=22912'>22912<\/a><\/li>\n\n    \n\t\n\n<li >\n\t<a href='?page_no=684'>Next<\/a>\n\t<\/li>\n\n\n    \n\n<li><a href='?page_no=22912'>Last &rsaquo;&rsaquo;<\/a><\/li>\n\n<\/ul>\n\n\n--><br \/>\n<\/body><\/p>\n","protected":false},"excerpt":{"rendered":"<p>Diariodominicano.com Nombran a Duarte Comandante Militar de Santo Domingo El primer organismo de Gobierno de la Rep\u00fablica Dominicana aprob\u00f3 la disposici\u00f3n luego que un grupo de personalidades encabezadas por los pr\u00f3ceres Francisco del Rosario S\u00e1nchez y Mat\u00edas Ram\u00f3n Mella, la propusieron. Por H\u00e9ctor Tineo Nolasco Diariodominicano.com SANTO DOMINGO, El 16 de marzo de 1844, la [&hellip;]<\/p>\n","protected":false},"author":3,"featured_media":0,"comment_status":"open","ping_status":"open","sticky":false,"template":"","format":"standard","meta":{"footnotes":""},"categories":[21],"tags":[],"class_list":["post-54717","post","type-post","status-publish","format-standard","hentry","category-cultura"],"_links":{"self":[{"href":"https:\/\/diariodominicano.com\/index.php?rest_route=\/wp\/v2\/posts\/54717","targetHints":{"allow":["GET"]}}],"collection":[{"href":"https:\/\/diariodominicano.com\/index.php?rest_route=\/wp\/v2\/posts"}],"about":[{"href":"https:\/\/diariodominicano.com\/index.php?rest_route=\/wp\/v2\/types\/post"}],"author":[{"embeddable":true,"href":"https:\/\/diariodominicano.com\/index.php?rest_route=\/wp\/v2\/users\/3"}],"replies":[{"embeddable":true,"href":"https:\/\/diariodominicano.com\/index.php?rest_route=%2Fwp%2Fv2%2Fcomments&post=54717"}],"version-history":[{"count":0,"href":"https:\/\/diariodominicano.com\/index.php?rest_route=\/wp\/v2\/posts\/54717\/revisions"}],"wp:attachment":[{"href":"https:\/\/diariodominicano.com\/index.php?rest_route=%2Fwp%2Fv2%2Fmedia&parent=54717"}],"wp:term":[{"taxonomy":"category","embeddable":true,"href":"https:\/\/diariodominicano.com\/index.php?rest_route=%2Fwp%2Fv2%2Fcategories&post=54717"},{"taxonomy":"post_tag","embeddable":true,"href":"https:\/\/diariodominicano.com\/index.php?rest_route=%2Fwp%2Fv2%2Ftags&post=54717"}],"curies":[{"name":"wp","href":"https:\/\/api.w.org\/{rel}","templated":true}]}}