{"id":546951,"date":"2024-07-22T21:47:15","date_gmt":"2024-07-23T01:47:15","guid":{"rendered":"https:\/\/diariodominicano.com\/?p=546951"},"modified":"2024-07-22T21:47:59","modified_gmt":"2024-07-23T01:47:59","slug":"consideran-guerra-independentista-genesis-de-marca-pais-de-cuba","status":"publish","type":"post","link":"https:\/\/diariodominicano.com\/?p=546951","title":{"rendered":"Consideran guerra independentista g\u00e9nesis de Marca Pa\u00eds de Cuba"},"content":{"rendered":"\n<p>ARCHIVO: Manuel Marrero<\/p>\n\n\n\n<p>La Habana, 22 jul (Prensa Latina) El primer ministro de Cuba, Manuel Marrero, consider\u00f3 hoy que la Marca Pa\u00eds de la isla tiene su origen en las guerras por la independencia del colonialismo de Espa\u00f1a.<\/p>\n\n\n\n<ul class=\"wp-block-list\">\n<li><a href=\"https:\/\/www.prensa-latina.cu\/2024\/07\/22\/\"><time>julio 22, 2024 | 21:16<\/time><\/a><\/li>\n<\/ul>\n\n\n\n<ul class=\"wp-block-list\">\n<li><a href=\"https:\/\/www.prensa-latina.cu\/2024\/07\/22\/consideran-guerra-independentista-genesis-de-marca-pais-de-cuba\/#\"><\/a><\/li>\n\n\n\n<li><a href=\"https:\/\/www.prensa-latina.cu\/2024\/07\/22\/consideran-guerra-independentista-genesis-de-marca-pais-de-cuba\/#\"><\/a><\/li>\n\n\n\n<li><a href=\"https:\/\/www.prensa-latina.cu\/2024\/07\/22\/consideran-guerra-independentista-genesis-de-marca-pais-de-cuba\/#\"><\/a><\/li>\n\n\n\n<li><a href=\"https:\/\/www.prensa-latina.cu\/2024\/07\/22\/consideran-guerra-independentista-genesis-de-marca-pais-de-cuba\/#\"><\/a><\/li>\n<\/ul>\n\n\n\n<p>La marca cubana est\u00e1 relacionada con la imagen que acompa\u00f1\u00f3 a nuestros mambises (combatientes) en las guerras independentistas, con los distintivos empleados en sus indumentarias por oficiales y soldados del heroico Ej\u00e9rcito Libertador, coment\u00f3 Marrero.<\/p>\n\n\n\n<p>Mientras lo com\u00fan mundialmente es licitar el dise\u00f1o de la marca pa\u00eds y otorgarle la tarea a una de las grandes agencias publicitarias, la nuestra sigui\u00f3 un curso singular, apunt\u00f3, en referencia a esa caracter\u00edstica.<\/p>\n\n\n\n<p>En el Hotel Nacional de esta capital, el jefe de Gobierno presidi\u00f3 la instituci\u00f3n oficial del Consejo de la Marca Pa\u00eds de Cuba, autoridad facultada para decidir el uso de ese signo y ejercer su promoci\u00f3n, protecci\u00f3n, administraci\u00f3n, control y defensa.<\/p>\n\n\n\n<p>Haber estado presente en la historia, sociedad, cultura y pol\u00edtica de la naci\u00f3n, le concede una ventaja a la hora de posicionar este signo, subray\u00f3.<\/p>\n\n\n\n<p>Hablar de la Marca Pa\u00eds implica un repaso a los principios, valores, idiosincrasia, acervo cultural y cualidades singulares del pa\u00eds. Por todo ello, se condensan en ese signo oficial indicativo de nuestra identidad, asegur\u00f3.<\/p>\n\n\n\n<p>Todav\u00eda, se\u00f1al\u00f3, recordamos con especial orgullo la imagen en los bolsillos de las batas blancas del personal m\u00e9dico que ayud\u00f3 a combatir la pandemia de la Covid-19 en innumerables pa\u00edses.<\/p>\n\n\n\n<p>Ellos fueron los mejores embajadores de ese signo oficial que mostraba al mundo la procedencia de aquellos hombres y mujeres, y la fuerza de un pa\u00eds que comparte lo que tiene, no lo que le sobra, asever\u00f3.<\/p>\n\n\n\n<p>Para el primer ministro, \u201cen el empe\u00f1o de posicionar al pa\u00eds resulta necesario articular el quehacer de todos los actores econ\u00f3micos, sociales y pol\u00edticos\u201d, con el objetivo de construir una identidad competitiva.<\/p>\n\n\n\n<p>Recordemos que su objetivo es homogeneizar, en un entorno globalizado y altamente competitivo, el concepto de naci\u00f3n entre los m\u00e1s diversos p\u00fablicos, ya sea a nivel individual, grupal o social, manifest\u00f3.<\/p>\n\n\n\n<p>Dijo, asimismo, que \u201cdicha articulaci\u00f3n solo es posible con una estrategia cuyo prop\u00f3sito fundamental es comunicar una imagen coherente de Cuba dentro y fuera de sus fronteras y contribuir a que nuestro pueblo la haga suya\u201d.<\/p>\n\n\n\n<p>Por otra parte, alert\u00f3 acerca de la interpretaci\u00f3n del t\u00e9rmino Marca Pa\u00eds, en su opini\u00f3n, resultado de \u201cun proceso complejo y retador\u201d para gestionar de manera estrat\u00e9gica las cualidades de cada Estado.<\/p>\n\n\n\n<p>Esa representaci\u00f3n, expres\u00f3, es muy importante en el empe\u00f1o de \u201cganar visibilidad, credibilidad y confianza\u201d para impulsar exportaciones, atraer inversiones extranjeras, potenciar ofertas tur\u00edsticas, realizar eventos, promocionar marcas, productos y servicios, \u201cas\u00ed como exaltar la cultura e identidad nacional\u201d.<\/p>\n\n\n\n<p>oda\/raj<\/p>\n","protected":false},"excerpt":{"rendered":"<p>ARCHIVO: Manuel Marrero La Habana, 22 jul (Prensa Latina) El primer ministro de Cuba, Manuel Marrero, consider\u00f3 hoy que la Marca Pa\u00eds de la isla tiene su origen en las guerras por la independencia del colonialismo de Espa\u00f1a. La marca cubana est\u00e1 relacionada con la imagen que acompa\u00f1\u00f3 a nuestros mambises (combatientes) en las guerras [&hellip;]<\/p>\n","protected":false},"author":2,"featured_media":414415,"comment_status":"closed","ping_status":"closed","sticky":false,"template":"","format":"standard","meta":{"footnotes":""},"categories":[36,26],"tags":[],"class_list":["post-546951","post","type-post","status-publish","format-standard","has-post-thumbnail","hentry","category-hombresmujeresycosas","category-efemerides"],"_links":{"self":[{"href":"https:\/\/diariodominicano.com\/index.php?rest_route=\/wp\/v2\/posts\/546951","targetHints":{"allow":["GET"]}}],"collection":[{"href":"https:\/\/diariodominicano.com\/index.php?rest_route=\/wp\/v2\/posts"}],"about":[{"href":"https:\/\/diariodominicano.com\/index.php?rest_route=\/wp\/v2\/types\/post"}],"author":[{"embeddable":true,"href":"https:\/\/diariodominicano.com\/index.php?rest_route=\/wp\/v2\/users\/2"}],"replies":[{"embeddable":true,"href":"https:\/\/diariodominicano.com\/index.php?rest_route=%2Fwp%2Fv2%2Fcomments&post=546951"}],"version-history":[{"count":2,"href":"https:\/\/diariodominicano.com\/index.php?rest_route=\/wp\/v2\/posts\/546951\/revisions"}],"predecessor-version":[{"id":546953,"href":"https:\/\/diariodominicano.com\/index.php?rest_route=\/wp\/v2\/posts\/546951\/revisions\/546953"}],"wp:featuredmedia":[{"embeddable":true,"href":"https:\/\/diariodominicano.com\/index.php?rest_route=\/wp\/v2\/media\/414415"}],"wp:attachment":[{"href":"https:\/\/diariodominicano.com\/index.php?rest_route=%2Fwp%2Fv2%2Fmedia&parent=546951"}],"wp:term":[{"taxonomy":"category","embeddable":true,"href":"https:\/\/diariodominicano.com\/index.php?rest_route=%2Fwp%2Fv2%2Fcategories&post=546951"},{"taxonomy":"post_tag","embeddable":true,"href":"https:\/\/diariodominicano.com\/index.php?rest_route=%2Fwp%2Fv2%2Ftags&post=546951"}],"curies":[{"name":"wp","href":"https:\/\/api.w.org\/{rel}","templated":true}]}}