{"id":54695,"date":"2020-03-17T01:44:52","date_gmt":"2020-03-17T01:44:52","guid":{"rendered":"http:\/\/diariodominicano.ddns.net\/?p=54695"},"modified":"2020-03-17T01:44:52","modified_gmt":"2020-03-17T01:44:52","slug":"enfrentan-agresiones-de-haiti-contra-rd","status":"publish","type":"post","link":"https:\/\/diariodominicano.com\/?p=54695","title":{"rendered":"Enfrentan agresiones de Haiti contra RD"},"content":{"rendered":"<p><body><\/p>\n<p><strong>Diariodominicano<\/strong><\/p>\n<p><strong>Enfrentan agresiones de Haiti contra RD<\/strong><\/p>\n<p><strong>Las Hicoteas,  17 de marzo de 1844,<\/strong> fuerzas dominicanas y haitianas se enfrentaron en  la comunidad de \u00abLas Hicoteas\u00bb. Fue el  segundo enfrentamiento entre fuerzas dominicanas y haitianas, luego de la proclamaci\u00f3n de la Rep\u00fablica Dominicana, el 27 de febrero de 1844.<\/p>\n<p>    El mismo d\u00eda se conoci\u00f3 la informaci\u00f3n de que San Francisco de Macor\u00eds  hizo su pronunciamiento de apoyo a la Independencia Nacional. <\/p>\n<p>   De su lado, el  general Pedro Santana  se dirigi\u00f3 a Azua y recibi\u00f3 versiones sobre la invasi\u00f3n de Hait\u00ed contra la naciente Rep\u00fablica.<\/p>\n<p>    El mismo 17 de marzo, en Jacmel, Hait\u00ed, el general haitiano Saunon Selle, sali\u00f3 con el prop\u00f3sito de agredir a la Rep\u00fablica Dominicana con una columna de 700 hombres. Su prop\u00f3sito era llegar a Azua. <\/p>\n<p>    Antes,  de Jacmel hab\u00edan salido otros 2000 hombres en direcci\u00f3n a Azua.<\/p>\n<p>    El primer enfrentamiento entre dominicanos y haitianos, luego de proclamada la Rep\u00fablica se produjo el 11 de marzo en la fuente del Rodeo.<\/p>\n<p>   Las tropas dominicanas fueron comandadas por el Capit\u00e1n Fernando Taveras.<\/p>\n<h6> 2020-03-17 01:44:52 <\/h6>\n<p><!--\n<link rel=\"stylesheet\" href=\"css\/bootstrap.min.css\">\n\n\n<ul class=\"pagination\">\n\t    \n\t\n\n<li >\n\t<a href='?page_no=680'>Previous<\/a>\n\t<\/li>\n\n\n       \n    \n\n<li><a href='?page_no=1'>1<\/a><\/li>\n\n\n\n<li><a href='?page_no=2'>2<\/a><\/li>\n\n\n\n<li><a>...<\/a><\/li>\n\n\n\n<li><a href='?page_no=679'>679<\/a><\/li>\n\n\n\n<li><a href='?page_no=680'>680<\/a><\/li>\n\n\n\n<li class='active'><a>681<\/a><\/li>\n\n\n\n<li><a href='?page_no=682'>682<\/a><\/li>\n\n\n\n<li><a href='?page_no=683'>683<\/a><\/li>\n\n\n\n<li><a>...<\/a><\/li>\n\n\n\n<li><a href='?page_no=22911'>22911<\/a><\/li>\n\n\n\n<li><a href='?page_no=22912'>22912<\/a><\/li>\n\n    \n\t\n\n<li >\n\t<a href='?page_no=682'>Next<\/a>\n\t<\/li>\n\n\n    \n\n<li><a href='?page_no=22912'>Last &rsaquo;&rsaquo;<\/a><\/li>\n\n<\/ul>\n\n\n--><br \/>\n<\/body><\/p>\n","protected":false},"excerpt":{"rendered":"<p>Diariodominicano Enfrentan agresiones de Haiti contra RD Las Hicoteas, 17 de marzo de 1844, fuerzas dominicanas y haitianas se enfrentaron en la comunidad de \u00abLas Hicoteas\u00bb. Fue el segundo enfrentamiento entre fuerzas dominicanas y haitianas, luego de la proclamaci\u00f3n de la Rep\u00fablica Dominicana, el 27 de febrero de 1844. El mismo d\u00eda se conoci\u00f3 la [&hellip;]<\/p>\n","protected":false},"author":3,"featured_media":0,"comment_status":"open","ping_status":"open","sticky":false,"template":"","format":"standard","meta":{"footnotes":""},"categories":[21],"tags":[],"class_list":["post-54695","post","type-post","status-publish","format-standard","hentry","category-cultura"],"_links":{"self":[{"href":"https:\/\/diariodominicano.com\/index.php?rest_route=\/wp\/v2\/posts\/54695","targetHints":{"allow":["GET"]}}],"collection":[{"href":"https:\/\/diariodominicano.com\/index.php?rest_route=\/wp\/v2\/posts"}],"about":[{"href":"https:\/\/diariodominicano.com\/index.php?rest_route=\/wp\/v2\/types\/post"}],"author":[{"embeddable":true,"href":"https:\/\/diariodominicano.com\/index.php?rest_route=\/wp\/v2\/users\/3"}],"replies":[{"embeddable":true,"href":"https:\/\/diariodominicano.com\/index.php?rest_route=%2Fwp%2Fv2%2Fcomments&post=54695"}],"version-history":[{"count":0,"href":"https:\/\/diariodominicano.com\/index.php?rest_route=\/wp\/v2\/posts\/54695\/revisions"}],"wp:attachment":[{"href":"https:\/\/diariodominicano.com\/index.php?rest_route=%2Fwp%2Fv2%2Fmedia&parent=54695"}],"wp:term":[{"taxonomy":"category","embeddable":true,"href":"https:\/\/diariodominicano.com\/index.php?rest_route=%2Fwp%2Fv2%2Fcategories&post=54695"},{"taxonomy":"post_tag","embeddable":true,"href":"https:\/\/diariodominicano.com\/index.php?rest_route=%2Fwp%2Fv2%2Ftags&post=54695"}],"curies":[{"name":"wp","href":"https:\/\/api.w.org\/{rel}","templated":true}]}}