{"id":546897,"date":"2024-07-22T18:18:17","date_gmt":"2024-07-22T22:18:17","guid":{"rendered":"https:\/\/diariodominicano.com\/?p=546897"},"modified":"2024-07-22T18:18:26","modified_gmt":"2024-07-22T22:18:26","slug":"texto-integro-decision-del-comite-central-del-pcch-sobre-una-mayor-profundizacion-integral-de-la-reforma-en-impulso-de-la-modernizacion-china","status":"publish","type":"post","link":"https:\/\/diariodominicano.com\/?p=546897","title":{"rendered":"Texto \u00edntegro: Decisi\u00f3n del Comit\u00e9 Central del PCCh sobre una mayor profundizaci\u00f3n integral de la reforma en impulso de la modernizaci\u00f3n china"},"content":{"rendered":"\n<p><em>spanish.news.cn<\/em>|<em>&nbsp;2024-07-21 20:12:15<\/em>|<\/p>\n\n\n\n<p>BEIJING, 21 jul (Xinhua) &#8212; La \u00abDecisi\u00f3n del Comit\u00e9 Central del Partido Comunista de China (PCCh) sobre una mayor profundizaci\u00f3n integral de la reforma en impulso de la modernizaci\u00f3n china\u00bb fue hecha p\u00fablica hoy domingo.<\/p>\n\n\n\n<p>La decisi\u00f3n fue adoptada el jueves en la tercera sesi\u00f3n plenaria del XX Comit\u00e9 Central del PCCh.<\/p>\n\n\n\n<p>Consulte el archivo adjunto para ver la traducci\u00f3n al espa\u00f1ol del texto \u00edntegro de la decisi\u00f3n.<\/p>\n\n\n\n<p><strong><a href=\"https:\/\/spanish.news.cn\/20240721\/a6b9e9c532374feabedba243c5efa874\/20240721a6b9e9c532374feabedba243c5efa874_XxjwssS007017_20240721_CBMFN0A001.docx\" target=\"_blank\" rel=\"noreferrer noopener\">Texto \u00edntegro: Decisi\u00f3n del Comit\u00e9 Central del PCCh sobre una mayor profundizaci\u00f3n integral de la reforma en impulso de la modernizaci\u00f3n china<\/a><\/strong><\/p>\n\n\n\n<p><a href=\"https:\/\/www.facebook.com\/sharer\/sharer.php?u=https:\/\/spanish.news.cn\/20240721\/a6b9e9c532374feabedba243c5efa874\/c.html\" target=\"_blank\" rel=\"noreferrer noopener\"><\/a>&nbsp;<a href=\"https:\/\/twitter.com\/intent\/tweet?text=%0A%20%20%20%20%20%20%20%20%20%20%20%20%20%20%20%20%20%20%20%20Texto%20%C3%ADntegro:%20Decisi%C3%B3n%20del%20Comit%C3%A9%20Central%20del%20PCCh%20sobre%20una%20mayor%20profundizaci%C3%B3n%20integral%20de%20la%20reforma%20en%20impulso%20de%20la%20modernizaci%C3%B3n%20china%0A%20%20%20%20%20%20%20%20%20%20%20%20%20%20%20%20&amp;url=https:\/\/spanish.news.cn\/20240721\/a6b9e9c532374feabedba243c5efa874\/c.html\" target=\"_blank\" rel=\"noreferrer noopener\"><\/a>&nbsp;<a target=\"_blank\" href=\"https:\/\/service.weibo.com\/share\/share.php?title=%0A%20%20%20%20%20%20%20%20%20%20%20%20%20%20%20%20%20%20%20%20Texto%20%C3%ADntegro:%20Decisi%C3%B3n%20del%20Comit%C3%A9%20Central%20del%20PCCh%20sobre%20una%20mayor%20profundizaci%C3%B3n%20integral%20de%20la%20reforma%20en%20impulso%20de%20la%20modernizaci%C3%B3n%20china%0A%20%20%20%20%20%20%20%20%20%20%20%20%20%20%20%20&amp;url=https:\/\/spanish.news.cn\/20240721\/a6b9e9c532374feabedba243c5efa874\/c.html\" rel=\"noreferrer noopener\"><\/a>&nbsp;<a><\/a><\/p>\n\n\n\n<figure class=\"wp-block-image\"><img decoding=\"async\" src=\"https:\/\/imgs.news.cn\/res\/xhwimg\/spanish\/20170522\/img\/jc-xfa.png\" alt=\"\"\/><\/figure>\n","protected":false},"excerpt":{"rendered":"<p>spanish.news.cn|&nbsp;2024-07-21 20:12:15| BEIJING, 21 jul (Xinhua) &#8212; La \u00abDecisi\u00f3n del Comit\u00e9 Central del Partido Comunista de China (PCCh) sobre una mayor profundizaci\u00f3n integral de la reforma en impulso de la modernizaci\u00f3n china\u00bb fue hecha p\u00fablica hoy domingo. La decisi\u00f3n fue adoptada el jueves en la tercera sesi\u00f3n plenaria del XX Comit\u00e9 Central del PCCh. Consulte [&hellip;]<\/p>\n","protected":false},"author":2,"featured_media":390343,"comment_status":"closed","ping_status":"closed","sticky":false,"template":"","format":"standard","meta":{"footnotes":""},"categories":[18,22],"tags":[],"class_list":["post-546897","post","type-post","status-publish","format-standard","has-post-thumbnail","hentry","category-economia","category-politica"],"_links":{"self":[{"href":"https:\/\/diariodominicano.com\/index.php?rest_route=\/wp\/v2\/posts\/546897","targetHints":{"allow":["GET"]}}],"collection":[{"href":"https:\/\/diariodominicano.com\/index.php?rest_route=\/wp\/v2\/posts"}],"about":[{"href":"https:\/\/diariodominicano.com\/index.php?rest_route=\/wp\/v2\/types\/post"}],"author":[{"embeddable":true,"href":"https:\/\/diariodominicano.com\/index.php?rest_route=\/wp\/v2\/users\/2"}],"replies":[{"embeddable":true,"href":"https:\/\/diariodominicano.com\/index.php?rest_route=%2Fwp%2Fv2%2Fcomments&post=546897"}],"version-history":[{"count":1,"href":"https:\/\/diariodominicano.com\/index.php?rest_route=\/wp\/v2\/posts\/546897\/revisions"}],"predecessor-version":[{"id":546898,"href":"https:\/\/diariodominicano.com\/index.php?rest_route=\/wp\/v2\/posts\/546897\/revisions\/546898"}],"wp:featuredmedia":[{"embeddable":true,"href":"https:\/\/diariodominicano.com\/index.php?rest_route=\/wp\/v2\/media\/390343"}],"wp:attachment":[{"href":"https:\/\/diariodominicano.com\/index.php?rest_route=%2Fwp%2Fv2%2Fmedia&parent=546897"}],"wp:term":[{"taxonomy":"category","embeddable":true,"href":"https:\/\/diariodominicano.com\/index.php?rest_route=%2Fwp%2Fv2%2Fcategories&post=546897"},{"taxonomy":"post_tag","embeddable":true,"href":"https:\/\/diariodominicano.com\/index.php?rest_route=%2Fwp%2Fv2%2Ftags&post=546897"}],"curies":[{"name":"wp","href":"https:\/\/api.w.org\/{rel}","templated":true}]}}