{"id":546889,"date":"2024-07-22T18:00:07","date_gmt":"2024-07-22T22:00:07","guid":{"rendered":"https:\/\/diariodominicano.com\/?p=546889"},"modified":"2024-07-23T01:42:38","modified_gmt":"2024-07-23T05:42:38","slug":"rinden-homenaje-a-roberto-duverge-en-el-35-aniversario-de-su-fallecimiento","status":"publish","type":"post","link":"https:\/\/diariodominicano.com\/?p=546889","title":{"rendered":"Rinden homenaje a Roberto Duverg\u00e9 en el 35 aniversario de su fallecimiento"},"content":{"rendered":"\n<p><strong>SANTO DOMINGO<\/strong>, RD. El Comit\u00e9 de Homenaje a Roberto Duverg\u00e9 Mej\u00eda realiz\u00f3 este lunes un panel sobre la vida, pensamiento y legado de \u00e9ste destacado luchador antitrujillista, combatiente constitucionalista, revolucionario socialista y profesor de la Universidad Aut\u00f3noma de Santo Domingo (UASD), al cumplirse 35 a\u00f1os de su fallecimiento.<\/p>\n\n\n\n<p>La actividad se efectu\u00f3 en la explanada de la Facultad de Humanidades de la UASD y cont\u00f3 con la asistencia de familiares, amigos, acad\u00e9micos y estudiantes de la universidad estatal, as\u00ed como compa\u00f1eros de lucha de Duverg\u00e9 Mej\u00eda, representantes de diversas organizaciones pol\u00edticas, y gremios de la academia.<\/p>\n\n\n\n<figure class=\"wp-block-gallery has-nested-images columns-default is-cropped wp-block-gallery-1 is-layout-flex wp-block-gallery-is-layout-flex\">\n<figure class=\"wp-block-image size-large\"><img loading=\"lazy\" decoding=\"async\" width=\"1024\" height=\"768\" data-id=\"546976\" src=\"https:\/\/diariodominicano.com\/wp-content\/uploads\/2024\/07\/Rinden-homenaje-a-Roberto-Duverge-en-el-35-aniversario-de-fallecimiento-1024x768.jpg\" alt=\"\" class=\"wp-image-546976\" srcset=\"https:\/\/diariodominicano.com\/wp-content\/uploads\/2024\/07\/Rinden-homenaje-a-Roberto-Duverge-en-el-35-aniversario-de-fallecimiento-1024x768.jpg 1024w, https:\/\/diariodominicano.com\/wp-content\/uploads\/2024\/07\/Rinden-homenaje-a-Roberto-Duverge-en-el-35-aniversario-de-fallecimiento-300x225.jpg 300w, https:\/\/diariodominicano.com\/wp-content\/uploads\/2024\/07\/Rinden-homenaje-a-Roberto-Duverge-en-el-35-aniversario-de-fallecimiento-768x576.jpg 768w, https:\/\/diariodominicano.com\/wp-content\/uploads\/2024\/07\/Rinden-homenaje-a-Roberto-Duverge-en-el-35-aniversario-de-fallecimiento-1536x1152.jpg 1536w, https:\/\/diariodominicano.com\/wp-content\/uploads\/2024\/07\/Rinden-homenaje-a-Roberto-Duverge-en-el-35-aniversario-de-fallecimiento-816x612.jpg 816w, https:\/\/diariodominicano.com\/wp-content\/uploads\/2024\/07\/Rinden-homenaje-a-Roberto-Duverge-en-el-35-aniversario-de-fallecimiento.jpg 1600w\" sizes=\"auto, (max-width: 1024px) 100vw, 1024px\" \/><\/figure>\n\n\n\n<figure class=\"wp-block-image size-large\"><img loading=\"lazy\" decoding=\"async\" width=\"1024\" height=\"768\" data-id=\"546975\" src=\"https:\/\/diariodominicano.com\/wp-content\/uploads\/2024\/07\/Rinden-homenaje-a-Roberto-Duverge-en-el-35-aniversario-de-su-fallecimiento-1024x768.jpg\" alt=\"\" class=\"wp-image-546975\" srcset=\"https:\/\/diariodominicano.com\/wp-content\/uploads\/2024\/07\/Rinden-homenaje-a-Roberto-Duverge-en-el-35-aniversario-de-su-fallecimiento-1024x768.jpg 1024w, https:\/\/diariodominicano.com\/wp-content\/uploads\/2024\/07\/Rinden-homenaje-a-Roberto-Duverge-en-el-35-aniversario-de-su-fallecimiento-300x225.jpg 300w, https:\/\/diariodominicano.com\/wp-content\/uploads\/2024\/07\/Rinden-homenaje-a-Roberto-Duverge-en-el-35-aniversario-de-su-fallecimiento-768x576.jpg 768w, https:\/\/diariodominicano.com\/wp-content\/uploads\/2024\/07\/Rinden-homenaje-a-Roberto-Duverge-en-el-35-aniversario-de-su-fallecimiento-816x612.jpg 816w, https:\/\/diariodominicano.com\/wp-content\/uploads\/2024\/07\/Rinden-homenaje-a-Roberto-Duverge-en-el-35-aniversario-de-su-fallecimiento.jpg 1280w\" sizes=\"auto, (max-width: 1024px) 100vw, 1024px\" \/><\/figure>\n<\/figure>\n\n\n\n<p>El homenaje inici\u00f3 con la entonaci\u00f3n de los himnos nacional y universitario, para continuar con las palabras de bienvenida a cargo del decano de la Facultad de Humanidades, maestro Gerardo Roa Ogando y el discurso de la vicerrectora de Extensi\u00f3n de la UASD, maestra Rosal\u00eda Sosa. De igual manera, habl\u00f3 el maestro Apolinar M\u00e9ndez, secretario de Finanzas de la Federaci\u00f3n de Asociaciones de Profesores (FAPROUASD)&nbsp; y presidente del gremio en la Facultad de Ciencias de la Educaci\u00f3n (FCE).<\/p>\n\n\n\n<p>Mientras, Ra\u00fal Guerrero habl\u00f3 en nombre del Comit\u00e9 de Homenaje a Roberto Duverg\u00e9 Mej\u00eda. Adem\u00e1s, la joven Nicole Rom\u00e1n declam\u00f3 un poema.<\/p>\n\n\n\n<p><strong>El panel<\/strong><\/p>\n\n\n\n<p>La introducci\u00f3n y motivaci\u00f3n al panel estuvo a cargo de la maestra Petronila Dotel, coordinadora de la C\u00e1tedra de Historia Dominicana de la Facultad de Humanidades, en representaci\u00f3n del director de la Escuela de Historia y Antropolog\u00eda de la UASD, maestro Teodoro Viola.<\/p>\n\n\n\n<p>En tanto, la maestra Carmen Dur\u00e1n abord\u00f3 el tema \u201cRoberto en la generaci\u00f3n antitrujillista\/ 14 de Junio\/ abril del 1965. Asimismo, Xiomara&nbsp; Peralta expuso sobre &nbsp;\u201cRoberto, educador\u201d, Pilar Duverg\u00e9, hija de Duverg\u00e9 Mej\u00eda le toc\u00f3 su condici\u00f3n de \u201cPadre de familia\u201d. El panel concluy\u00f3 con la ponencia de Rafael Dom\u00ednguez \u201cRoberto hoy, revolucionario socialista\u201d.<\/p>\n\n\n\n<p>Finalmente, tras las palabras de gracias de una representaci\u00f3n de la familia, se clausur\u00f3 el homenaje de recordaci\u00f3n con una ofrenda floral en el busto de Roberto&nbsp; Duverg\u00e9 Mej\u00eda ubicado en la explanada frontal de la Facultad de Humanidades.<\/p>\n\n\n\n<p><strong>Semblanza de Roberto Duverg\u00e9 Mej\u00eda &nbsp;&nbsp;&nbsp;&nbsp;&nbsp;&nbsp;&nbsp;&nbsp;&nbsp;&nbsp;&nbsp;&nbsp;&nbsp;&nbsp;&nbsp;&nbsp;&nbsp;&nbsp;&nbsp;&nbsp;&nbsp;&nbsp;&nbsp;&nbsp;<\/strong><\/p>\n\n\n\n<p>Roberto nace el 19 de diciembre de 1928 en Santa Luc\u00eda, provincia El Seibo, en la regi\u00f3n Este de Rep\u00fablica Dominicana.<\/p>\n\n\n\n<p>Para finales de la d\u00e9cada de los 40, cuando viene a la capital, vive en casa de su t\u00eda Adosinda Mej\u00eda (c\u00f3mplice de sus actividades clandestinas contra el r\u00e9gimen) y se inscribe en \u201cLa Normal\u201d donde concluye su educaci\u00f3n secundaria.<\/p>\n\n\n\n<p>Contin\u00faa su labor docente en la Escuela de Artes y Oficios, en donde imparte historia. Ah\u00ed conoci\u00f3 a Olga Vargas, con quien se casa en el 1957 y procrean 5 hijos: Olga, Irene, Roberto, Pilar y Carolina. Poco despu\u00e9s se grad\u00faa de Doctor en Derecho, en la Universidad de Santo Domingo.<\/p>\n\n\n\n<p>Roberto dec\u00eda que \u201cYo soy un pol\u00edtico revolucionario y por eso soy feliz en las clases de la UASD, porque me est\u00e1n pagando para hacer lo que me gusta y que yo lo har\u00eda como tarea revolucionaria y no como empleo\u201d.<\/p>\n\n\n\n<p>Particip\u00f3 activamente en el movimiento de resistencia contra la tiran\u00eda trujillista.<\/p>\n\n\n\n<p>Fue designado miembro de la Direcci\u00f3n Nacional del Frente Urbano del 14 de Junio en Armas; durante la Insurrecci\u00f3n de noviembre de 1963.<\/p>\n\n\n\n<p>Comandante en la Guerra de Abril del 1965, encabez\u00f3 el equipo de hombres y mujeres del Movimiento Revolucionario 14 de Junio (MR 1J4) que dirigi\u00f3 la defensa de la Zona Norte, durante los d\u00edas de la \u201cOperaci\u00f3n Limpieza\u201d.<\/p>\n\n\n\n<p>Despu\u00e9s de la guerra fue enviado especial de la direcci\u00f3n del MR 1J4 para las conversaciones de alto nivel con el coronel Caama\u00f1o, en octubre de 1967. Junto con otros compa\u00f1eros, se retira de la direcci\u00f3n del MR 1J4, en mayo de 1968.<\/p>\n\n\n\n<p>Participa activamente en las labores de solidaridad con el coronel Caama\u00f1o, en febrero de 1973, en ocasi\u00f3n del desembarco guerrillero por Playa Caracoles.<\/p>\n\n\n\n<p>Entre los a\u00f1os de 1973 y 1979 participa en la fundaci\u00f3n y direcci\u00f3n de la revista Posici\u00f3n y de Ediciones M-L, como parte de los esfuerzos rectificadores y de b\u00fasqueda que realizaba un sector de la izquierda marxista en la d\u00e9cada de los 70.<\/p>\n\n\n\n<p>En los a\u00f1os 1979 y 1980, a la cabeza del grupo Tendencia M-L, participa en la fundaci\u00f3n del Movimiento Por el Socialismo (MPS), primera cristalizaci\u00f3n unitaria en el pa\u00eds de la tendencia socialista. Elegido miembro del Comit\u00e9 Central del MPS en la Asamblea Constitutiva de marzo de 1980.<\/p>\n\n\n\n<p>A principios de 1983 se integra a la que hoy es la Fundaci\u00f3n Manolo Tav\u00e1rez, en ocasi\u00f3n de cumplirse el XX Aniversario de la Guerrilla de 1963.&nbsp; En ese mismo a\u00f1o, renuncia del MPS y funda la Fuerza de Liberaci\u00f3n Popular (FLP).<\/p>\n\n\n\n<p>En el 1987, la FLP se fusiona con la Organizaci\u00f3n de Resistencia del Pueblo Oprimido (ORPO) fundando la Fuerza de Resistencia para la Liberaci\u00f3n Popular (FRLP).<\/p>\n\n\n\n<p>Exhortaba a las nuevas generaciones a empe\u00f1arse en aplicar la teor\u00eda revolucionaria a la realidad de su pa\u00eds y del mundo. Escribi\u00f3 en los semanarios Nueva Fuerza y Fuerza Socialista, as\u00ed como en la revista marxista Nuevo Rumbo.<\/p>\n\n\n\n<p>Adem\u00e1s de la docencia en aulas, Roberto dedicaba parte de su tiempo a la educaci\u00f3n en barrios y campos. Sus alumnos lo recuerdan por su exposici\u00f3n sencilla, por su estilo did\u00e1ctico y por su preocupaci\u00f3n permanente por vincular la ense\u00f1anza de la historia con la lucha en curso del pueblo.<\/p>\n\n\n\n<p>En sus \u00faltimos a\u00f1os de militancia, Roberto se acerc\u00f3 a la iglesia popular (la iglesia de los pobres) estableciendo relaciones con las Comunidades Eclesiales de Base, valorando su potencialidad y fortaleciendo las coincidencias entre los cristianos comprometidos y los luchadores marxistas.<\/p>\n\n\n\n<p>Falleci\u00f3 para vivir en el coraz\u00f3n de su pueblo, el 21 de julio de 1989, pidiendo desde su lecho, casi ordenando: \u201cS\u00e1quenme de aqu\u00ed, que hay mucho por hacer\u201d<\/p>\n\n\n\n<p><strong>Santo Domingo, Rep\u00fablica Dominicana, 22 de julio de 2024<\/strong><\/p>\n\n\n\n<p>&#8230;<\/p>\n","protected":false},"excerpt":{"rendered":"<p>SANTO DOMINGO, RD. El Comit\u00e9 de Homenaje a Roberto Duverg\u00e9 Mej\u00eda realiz\u00f3 este lunes un panel sobre la vida, pensamiento y legado de \u00e9ste destacado luchador antitrujillista, combatiente constitucionalista, revolucionario socialista y profesor de la Universidad Aut\u00f3noma de Santo Domingo (UASD), al cumplirse 35 a\u00f1os de su fallecimiento. La actividad se efectu\u00f3 en la explanada [&hellip;]<\/p>\n","protected":false},"author":2,"featured_media":546977,"comment_status":"closed","ping_status":"closed","sticky":true,"template":"","format":"standard","meta":{"footnotes":""},"categories":[36,26,27],"tags":[],"class_list":["post-546889","post","type-post","status-publish","format-standard","has-post-thumbnail","hentry","category-hombresmujeresycosas","category-efemerides","category-portada"],"_links":{"self":[{"href":"https:\/\/diariodominicano.com\/index.php?rest_route=\/wp\/v2\/posts\/546889","targetHints":{"allow":["GET"]}}],"collection":[{"href":"https:\/\/diariodominicano.com\/index.php?rest_route=\/wp\/v2\/posts"}],"about":[{"href":"https:\/\/diariodominicano.com\/index.php?rest_route=\/wp\/v2\/types\/post"}],"author":[{"embeddable":true,"href":"https:\/\/diariodominicano.com\/index.php?rest_route=\/wp\/v2\/users\/2"}],"replies":[{"embeddable":true,"href":"https:\/\/diariodominicano.com\/index.php?rest_route=%2Fwp%2Fv2%2Fcomments&post=546889"}],"version-history":[{"count":2,"href":"https:\/\/diariodominicano.com\/index.php?rest_route=\/wp\/v2\/posts\/546889\/revisions"}],"predecessor-version":[{"id":547005,"href":"https:\/\/diariodominicano.com\/index.php?rest_route=\/wp\/v2\/posts\/546889\/revisions\/547005"}],"wp:featuredmedia":[{"embeddable":true,"href":"https:\/\/diariodominicano.com\/index.php?rest_route=\/wp\/v2\/media\/546977"}],"wp:attachment":[{"href":"https:\/\/diariodominicano.com\/index.php?rest_route=%2Fwp%2Fv2%2Fmedia&parent=546889"}],"wp:term":[{"taxonomy":"category","embeddable":true,"href":"https:\/\/diariodominicano.com\/index.php?rest_route=%2Fwp%2Fv2%2Fcategories&post=546889"},{"taxonomy":"post_tag","embeddable":true,"href":"https:\/\/diariodominicano.com\/index.php?rest_route=%2Fwp%2Fv2%2Ftags&post=546889"}],"curies":[{"name":"wp","href":"https:\/\/api.w.org\/{rel}","templated":true}]}}