{"id":546879,"date":"2024-07-22T19:18:40","date_gmt":"2024-07-22T23:18:40","guid":{"rendered":"https:\/\/diariodominicano.com\/?p=546879"},"modified":"2024-07-22T19:25:28","modified_gmt":"2024-07-22T23:25:28","slug":"de-san-telmo-a-miami-la-inspiradora-transformacion-de-guido-sueldo","status":"publish","type":"post","link":"https:\/\/diariodominicano.com\/?p=546879","title":{"rendered":"De San Telmo a Miami: La Inspiradora Transformaci\u00f3n de Guido Sueldo"},"content":{"rendered":"\n<p>Guido Sueldo, un talentoso filmmaker y fot\u00f3grafo de 34 a\u00f1os, naci\u00f3 en el vibrante barrio de San Telmo, Buenos Aires. Durante la pandemia, experiment\u00f3 un despertar espiritual que lo llev\u00f3 a transformar su vida de manera significativa. Baj\u00f3 22 kg en un a\u00f1o y, motivado por su crecimiento personal, decidi\u00f3 dejar su trabajo de oficina despu\u00e9s de 12 a\u00f1os para seguir su pasi\u00f3n por la creaci\u00f3n de contenido visual.<\/p>\n\n\n\n<p>Guido comenz\u00f3 su nueva carrera capturando historias para una f\u00e1brica de muebles de un amigo, lo que le permiti\u00f3 descubrir su talento como storyteller visual. En noviembre de 2022, dej\u00f3 su empleo y se lanz\u00f3 de lleno a la creaci\u00f3n de contenidos, viajando por toda Argentina y colaborando con marcas destacadas en sectores como turismo, m\u00fasica y moda.<\/p>\n\n\n\n<h3 class=\"wp-block-heading\"><strong>De Argentina al Mundo<\/strong><\/h3>\n\n\n\n<p>Guido ha logrado captar la esencia de cada lugar y proyecto con su c\u00e1mara, conectando emocionalmente con las audiencias y transmitiendo los valores de las marcas con las que trabaja. Poco despu\u00e9s de dejar su trabajo, lanz\u00f3 su primer video viral,&nbsp; (&nbsp;<a href=\"https:\/\/www.instagram.com\/reel\/Cmbv7C6Aq69\/?igsh=MXV4YTdvdGx2N3U0OQ%3D%3D\">Ver video aqui<\/a>) capturando la emoci\u00f3n de la victoria de Argentina en la Copa del Mundo, alcanzando&nbsp;<strong>casi dos millones de visualizaciones<\/strong>. Este momento crucial le cambi\u00f3 la carrera y, con la emoci\u00f3n a flor de piel, decidi\u00f3 que su arte deb\u00eda ser expandido en el mundo. Este fue el motor que lo impuls\u00f3 a seguir sus sue\u00f1os y llevar su esp\u00edritu libre a nuevos horizontes.<\/p>\n\n\n\n<p>En noviembre de 2023, decidi\u00f3 llevar su arte al escenario global, comenzando su viaje por el mundo en Miami, donde lleg\u00f3 en febrero de 2024. Cabe destacar que en la actualidad creadores de contenido como Guido son esenciales para las estrategias de marketing de cualquier industria. Estos creadores aportan autenticidad y una conexi\u00f3n emocional que las marcas necesitan para llegar efectivamente a sus audiencias. Guido, con su enfoque autodidacta y su pasi\u00f3n por el storytelling, ejemplifica esta capacidad de co creaci\u00f3n y conexi\u00f3n.<\/p>\n\n\n\n<p><\/p>\n\n\n<div class=\"wp-block-image\">\n<figure class=\"aligncenter is-resized\"><img decoding=\"async\" src=\"https:\/\/www.musicalomasradio.com.ar\/wp-content\/uploads\/2024\/07\/222222222-200x300.jpg\" alt=\"\" class=\"wp-image-5663\" style=\"width:602px;height:auto\"\/><\/figure>\n<\/div>\n\n\n<h3 class=\"wp-block-heading\"><strong>Un Futuro Brillante en el Horizonte<\/strong><\/h3>\n\n\n\n<p>Guido Sueldo se encuentra ahora en Miami, a la espera de que esta metr\u00f3polis le permita continuar con su arte y seguir persiguiendo sus sue\u00f1os. Su habilidad para inspirar y motivar a trav\u00e9s de su lente ha sido clave en su \u00e9xito. Guido es un recordatorio viviente de que la verdadera transformaci\u00f3n comienza desde adentro y que la dedicaci\u00f3n y la pasi\u00f3n pueden llevarnos a conquistar nuevos horizontes. Con cada proyecto, Guido contin\u00faa dejando una huella indeleble en el mundo del filmmaking y la fotograf\u00eda.<\/p>\n","protected":false},"excerpt":{"rendered":"<p>Guido Sueldo, un talentoso filmmaker y fot\u00f3grafo de 34 a\u00f1os, naci\u00f3 en el vibrante barrio de San Telmo, Buenos Aires. Durante la pandemia, experiment\u00f3 un despertar espiritual que lo llev\u00f3 a transformar su vida de manera significativa. Baj\u00f3 22 kg en un a\u00f1o y, motivado por su crecimiento personal, decidi\u00f3 dejar su trabajo de oficina [&hellip;]<\/p>\n","protected":false},"author":7,"featured_media":546918,"comment_status":"closed","ping_status":"closed","sticky":false,"template":"","format":"standard","meta":{"footnotes":""},"categories":[25],"tags":[],"class_list":["post-546879","post","type-post","status-publish","format-standard","has-post-thumbnail","hentry","category-gente"],"_links":{"self":[{"href":"https:\/\/diariodominicano.com\/index.php?rest_route=\/wp\/v2\/posts\/546879","targetHints":{"allow":["GET"]}}],"collection":[{"href":"https:\/\/diariodominicano.com\/index.php?rest_route=\/wp\/v2\/posts"}],"about":[{"href":"https:\/\/diariodominicano.com\/index.php?rest_route=\/wp\/v2\/types\/post"}],"author":[{"embeddable":true,"href":"https:\/\/diariodominicano.com\/index.php?rest_route=\/wp\/v2\/users\/7"}],"replies":[{"embeddable":true,"href":"https:\/\/diariodominicano.com\/index.php?rest_route=%2Fwp%2Fv2%2Fcomments&post=546879"}],"version-history":[{"count":1,"href":"https:\/\/diariodominicano.com\/index.php?rest_route=\/wp\/v2\/posts\/546879\/revisions"}],"predecessor-version":[{"id":546919,"href":"https:\/\/diariodominicano.com\/index.php?rest_route=\/wp\/v2\/posts\/546879\/revisions\/546919"}],"wp:featuredmedia":[{"embeddable":true,"href":"https:\/\/diariodominicano.com\/index.php?rest_route=\/wp\/v2\/media\/546918"}],"wp:attachment":[{"href":"https:\/\/diariodominicano.com\/index.php?rest_route=%2Fwp%2Fv2%2Fmedia&parent=546879"}],"wp:term":[{"taxonomy":"category","embeddable":true,"href":"https:\/\/diariodominicano.com\/index.php?rest_route=%2Fwp%2Fv2%2Fcategories&post=546879"},{"taxonomy":"post_tag","embeddable":true,"href":"https:\/\/diariodominicano.com\/index.php?rest_route=%2Fwp%2Fv2%2Ftags&post=546879"}],"curies":[{"name":"wp","href":"https:\/\/api.w.org\/{rel}","templated":true}]}}