{"id":54684,"date":"2020-03-17T01:48:46","date_gmt":"2020-03-17T01:48:46","guid":{"rendered":"http:\/\/diariodominicano.ddns.net\/?p=54684"},"modified":"2020-03-17T01:48:46","modified_gmt":"2020-03-17T01:48:46","slug":"dan-detalles-de-la-decision-de-anexar-rd-a-espana","status":"publish","type":"post","link":"https:\/\/diariodominicano.com\/?p=54684","title":{"rendered":"Dan detalles de la decisi\u00f3n de anexar RD a Espa\u00f1a"},"content":{"rendered":"<p><body><\/p>\n<p><strong>Dan detalles de la decisi\u00f3n de anexar RD a Espa\u00f1a<\/strong><\/p>\n<p><strong>SANTO DOMINGO, el 17 de marzo de 1861<\/strong>, el ministro de Interior y Polic\u00eda del Gobierno del General Pedro Santana, el ciudadano espa\u00f1ol Felipe D\u00e1vila Fern\u00e1ndez  invit\u00f3 a los residentes en la ciudad de Santo Domingo, a conocer las negociaciones para anexar la Rep\u00fablica Dominicana  a Espa\u00f1a.<\/p>\n<p>    El funcionario hab\u00eda desempe\u00f1ado funciones consulares en el pa\u00eds a nombre de Espa\u00f1a.<\/p>\n<p>    La Rep\u00fablica Dominicana fue declarada anexada a Espa\u00f1a, por el Presidente Pedro Santana, el d\u00eda 18 de marzo de 1861.<\/p>\n<p>    La decisi\u00f3n desat\u00f3 un movimiento de protesta en distintas comunidades del territorio nacional.<\/p>\n<h6> 2020-03-17 01:48:46 <\/h6>\n<p><!--\n<link rel=\"stylesheet\" href=\"css\/bootstrap.min.css\">\n\n\n<ul class=\"pagination\">\n\t    \n\t\n\n<li >\n\t<a href='?page_no=679'>Previous<\/a>\n\t<\/li>\n\n\n       \n    \n\n<li><a href='?page_no=1'>1<\/a><\/li>\n\n\n\n<li><a href='?page_no=2'>2<\/a><\/li>\n\n\n\n<li><a>...<\/a><\/li>\n\n\n\n<li><a href='?page_no=678'>678<\/a><\/li>\n\n\n\n<li><a href='?page_no=679'>679<\/a><\/li>\n\n\n\n<li class='active'><a>680<\/a><\/li>\n\n\n\n<li><a href='?page_no=681'>681<\/a><\/li>\n\n\n\n<li><a href='?page_no=682'>682<\/a><\/li>\n\n\n\n<li><a>...<\/a><\/li>\n\n\n\n<li><a href='?page_no=22911'>22911<\/a><\/li>\n\n\n\n<li><a href='?page_no=22912'>22912<\/a><\/li>\n\n    \n\t\n\n<li >\n\t<a href='?page_no=681'>Next<\/a>\n\t<\/li>\n\n\n    \n\n<li><a href='?page_no=22912'>Last &rsaquo;&rsaquo;<\/a><\/li>\n\n<\/ul>\n\n\n--><br \/>\n<\/body><\/p>\n","protected":false},"excerpt":{"rendered":"<p>Dan detalles de la decisi\u00f3n de anexar RD a Espa\u00f1a SANTO DOMINGO, el 17 de marzo de 1861, el ministro de Interior y Polic\u00eda del Gobierno del General Pedro Santana, el ciudadano espa\u00f1ol Felipe D\u00e1vila Fern\u00e1ndez invit\u00f3 a los residentes en la ciudad de Santo Domingo, a conocer las negociaciones para anexar la Rep\u00fablica Dominicana [&hellip;]<\/p>\n","protected":false},"author":3,"featured_media":0,"comment_status":"open","ping_status":"open","sticky":false,"template":"","format":"standard","meta":{"footnotes":""},"categories":[21],"tags":[],"class_list":["post-54684","post","type-post","status-publish","format-standard","hentry","category-cultura"],"_links":{"self":[{"href":"https:\/\/diariodominicano.com\/index.php?rest_route=\/wp\/v2\/posts\/54684","targetHints":{"allow":["GET"]}}],"collection":[{"href":"https:\/\/diariodominicano.com\/index.php?rest_route=\/wp\/v2\/posts"}],"about":[{"href":"https:\/\/diariodominicano.com\/index.php?rest_route=\/wp\/v2\/types\/post"}],"author":[{"embeddable":true,"href":"https:\/\/diariodominicano.com\/index.php?rest_route=\/wp\/v2\/users\/3"}],"replies":[{"embeddable":true,"href":"https:\/\/diariodominicano.com\/index.php?rest_route=%2Fwp%2Fv2%2Fcomments&post=54684"}],"version-history":[{"count":0,"href":"https:\/\/diariodominicano.com\/index.php?rest_route=\/wp\/v2\/posts\/54684\/revisions"}],"wp:attachment":[{"href":"https:\/\/diariodominicano.com\/index.php?rest_route=%2Fwp%2Fv2%2Fmedia&parent=54684"}],"wp:term":[{"taxonomy":"category","embeddable":true,"href":"https:\/\/diariodominicano.com\/index.php?rest_route=%2Fwp%2Fv2%2Fcategories&post=54684"},{"taxonomy":"post_tag","embeddable":true,"href":"https:\/\/diariodominicano.com\/index.php?rest_route=%2Fwp%2Fv2%2Ftags&post=54684"}],"curies":[{"name":"wp","href":"https:\/\/api.w.org\/{rel}","templated":true}]}}