{"id":54683,"date":"2020-11-08T21:34:02","date_gmt":"2020-11-08T21:34:02","guid":{"rendered":"http:\/\/diariodominicano.ddns.net\/?p=54683"},"modified":"2020-11-08T21:34:02","modified_gmt":"2020-11-08T21:34:02","slug":"gobierno-de-baez-fusila-a-los-hermanos-manzueta","status":"publish","type":"post","link":"https:\/\/diariodominicano.com\/?p=54683","title":{"rendered":"Gobierno de B\u00e1ez fusila a los hermanos Manzueta"},"content":{"rendered":"<p><body><\/p>\n<p><strong>Diariodominicano.com<\/strong><\/p>\n<p><strong>Gobierno de B\u00e1ez fusila a los hermanos Manzueta<\/strong><\/p>\n<p> Leandro Manzueta hab\u00eda nacido en Yamas\u00e1 en  1822 y Eusebio Manzueta en el a\u00f1o 1823.<\/p>\n<p><strong> SANTO DOMINGO, el   8 de noviembre de 1873, <\/strong>fueron fusilados los hermanos coronel Leandro Manzueta  y el general Eusebio Manzueta.<\/p>\n<\/p>\n<p>     Leandro Manzueta hab\u00eda nacido en Yamas\u00e1 en  1822 y Eusebio Manzueta en el a\u00f1o 1823.<\/p>\n<\/p>\n<p>    Los dos hab\u00edan hecho resistencia a la administraci\u00f3n del Presidente Buenaventura B\u00e1ez, durante varios a\u00f1os.<\/p>\n<\/p>\n<p>    Fueron detenidos por fuerzas militares en Masab\u00e1 y de inmediato fueron fusilados.<\/p>\n<\/p>\n<p>     Eusebio Manzueta  y su hermano Leandro se distinguieron como dos  de los h\u00e9roes de la Guerra de la Restauraci\u00f3n.<\/p>\n<\/p>\n<h6> 2020-11-08 21:34:02 <\/h6>\n<p><!--\n<link rel=\"stylesheet\" href=\"css\/bootstrap.min.css\">\n\n\n<ul class=\"pagination\">\n\t    \n\t\n\n<li >\n\t<a href='?page_no=67'>Previous<\/a>\n\t<\/li>\n\n\n       \n    \n\n<li><a href='?page_no=1'>1<\/a><\/li>\n\n\n\n<li><a href='?page_no=2'>2<\/a><\/li>\n\n\n\n<li><a>...<\/a><\/li>\n\n\n\n<li><a href='?page_no=66'>66<\/a><\/li>\n\n\n\n<li><a href='?page_no=67'>67<\/a><\/li>\n\n\n\n<li class='active'><a>68<\/a><\/li>\n\n\n\n<li><a href='?page_no=69'>69<\/a><\/li>\n\n\n\n<li><a href='?page_no=70'>70<\/a><\/li>\n\n\n\n<li><a>...<\/a><\/li>\n\n\n\n<li><a href='?page_no=22911'>22911<\/a><\/li>\n\n\n\n<li><a href='?page_no=22912'>22912<\/a><\/li>\n\n    \n\t\n\n<li >\n\t<a href='?page_no=69'>Next<\/a>\n\t<\/li>\n\n\n    \n\n<li><a href='?page_no=22912'>Last &rsaquo;&rsaquo;<\/a><\/li>\n\n<\/ul>\n\n\n--><br \/>\n<\/body><\/p>\n","protected":false},"excerpt":{"rendered":"<p>Diariodominicano.com Gobierno de B\u00e1ez fusila a los hermanos Manzueta Leandro Manzueta hab\u00eda nacido en Yamas\u00e1 en 1822 y Eusebio Manzueta en el a\u00f1o 1823. SANTO DOMINGO, el 8 de noviembre de 1873, fueron fusilados los hermanos coronel Leandro Manzueta y el general Eusebio Manzueta. Leandro Manzueta hab\u00eda nacido en Yamas\u00e1 en 1822 y Eusebio Manzueta [&hellip;]<\/p>\n","protected":false},"author":3,"featured_media":0,"comment_status":"open","ping_status":"open","sticky":false,"template":"","format":"standard","meta":{"footnotes":""},"categories":[21],"tags":[],"class_list":["post-54683","post","type-post","status-publish","format-standard","hentry","category-cultura"],"_links":{"self":[{"href":"https:\/\/diariodominicano.com\/index.php?rest_route=\/wp\/v2\/posts\/54683","targetHints":{"allow":["GET"]}}],"collection":[{"href":"https:\/\/diariodominicano.com\/index.php?rest_route=\/wp\/v2\/posts"}],"about":[{"href":"https:\/\/diariodominicano.com\/index.php?rest_route=\/wp\/v2\/types\/post"}],"author":[{"embeddable":true,"href":"https:\/\/diariodominicano.com\/index.php?rest_route=\/wp\/v2\/users\/3"}],"replies":[{"embeddable":true,"href":"https:\/\/diariodominicano.com\/index.php?rest_route=%2Fwp%2Fv2%2Fcomments&post=54683"}],"version-history":[{"count":0,"href":"https:\/\/diariodominicano.com\/index.php?rest_route=\/wp\/v2\/posts\/54683\/revisions"}],"wp:attachment":[{"href":"https:\/\/diariodominicano.com\/index.php?rest_route=%2Fwp%2Fv2%2Fmedia&parent=54683"}],"wp:term":[{"taxonomy":"category","embeddable":true,"href":"https:\/\/diariodominicano.com\/index.php?rest_route=%2Fwp%2Fv2%2Fcategories&post=54683"},{"taxonomy":"post_tag","embeddable":true,"href":"https:\/\/diariodominicano.com\/index.php?rest_route=%2Fwp%2Fv2%2Ftags&post=54683"}],"curies":[{"name":"wp","href":"https:\/\/api.w.org\/{rel}","templated":true}]}}