{"id":546762,"date":"2024-07-22T12:17:11","date_gmt":"2024-07-22T16:17:11","guid":{"rendered":"https:\/\/diariodominicano.com\/?p=546762"},"modified":"2024-07-22T14:16:51","modified_gmt":"2024-07-22T18:16:51","slug":"autoferia-asocivu-celebrara-su-40-a-edicion","status":"publish","type":"post","link":"https:\/\/diariodominicano.com\/?p=546762","title":{"rendered":"Autoferia Asocivu celebrar\u00e1 su 40.\u00aa edici\u00f3n"},"content":{"rendered":"\n<p>La Asociaci\u00f3n de Importadores de Veh\u00edculos Usados (ASOCIVU), celebrar\u00e1 su cuadrag\u00e9sima edici\u00f3n con su tradicional autoferia de veh\u00edculos usados, \u201cPap\u00e1 Montao\u2019 con Asocivu 2024\u201d, a realizarse del jueves 25 al lunes 29 de julio 2024, de 10 am a 10 pm.<\/p>\n\n\n\n<p>El evento se desarrollar\u00e1 de manera presencial en las inmediaciones de la Ciudad Ganadera de Santo Domingo; donde se exhibir\u00e1 m\u00e1s de 3,500 unidades, el mayor inventario de veh\u00edculos usados de diferentes a\u00f1os, precios, marcas y modelos.<\/p>\n\n\n\n<p>La autoferia contar\u00e1 con la participaci\u00f3n y respaldo de las entidades bancarias: Banco BACC, Banco Caribe y Banco Confisa; quienes ofertar\u00e1n atractivas tasas de inter\u00e9s y financiamientos de hasta el 85% del valor del veh\u00edculo, con pr\u00e9stamos a c\u00f3modas cuotas de hasta 72 meses.<\/p>\n\n\n\n<figure class=\"wp-block-gallery has-nested-images columns-default is-cropped wp-block-gallery-1 is-layout-flex wp-block-gallery-is-layout-flex\">\n<figure class=\"wp-block-image size-large\"><img loading=\"lazy\" decoding=\"async\" width=\"683\" height=\"1024\" data-id=\"546773\" src=\"https:\/\/diariodominicano.com\/wp-content\/uploads\/2024\/07\/Ivan-Mendez-e-Isaias-Morales-683x1024.jpg\" alt=\"\" class=\"wp-image-546773\" srcset=\"https:\/\/diariodominicano.com\/wp-content\/uploads\/2024\/07\/Ivan-Mendez-e-Isaias-Morales-683x1024.jpg 683w, https:\/\/diariodominicano.com\/wp-content\/uploads\/2024\/07\/Ivan-Mendez-e-Isaias-Morales-200x300.jpg 200w, https:\/\/diariodominicano.com\/wp-content\/uploads\/2024\/07\/Ivan-Mendez-e-Isaias-Morales-768x1151.jpg 768w, https:\/\/diariodominicano.com\/wp-content\/uploads\/2024\/07\/Ivan-Mendez-e-Isaias-Morales-1024x1536.jpg 1024w, https:\/\/diariodominicano.com\/wp-content\/uploads\/2024\/07\/Ivan-Mendez-e-Isaias-Morales-1366x2048.jpg 1366w, https:\/\/diariodominicano.com\/wp-content\/uploads\/2024\/07\/Ivan-Mendez-e-Isaias-Morales-816x1223.jpg 816w, https:\/\/diariodominicano.com\/wp-content\/uploads\/2024\/07\/Ivan-Mendez-e-Isaias-Morales.jpg 1384w\" sizes=\"auto, (max-width: 683px) 100vw, 683px\" \/><\/figure>\n\n\n\n<figure class=\"wp-block-image size-large\"><img loading=\"lazy\" decoding=\"async\" width=\"682\" height=\"1024\" data-id=\"546772\" src=\"https:\/\/diariodominicano.com\/wp-content\/uploads\/2024\/07\/Scarlett-Batista-y-Robert-Jimenez-682x1024.jpg\" alt=\"\" class=\"wp-image-546772\" srcset=\"https:\/\/diariodominicano.com\/wp-content\/uploads\/2024\/07\/Scarlett-Batista-y-Robert-Jimenez-682x1024.jpg 682w, https:\/\/diariodominicano.com\/wp-content\/uploads\/2024\/07\/Scarlett-Batista-y-Robert-Jimenez-200x300.jpg 200w, https:\/\/diariodominicano.com\/wp-content\/uploads\/2024\/07\/Scarlett-Batista-y-Robert-Jimenez-768x1152.jpg 768w, https:\/\/diariodominicano.com\/wp-content\/uploads\/2024\/07\/Scarlett-Batista-y-Robert-Jimenez-1024x1536.jpg 1024w, https:\/\/diariodominicano.com\/wp-content\/uploads\/2024\/07\/Scarlett-Batista-y-Robert-Jimenez-816x1224.jpg 816w, https:\/\/diariodominicano.com\/wp-content\/uploads\/2024\/07\/Scarlett-Batista-y-Robert-Jimenez.jpg 1303w\" sizes=\"auto, (max-width: 682px) 100vw, 682px\" \/><\/figure>\n\n\n\n<figure class=\"wp-block-image size-large\"><img loading=\"lazy\" decoding=\"async\" width=\"683\" height=\"1024\" data-id=\"546771\" src=\"https:\/\/diariodominicano.com\/wp-content\/uploads\/2024\/07\/Carolina-Santana-y-Abel-Marte-683x1024.jpg\" alt=\"\" class=\"wp-image-546771\" srcset=\"https:\/\/diariodominicano.com\/wp-content\/uploads\/2024\/07\/Carolina-Santana-y-Abel-Marte-683x1024.jpg 683w, https:\/\/diariodominicano.com\/wp-content\/uploads\/2024\/07\/Carolina-Santana-y-Abel-Marte-200x300.jpg 200w, https:\/\/diariodominicano.com\/wp-content\/uploads\/2024\/07\/Carolina-Santana-y-Abel-Marte-768x1152.jpg 768w, https:\/\/diariodominicano.com\/wp-content\/uploads\/2024\/07\/Carolina-Santana-y-Abel-Marte-1024x1536.jpg 1024w, https:\/\/diariodominicano.com\/wp-content\/uploads\/2024\/07\/Carolina-Santana-y-Abel-Marte-816x1224.jpg 816w, https:\/\/diariodominicano.com\/wp-content\/uploads\/2024\/07\/Carolina-Santana-y-Abel-Marte.jpg 1348w\" sizes=\"auto, (max-width: 683px) 100vw, 683px\" \/><\/figure>\n\n\n\n<figure class=\"wp-block-image size-large\"><img loading=\"lazy\" decoding=\"async\" width=\"682\" height=\"1024\" data-id=\"546769\" src=\"https:\/\/diariodominicano.com\/wp-content\/uploads\/2024\/07\/William-Quiroz-y-Roseli-Perdomo-682x1024.jpg\" alt=\"\" class=\"wp-image-546769\" srcset=\"https:\/\/diariodominicano.com\/wp-content\/uploads\/2024\/07\/William-Quiroz-y-Roseli-Perdomo-682x1024.jpg 682w, https:\/\/diariodominicano.com\/wp-content\/uploads\/2024\/07\/William-Quiroz-y-Roseli-Perdomo-200x300.jpg 200w, https:\/\/diariodominicano.com\/wp-content\/uploads\/2024\/07\/William-Quiroz-y-Roseli-Perdomo-768x1153.jpg 768w, https:\/\/diariodominicano.com\/wp-content\/uploads\/2024\/07\/William-Quiroz-y-Roseli-Perdomo-1023x1536.jpg 1023w, https:\/\/diariodominicano.com\/wp-content\/uploads\/2024\/07\/William-Quiroz-y-Roseli-Perdomo-816x1225.jpg 816w, https:\/\/diariodominicano.com\/wp-content\/uploads\/2024\/07\/William-Quiroz-y-Roseli-Perdomo.jpg 1261w\" sizes=\"auto, (max-width: 682px) 100vw, 682px\" \/><\/figure>\n<\/figure>\n\n\n\n<p>\u00a8Nos consolidamos como la autoferia l\u00edder del sector de veh\u00edculos usados con el mayor n\u00famero de ediciones realizadas en la Rep\u00fablica Dominicana. Arribamos a nuestra edici\u00f3n n\u00famero 40 y agradecemos al pueblo dominicano que por m\u00e1s de dos d\u00e9cadas han confiado en nosotros y en nuestros miembros asociados\u201d, expres\u00f3 Aramis Mella, presidente de ASOCIVU.<\/p>\n\n\n\n<p>El evento contar\u00e1 con presentaciones art\u00edsticas y culturales, \u00e1reas de parqueos vigiladas y amenidades para el disfrute gratuito de toda la familia. Adem\u00e1s, por motivo de esta gran celebraci\u00f3n, los compradores de veh\u00edculos recibir\u00e1n un boleto para el sorteo de dos Daihatsu Mira 2019, a realizarse el lunes 29 de julio durante el acto de clausura.<\/p>\n\n\n\n<figure class=\"wp-block-gallery has-nested-images columns-default is-cropped wp-block-gallery-2 is-layout-flex wp-block-gallery-is-layout-flex\">\n<figure class=\"wp-block-image size-large\"><img loading=\"lazy\" decoding=\"async\" width=\"682\" height=\"1024\" data-id=\"546776\" src=\"https:\/\/diariodominicano.com\/wp-content\/uploads\/2024\/07\/Montserrat-Mella-y-Aramis-Mella-682x1024.jpg\" alt=\"\" class=\"wp-image-546776\" srcset=\"https:\/\/diariodominicano.com\/wp-content\/uploads\/2024\/07\/Montserrat-Mella-y-Aramis-Mella-682x1024.jpg 682w, https:\/\/diariodominicano.com\/wp-content\/uploads\/2024\/07\/Montserrat-Mella-y-Aramis-Mella-200x300.jpg 200w, https:\/\/diariodominicano.com\/wp-content\/uploads\/2024\/07\/Montserrat-Mella-y-Aramis-Mella-768x1152.jpg 768w, https:\/\/diariodominicano.com\/wp-content\/uploads\/2024\/07\/Montserrat-Mella-y-Aramis-Mella-1024x1536.jpg 1024w, https:\/\/diariodominicano.com\/wp-content\/uploads\/2024\/07\/Montserrat-Mella-y-Aramis-Mella-816x1224.jpg 816w, https:\/\/diariodominicano.com\/wp-content\/uploads\/2024\/07\/Montserrat-Mella-y-Aramis-Mella.jpg 1293w\" sizes=\"auto, (max-width: 682px) 100vw, 682px\" \/><\/figure>\n\n\n\n<figure class=\"wp-block-image size-large\"><img loading=\"lazy\" decoding=\"async\" width=\"683\" height=\"1024\" data-id=\"546775\" src=\"https:\/\/diariodominicano.com\/wp-content\/uploads\/2024\/07\/Marisol-Morey-y-Luis-Santana-683x1024.jpg\" alt=\"\" class=\"wp-image-546775\" srcset=\"https:\/\/diariodominicano.com\/wp-content\/uploads\/2024\/07\/Marisol-Morey-y-Luis-Santana-683x1024.jpg 683w, https:\/\/diariodominicano.com\/wp-content\/uploads\/2024\/07\/Marisol-Morey-y-Luis-Santana-200x300.jpg 200w, https:\/\/diariodominicano.com\/wp-content\/uploads\/2024\/07\/Marisol-Morey-y-Luis-Santana-768x1151.jpg 768w, https:\/\/diariodominicano.com\/wp-content\/uploads\/2024\/07\/Marisol-Morey-y-Luis-Santana-1025x1536.jpg 1025w, https:\/\/diariodominicano.com\/wp-content\/uploads\/2024\/07\/Marisol-Morey-y-Luis-Santana-816x1223.jpg 816w, https:\/\/diariodominicano.com\/wp-content\/uploads\/2024\/07\/Marisol-Morey-y-Luis-Santana.jpg 1319w\" sizes=\"auto, (max-width: 683px) 100vw, 683px\" \/><\/figure>\n\n\n\n<figure class=\"wp-block-image size-large\"><img loading=\"lazy\" decoding=\"async\" width=\"682\" height=\"1024\" data-id=\"546774\" src=\"https:\/\/diariodominicano.com\/wp-content\/uploads\/2024\/07\/Vielka-Brito-y-Camila-Sosa-682x1024.jpg\" alt=\"\" class=\"wp-image-546774\" srcset=\"https:\/\/diariodominicano.com\/wp-content\/uploads\/2024\/07\/Vielka-Brito-y-Camila-Sosa-682x1024.jpg 682w, https:\/\/diariodominicano.com\/wp-content\/uploads\/2024\/07\/Vielka-Brito-y-Camila-Sosa-200x300.jpg 200w, https:\/\/diariodominicano.com\/wp-content\/uploads\/2024\/07\/Vielka-Brito-y-Camila-Sosa-768x1153.jpg 768w, https:\/\/diariodominicano.com\/wp-content\/uploads\/2024\/07\/Vielka-Brito-y-Camila-Sosa-1024x1536.jpg 1024w, https:\/\/diariodominicano.com\/wp-content\/uploads\/2024\/07\/Vielka-Brito-y-Camila-Sosa-1365x2048.jpg 1365w, https:\/\/diariodominicano.com\/wp-content\/uploads\/2024\/07\/Vielka-Brito-y-Camila-Sosa-816x1225.jpg 816w, https:\/\/diariodominicano.com\/wp-content\/uploads\/2024\/07\/Vielka-Brito-y-Camila-Sosa.jpg 1394w\" sizes=\"auto, (max-width: 682px) 100vw, 682px\" \/><\/figure>\n\n\n\n<figure class=\"wp-block-image size-large\"><img loading=\"lazy\" decoding=\"async\" width=\"683\" height=\"1024\" data-id=\"546773\" src=\"https:\/\/diariodominicano.com\/wp-content\/uploads\/2024\/07\/Ivan-Mendez-e-Isaias-Morales-683x1024.jpg\" alt=\"\" class=\"wp-image-546773\" srcset=\"https:\/\/diariodominicano.com\/wp-content\/uploads\/2024\/07\/Ivan-Mendez-e-Isaias-Morales-683x1024.jpg 683w, https:\/\/diariodominicano.com\/wp-content\/uploads\/2024\/07\/Ivan-Mendez-e-Isaias-Morales-200x300.jpg 200w, https:\/\/diariodominicano.com\/wp-content\/uploads\/2024\/07\/Ivan-Mendez-e-Isaias-Morales-768x1151.jpg 768w, https:\/\/diariodominicano.com\/wp-content\/uploads\/2024\/07\/Ivan-Mendez-e-Isaias-Morales-1024x1536.jpg 1024w, https:\/\/diariodominicano.com\/wp-content\/uploads\/2024\/07\/Ivan-Mendez-e-Isaias-Morales-1366x2048.jpg 1366w, https:\/\/diariodominicano.com\/wp-content\/uploads\/2024\/07\/Ivan-Mendez-e-Isaias-Morales-816x1223.jpg 816w, https:\/\/diariodominicano.com\/wp-content\/uploads\/2024\/07\/Ivan-Mendez-e-Isaias-Morales.jpg 1384w\" sizes=\"auto, (max-width: 683px) 100vw, 683px\" \/><\/figure>\n<\/figure>\n\n\n\n<p>La autoferia contar\u00e1 con el patrocinio y respaldo de: Banco BACC, Banco Caribe y Banco Confisa, Sansouc\u00ed Puerto Santo Domingo, Accordia Shipping, Carros RD, Seaboard Marine, Cervecer\u00eda Nacional Dominicana, Presidente, Super Carros, Americo Cigars, Elite House, Confor Matic, Bantracking, Repsol, Haina International Terminals, Inmobiliaria Francisco Guzm\u00e1n y Marokana restaurante.<\/p>\n","protected":false},"excerpt":{"rendered":"<p>La Asociaci\u00f3n de Importadores de Veh\u00edculos Usados (ASOCIVU), celebrar\u00e1 su cuadrag\u00e9sima edici\u00f3n con su tradicional autoferia de veh\u00edculos usados, \u201cPap\u00e1 Montao\u2019 con Asocivu 2024\u201d, a realizarse del jueves 25 al lunes 29 de julio 2024, de 10 am a 10 pm. El evento se desarrollar\u00e1 de manera presencial en las inmediaciones de la Ciudad Ganadera [&hellip;]<\/p>\n","protected":false},"author":7,"featured_media":546768,"comment_status":"closed","ping_status":"closed","sticky":false,"template":"","format":"standard","meta":{"footnotes":""},"categories":[25],"tags":[],"class_list":["post-546762","post","type-post","status-publish","format-standard","has-post-thumbnail","hentry","category-gente"],"_links":{"self":[{"href":"https:\/\/diariodominicano.com\/index.php?rest_route=\/wp\/v2\/posts\/546762","targetHints":{"allow":["GET"]}}],"collection":[{"href":"https:\/\/diariodominicano.com\/index.php?rest_route=\/wp\/v2\/posts"}],"about":[{"href":"https:\/\/diariodominicano.com\/index.php?rest_route=\/wp\/v2\/types\/post"}],"author":[{"embeddable":true,"href":"https:\/\/diariodominicano.com\/index.php?rest_route=\/wp\/v2\/users\/7"}],"replies":[{"embeddable":true,"href":"https:\/\/diariodominicano.com\/index.php?rest_route=%2Fwp%2Fv2%2Fcomments&post=546762"}],"version-history":[{"count":1,"href":"https:\/\/diariodominicano.com\/index.php?rest_route=\/wp\/v2\/posts\/546762\/revisions"}],"predecessor-version":[{"id":546777,"href":"https:\/\/diariodominicano.com\/index.php?rest_route=\/wp\/v2\/posts\/546762\/revisions\/546777"}],"wp:featuredmedia":[{"embeddable":true,"href":"https:\/\/diariodominicano.com\/index.php?rest_route=\/wp\/v2\/media\/546768"}],"wp:attachment":[{"href":"https:\/\/diariodominicano.com\/index.php?rest_route=%2Fwp%2Fv2%2Fmedia&parent=546762"}],"wp:term":[{"taxonomy":"category","embeddable":true,"href":"https:\/\/diariodominicano.com\/index.php?rest_route=%2Fwp%2Fv2%2Fcategories&post=546762"},{"taxonomy":"post_tag","embeddable":true,"href":"https:\/\/diariodominicano.com\/index.php?rest_route=%2Fwp%2Fv2%2Ftags&post=546762"}],"curies":[{"name":"wp","href":"https:\/\/api.w.org\/{rel}","templated":true}]}}