{"id":546758,"date":"2024-07-22T11:02:23","date_gmt":"2024-07-22T15:02:23","guid":{"rendered":"https:\/\/diariodominicano.com\/?p=546758"},"modified":"2024-07-22T11:02:31","modified_gmt":"2024-07-22T15:02:31","slug":"desaparece-rapero-haitiano-mechans-t-incertidumbre-crece-con-cancelacion-busqueda-naufragio-en-bahamas","status":"publish","type":"post","link":"https:\/\/diariodominicano.com\/?p=546758","title":{"rendered":"Desaparece rapero haitiano Mechans-T, incertidumbre crece con cancelaci\u00f3n b\u00fasqueda naufragio en Bahamas"},"content":{"rendered":"\n<p>diariodominicano.com<\/p>\n\n\n\n<p>Puerto Pr\u00edncipe 22 jul (Prensa Latina) La desaparici\u00f3n del rapero Wens Jonathan Desir, conocido en Hait\u00ed por el nombre art\u00edstico de Mechans-T, sigue siendo hoy un enigma para familiares, amigos y autoridades del pa\u00eds caribe\u00f1o.<\/p>\n\n\n\n<p>La incertidumbre gana tama\u00f1o cuando fue anunciada la cancelaci\u00f3n de la b\u00fasqueda de unos 60 migrantes desaparecidos en el mar, que partieron de las Bahamas a principios de este mes rumbo a la Florida, Estados Unidos.<\/p>\n\n\n\n<p>Seg\u00fan un comunicado de la Real Fuerza de Defensa de Bahamas, las personas salieron por la zona norte de \u00c1baco el 4 de julio, y se dirig\u00edan a Fort Pierce cuando la tripulaci\u00f3n del barco report\u00f3 problemas con el motor alrededor de las 23:00 (hora local) de ese d\u00eda.<\/p>\n\n\n\n<p>Las Islas \u00c1baco -recuerda el diario digital Gazette Haiti News -son muy utilizadas como punto de partida por los migrantes haitianos que buscan viajar a los Estados Unidos.<\/p>\n\n\n\n<p>Por su parte, Radio Televisi\u00f3n Cara\u00efbes que investiga la desaparici\u00f3n del rapero inform\u00f3 que el artista fue a Bahamas para un espect\u00e1culo por la celebraci\u00f3n del D\u00eda de la Bandera de Hait\u00ed el 18 de mayo.<\/p>\n\n\n\n<p>Quiz\u00e1s -presume la fuente- pudo haberse sumado a un viaje de migrantes a la naci\u00f3n norte\u00f1a, y desde entonces no se le volvi\u00f3 a ver.<\/p>\n\n\n\n<p>Una carta del 16 de julio de la embajada de Hait\u00ed en Nassau, solicit\u00f3 al Ministerio de Relaciones Exteriores de Bahamas ayuda para determinar el paradero de Desir, quien despu\u00e9s de bajar del escenario no sabe nada de su paradero.<\/p>\n\n\n\n<p>Ni las autoridades de Bahamas, ni la Guardia Costera de Estados Unidos proporcionaron las nacionalidades de los migrantes desaparecidos.<\/p>\n\n\n\n<p>\u00abA pesar de estas extensas b\u00fasquedas a\u00e9reas, no fue encontrada ninguna se\u00f1al del barco o de sus pasajeros\u00bb, dijo el comunicado conjunto.<\/p>\n\n\n\n<p>Seg\u00fan el diario digital Juno 7, estaban circulando rumores en las redes sociales de que la Guardia Costera de Florida arrest\u00f3 a Mechans-T mientras intentaba ingresar ilegalmente a Estados Unidos, pero esa informaci\u00f3n no fue confirmada por ninguna autoridad del pa\u00eds norte\u00f1o.<\/p>\n\n\n\n<p>mem\/joe<\/p>\n","protected":false},"excerpt":{"rendered":"<p>diariodominicano.com Puerto Pr\u00edncipe 22 jul (Prensa Latina) La desaparici\u00f3n del rapero Wens Jonathan Desir, conocido en Hait\u00ed por el nombre art\u00edstico de Mechans-T, sigue siendo hoy un enigma para familiares, amigos y autoridades del pa\u00eds caribe\u00f1o. La incertidumbre gana tama\u00f1o cuando fue anunciada la cancelaci\u00f3n de la b\u00fasqueda de unos 60 migrantes desaparecidos en el [&hellip;]<\/p>\n","protected":false},"author":5,"featured_media":546759,"comment_status":"closed","ping_status":"closed","sticky":true,"template":"","format":"standard","meta":{"footnotes":""},"categories":[112,23,27],"tags":[],"class_list":["post-546758","post","type-post","status-publish","format-standard","has-post-thumbnail","hentry","category-haiti","category-internacional","category-portada"],"_links":{"self":[{"href":"https:\/\/diariodominicano.com\/index.php?rest_route=\/wp\/v2\/posts\/546758","targetHints":{"allow":["GET"]}}],"collection":[{"href":"https:\/\/diariodominicano.com\/index.php?rest_route=\/wp\/v2\/posts"}],"about":[{"href":"https:\/\/diariodominicano.com\/index.php?rest_route=\/wp\/v2\/types\/post"}],"author":[{"embeddable":true,"href":"https:\/\/diariodominicano.com\/index.php?rest_route=\/wp\/v2\/users\/5"}],"replies":[{"embeddable":true,"href":"https:\/\/diariodominicano.com\/index.php?rest_route=%2Fwp%2Fv2%2Fcomments&post=546758"}],"version-history":[{"count":1,"href":"https:\/\/diariodominicano.com\/index.php?rest_route=\/wp\/v2\/posts\/546758\/revisions"}],"predecessor-version":[{"id":546760,"href":"https:\/\/diariodominicano.com\/index.php?rest_route=\/wp\/v2\/posts\/546758\/revisions\/546760"}],"wp:featuredmedia":[{"embeddable":true,"href":"https:\/\/diariodominicano.com\/index.php?rest_route=\/wp\/v2\/media\/546759"}],"wp:attachment":[{"href":"https:\/\/diariodominicano.com\/index.php?rest_route=%2Fwp%2Fv2%2Fmedia&parent=546758"}],"wp:term":[{"taxonomy":"category","embeddable":true,"href":"https:\/\/diariodominicano.com\/index.php?rest_route=%2Fwp%2Fv2%2Fcategories&post=546758"},{"taxonomy":"post_tag","embeddable":true,"href":"https:\/\/diariodominicano.com\/index.php?rest_route=%2Fwp%2Fv2%2Ftags&post=546758"}],"curies":[{"name":"wp","href":"https:\/\/api.w.org\/{rel}","templated":true}]}}