{"id":546649,"date":"2024-07-22T01:18:40","date_gmt":"2024-07-22T05:18:40","guid":{"rendered":"https:\/\/diariodominicano.com\/?p=546649"},"modified":"2024-07-22T01:18:43","modified_gmt":"2024-07-22T05:18:43","slug":"ponderan-potencial-riesgos-y-enfermedades-del-cerebro","status":"publish","type":"post","link":"https:\/\/diariodominicano.com\/?p=546649","title":{"rendered":"Ponderan potencial, riesgos y enfermedades del cerebro"},"content":{"rendered":"\n<p>Bruselas, 22 jul (Prensa Latina) La Federaci\u00f3n Mundial de Neurolog\u00eda y la Organizaci\u00f3n Mundial de la Salud celebran hoy el D\u00eda Mundial del Cerebro, que enfatiza este a\u00f1o en la necesidad de crear conciencia sobre su potencial, riesgos y enfermedades.<\/p>\n\n\n\n<ul class=\"wp-block-list\">\n<li><a href=\"https:\/\/www.prensa-latina.cu\/2024\/07\/22\/\"><time>julio 22, 2024 | 00:54<\/time><\/a><\/li>\n<\/ul>\n\n\n\n<ul class=\"wp-block-list\">\n<li><a href=\"https:\/\/www.prensa-latina.cu\/2024\/07\/22\/ponderan-potencial-riesgos-y-enfermedades-del-cerebro\/#\"><\/a><\/li>\n\n\n\n<li><a href=\"https:\/\/www.prensa-latina.cu\/2024\/07\/22\/ponderan-potencial-riesgos-y-enfermedades-del-cerebro\/#\"><\/a><\/li>\n\n\n\n<li><a href=\"https:\/\/www.prensa-latina.cu\/2024\/07\/22\/ponderan-potencial-riesgos-y-enfermedades-del-cerebro\/#\"><\/a><\/li>\n\n\n\n<li><a href=\"https:\/\/www.prensa-latina.cu\/2024\/07\/22\/ponderan-potencial-riesgos-y-enfermedades-del-cerebro\/#\"><\/a><\/li>\n<\/ul>\n\n\n\n<p>El cerebro o materia gris, como se le conoce com\u00fanmente, es uno de los \u00f3rganos vitales del cuerpo humano ya que controla las actividades cognitivas (pensar, abstraer, leer) y reacciones del organismo (acciones y funciones corporales en respuesta a est\u00edmulos sensoriales).<\/p>\n\n\n\n<p>Representa el 20 por ciento de la energ\u00eda y ox\u00edgeno que consume una persona, representa el dos por ciento del peso corporal, est\u00e1 conformado por un 73 por ciento de agua y transporta la informaci\u00f3n a una velocidad de 268 millas por hora, m\u00e1s r\u00e1pido que un veh\u00edculo F\u00f3rmula 1.<\/p>\n\n\n\n<p>Expertos consideran que gracias a un funcionamiento complejo, el cerebro es considerado el producto m\u00e1s elevado de la evoluci\u00f3n biol\u00f3gica y aquello que, a los humanos, los hace ser quienes son.<\/p>\n\n\n\n<p>La funcionalidad del lado izquierdo del cerebro est\u00e1 asociada con el an\u00e1lisis, l\u00f3gica, matem\u00e1ticas, lenguaje y secuencia, mientras que el derecho desarrolla la creatividad, la intuici\u00f3n, los sentimientos, la imaginaci\u00f3n y las artes. Por ello, el 22 de julio se celebra el D\u00eda Mundial del Cerebro.<\/p>\n\n\n\n<p>Su objetivo principal es concientizar y educar sobre los trastornos de compromiso cerebral que afectan a cientos de miles de personas en todo el mundo, que incluyen a los accidentes cerebrovasculares, enfermedades neurodegenerativas, Alzheimer y Parkinson, epilepsia, esquizofrenia, migra\u00f1a, esclerosis m\u00faltiple, encefalitis y meningitis, entre otras.<\/p>\n\n\n\n<p>El 22 de julio de 2014 la Federaci\u00f3n Mundial de Neurolog\u00eda lanz\u00f3 la primera edici\u00f3n de esta efem\u00e9ride, un evento dedicado a remarcar la importancia de la salud cerebral y la cada vez m\u00e1s urgente necesidad de hacer campa\u00f1as de prevenci\u00f3n en este tema.<\/p>\n\n\n\n<p>Como ejemplos de los efectos devastadores de las enfermedades cerebrales esa instituci\u00f3n recuerda que cada a\u00f1o 15 millones de personas en todo el orbe sufren un accidente cerebrovascular, cerca de seis millones mueren, mientras cinco millones quedan permanentemente discapacitadas.<\/p>\n\n\n\n<p>Asimismo, es responsable de m\u00e1s muertes al a\u00f1o que las atribuidas al sida, la tuberculosis y la malaria juntos, y afecta de manera desproporcionada a quienes viven en pa\u00edses de escasos recursos, en particular por limitada atenci\u00f3n a las personas afectadas por demencia que quiebra ante los presupuestos dedicados a la salud, por solo citar un ejemplo.<\/p>\n\n\n\n<p>Si bien no existen curas para muchos de los trastornos neurol\u00f3gicos, es importante comprender y abordar los factores de riesgos que pueden aliviar significativamente la carga que implica para un individuo y su familia sufrir una condici\u00f3n neurol\u00f3gica.<\/p>\n\n\n\n<p>Por eso en este 2024 el D\u00eda Mundial del Cerebro tiene como lema: salud cerebral y prevenci\u00f3n.<\/p>\n\n\n\n<p>jf\/crc<\/p>\n","protected":false},"excerpt":{"rendered":"<p>Bruselas, 22 jul (Prensa Latina) La Federaci\u00f3n Mundial de Neurolog\u00eda y la Organizaci\u00f3n Mundial de la Salud celebran hoy el D\u00eda Mundial del Cerebro, que enfatiza este a\u00f1o en la necesidad de crear conciencia sobre su potencial, riesgos y enfermedades. El cerebro o materia gris, como se le conoce com\u00fanmente, es uno de los \u00f3rganos [&hellip;]<\/p>\n","protected":false},"author":2,"featured_media":546650,"comment_status":"closed","ping_status":"closed","sticky":false,"template":"","format":"standard","meta":{"footnotes":""},"categories":[36,25],"tags":[],"class_list":["post-546649","post","type-post","status-publish","format-standard","has-post-thumbnail","hentry","category-hombresmujeresycosas","category-gente"],"_links":{"self":[{"href":"https:\/\/diariodominicano.com\/index.php?rest_route=\/wp\/v2\/posts\/546649","targetHints":{"allow":["GET"]}}],"collection":[{"href":"https:\/\/diariodominicano.com\/index.php?rest_route=\/wp\/v2\/posts"}],"about":[{"href":"https:\/\/diariodominicano.com\/index.php?rest_route=\/wp\/v2\/types\/post"}],"author":[{"embeddable":true,"href":"https:\/\/diariodominicano.com\/index.php?rest_route=\/wp\/v2\/users\/2"}],"replies":[{"embeddable":true,"href":"https:\/\/diariodominicano.com\/index.php?rest_route=%2Fwp%2Fv2%2Fcomments&post=546649"}],"version-history":[{"count":1,"href":"https:\/\/diariodominicano.com\/index.php?rest_route=\/wp\/v2\/posts\/546649\/revisions"}],"predecessor-version":[{"id":546651,"href":"https:\/\/diariodominicano.com\/index.php?rest_route=\/wp\/v2\/posts\/546649\/revisions\/546651"}],"wp:featuredmedia":[{"embeddable":true,"href":"https:\/\/diariodominicano.com\/index.php?rest_route=\/wp\/v2\/media\/546650"}],"wp:attachment":[{"href":"https:\/\/diariodominicano.com\/index.php?rest_route=%2Fwp%2Fv2%2Fmedia&parent=546649"}],"wp:term":[{"taxonomy":"category","embeddable":true,"href":"https:\/\/diariodominicano.com\/index.php?rest_route=%2Fwp%2Fv2%2Fcategories&post=546649"},{"taxonomy":"post_tag","embeddable":true,"href":"https:\/\/diariodominicano.com\/index.php?rest_route=%2Fwp%2Fv2%2Ftags&post=546649"}],"curies":[{"name":"wp","href":"https:\/\/api.w.org\/{rel}","templated":true}]}}