{"id":546565,"date":"2024-07-21T16:47:53","date_gmt":"2024-07-21T20:47:53","guid":{"rendered":"https:\/\/diariodominicano.com\/?p=546565"},"modified":"2024-07-21T16:52:33","modified_gmt":"2024-07-21T20:52:33","slug":"empresario-noel-urena-exhorta-a-los-emprendedores-no-tener-miedo-a-formalizarse","status":"publish","type":"post","link":"https:\/\/diariodominicano.com\/?p=546565","title":{"rendered":"Empresario Noel Ure\u00f1a exhorta a los emprendedores no tener miedo a formalizarse"},"content":{"rendered":"\n<p><strong>\u201cCuando el emprendedor no se formaliza, no tiene la posibilidad de acceder a fondos\u00a0que lo ayuden a cr<\/strong>ecer\u00bb.<\/p>\n\n\n\n<p><strong>Noel Ure\u00f1a <\/strong><\/p>\n\n\n\n<p><strong>El ex presidente de la ANEIH asegura que pas\u00f3 a ser de humilde campesino a empresario exitoso, gracias al emprendimiento<\/strong><strong><\/strong><\/p>\n\n\n\n<p>El empresario y ex presidente de la Asociaci\u00f3n Nacional de Empresas e Industrias de Herrera (ANEIH), Noel Ure\u00f1a Ceballos, exhort\u00f3 a los emprendedores a no tener miedo de formalizarse y capacitarse para ser exitosos en sus aspiraciones a superar cualquier barrera.<\/p>\n\n\n\n<figure class=\"wp-block-image size-full\"><img loading=\"lazy\" decoding=\"async\" width=\"798\" height=\"448\" src=\"https:\/\/diariodominicano.com\/wp-content\/uploads\/2024\/07\/PHOTO-2024-07-19-19-44-22.jpg\" alt=\"\" class=\"wp-image-546570\" srcset=\"https:\/\/diariodominicano.com\/wp-content\/uploads\/2024\/07\/PHOTO-2024-07-19-19-44-22.jpg 798w, https:\/\/diariodominicano.com\/wp-content\/uploads\/2024\/07\/PHOTO-2024-07-19-19-44-22-300x168.jpg 300w, https:\/\/diariodominicano.com\/wp-content\/uploads\/2024\/07\/PHOTO-2024-07-19-19-44-22-768x431.jpg 768w\" sizes=\"auto, (max-width: 798px) 100vw, 798px\" \/><\/figure>\n\n\n\n<p>Entrevistado por el periodista Federico M\u00e9ndez, en el programa Esferas de Poder, que se transmite los domingos de 8:00 a 9:00 de la ma\u00f1ana, por RNN Canal 27, sostuvo que el conocimiento y la debida orientaci\u00f3n son elementos b\u00e1sicos para un emprendedor.<\/p>\n\n\n\n<p>Asegura que el gran dilema de muchos j\u00f3venes, cuando est\u00e1n pensando qu\u00e9 hacer en el futuro, es decidir si dedicar\u00e1n su vida a ser trabajadores asalariados o si ser\u00e1n empresarios independientes.<\/p>\n\n\n\n<p>Ure\u00f1a Ceballos se mostr\u00f3 dispuesto a orientar a cualquier emprendedor que desee formalizarse para aprovechar la oportunidad que brinda contar con reglas para motorizar un negocio.<\/p>\n\n\n\n<p>\u201cEso es importante porque cuando el emprendedor no se formaliza, no tiene la posibilidad de acceder a fondos, sobre todo de organismos internacionales\u201d, signific\u00f3.<\/p>\n\n\n\n<p>Indic\u00f3 que como empresa ha participado, desde que era Mipymes, en esa clase de ayuda de los organismos nacionales e internacionales, que lo primero que solicitan es la formalizaci\u00f3n.<\/p>\n\n\n\n<p>Considera que la formalizaci\u00f3n fomenta empleos de calidad y los empleados est\u00e1n protegidos porque tienen acceso a una serie de beneficios que no brinda la informalidad.<\/p>\n\n\n\n<p>El escritor y conferencista plantea que producto de la globalizaci\u00f3n, el mercado es cada vez m\u00e1s competitivo por lo que en el emprendimiento es importante buscar nichos de mercado que ayudan al \u00e9xito y la expansi\u00f3n.<\/p>\n\n\n\n<p>\u201cSi le tiene miedo al fracaso no va a tener \u00e9xito\u201d, dijo Ure\u00f1a Ceballos, aconsejando a que siempre haya un aprendizaje del camino, levant\u00e1ndose si se cae.<\/p>\n\n\n\n<p>\u201cLe digo a los emprendedores que no tengan miedo, que se formalicen porque la formalidad implica asumir compromisos\u201d, insisti\u00f3 el autor del libro \u201cSi lo puedes so\u00f1ar, los puede emprender\u201d.<\/p>\n\n\n\n<p>El empresario considera que emprender es una pasi\u00f3n y recomienda a cualquiera que quiera hacerlo, que tiene que ubicar lo que quiere y capacitarse.<\/p>\n\n\n\n<p>\u201cLa estratificaci\u00f3n es un mito, para algunos, como es una condici\u00f3n, se convierte en una barrera, pero yo lo que le digo a los j\u00f3venes, sobre todo, que tienen que romper esa barrera, que no existe esa barrera, solo existe en su mente\u201d, agreg\u00f3.<\/p>\n\n\n\n<p>Ure\u00f1a Ceballos, autor de la obra que lleva como subt\u00edtulo \u201cDe humilde campesino a empresario exitoso\u201d, llama a cambiar el pensamiento negativo, que constituye la barrera, por positivo.<\/p>\n\n\n\n<p>Entiende que no se puede cambiar la condici\u00f3n solamente porque lo desea, sino dar un poco m\u00e1s all\u00e1, estableciendo prioridades.<\/p>\n\n\n\n<p>Especific\u00f3 que la Direcci\u00f3n General de Impuestos Internos (DGII) cuenta con muchos tutoriales en su plataforma para ayudar a orientar a los emprendedores de forma gratuita.<\/p>\n\n\n\n<p>federico mendez nova<\/p>\n\n\n\n<p><a target=\"_blank\" href=\"mailto:federico.mendeznova@gmail.com\" rel=\"noreferrer noopener\">federico.mendeznova@gmail.com<\/a><\/p>\n","protected":false},"excerpt":{"rendered":"<p>\u201cCuando el emprendedor no se formaliza, no tiene la posibilidad de acceder a fondos\u00a0que lo ayuden a crecer\u00bb. Noel Ure\u00f1a El ex presidente de la ANEIH asegura que pas\u00f3 a ser de humilde campesino a empresario exitoso, gracias al emprendimiento El empresario y ex presidente de la Asociaci\u00f3n Nacional de Empresas e Industrias de Herrera [&hellip;]<\/p>\n","protected":false},"author":28,"featured_media":546566,"comment_status":"closed","ping_status":"closed","sticky":false,"template":"","format":"standard","meta":{"footnotes":""},"categories":[18],"tags":[],"class_list":["post-546565","post","type-post","status-publish","format-standard","has-post-thumbnail","hentry","category-economia"],"_links":{"self":[{"href":"https:\/\/diariodominicano.com\/index.php?rest_route=\/wp\/v2\/posts\/546565","targetHints":{"allow":["GET"]}}],"collection":[{"href":"https:\/\/diariodominicano.com\/index.php?rest_route=\/wp\/v2\/posts"}],"about":[{"href":"https:\/\/diariodominicano.com\/index.php?rest_route=\/wp\/v2\/types\/post"}],"author":[{"embeddable":true,"href":"https:\/\/diariodominicano.com\/index.php?rest_route=\/wp\/v2\/users\/28"}],"replies":[{"embeddable":true,"href":"https:\/\/diariodominicano.com\/index.php?rest_route=%2Fwp%2Fv2%2Fcomments&post=546565"}],"version-history":[{"count":3,"href":"https:\/\/diariodominicano.com\/index.php?rest_route=\/wp\/v2\/posts\/546565\/revisions"}],"predecessor-version":[{"id":546571,"href":"https:\/\/diariodominicano.com\/index.php?rest_route=\/wp\/v2\/posts\/546565\/revisions\/546571"}],"wp:featuredmedia":[{"embeddable":true,"href":"https:\/\/diariodominicano.com\/index.php?rest_route=\/wp\/v2\/media\/546566"}],"wp:attachment":[{"href":"https:\/\/diariodominicano.com\/index.php?rest_route=%2Fwp%2Fv2%2Fmedia&parent=546565"}],"wp:term":[{"taxonomy":"category","embeddable":true,"href":"https:\/\/diariodominicano.com\/index.php?rest_route=%2Fwp%2Fv2%2Fcategories&post=546565"},{"taxonomy":"post_tag","embeddable":true,"href":"https:\/\/diariodominicano.com\/index.php?rest_route=%2Fwp%2Fv2%2Ftags&post=546565"}],"curies":[{"name":"wp","href":"https:\/\/api.w.org\/{rel}","templated":true}]}}