{"id":54628,"date":"2020-03-18T01:16:00","date_gmt":"2020-03-18T01:16:00","guid":{"rendered":"http:\/\/diariodominicano.ddns.net\/?p=54628"},"modified":"2020-03-18T01:16:00","modified_gmt":"2020-03-18T01:16:00","slug":"santa-proclama-la-anexion-de-la-republica-dominicana-a-espana","status":"publish","type":"post","link":"https:\/\/diariodominicano.com\/?p=54628","title":{"rendered":"Santa proclama la anexi\u00f3n de la Rep\u00fablica Dominicana a Espa\u00f1a"},"content":{"rendered":"<p><body><\/p>\n<p><img decoding=\"async\" src=\"img3\/Santana00.jpg\" \/>  <\/p>\n<p><strong>Diariodominicano.com<\/strong><\/p>\n<p><strong>Santa proclama la anexi\u00f3n de la Rep\u00fablica Dominicana a Espa\u00f1a<\/strong><\/p>\n<p><strong> SANTO DOMINGO, el 18 de marzo de 1861<\/strong>, el presidente Pedro Santana proclam\u00f3 la anexi\u00f3n de la Rep\u00fablica Dominicana a Espa\u00f1a.  Al dirigirse  al pueblo dominicano, motiv\u00f3 su decisi\u00f3n en que el pueblo dominicano cree en los valores de Espa\u00f1a, como: \u00abReligi\u00f3n, idioma, creencias y costumbres\u00bb, que a su juicio a\u00fan los dominicanos conservaban con pureza.<\/p>\n<p>   Dijo  que Espa\u00f1a  \u00abnos abre sus brazos cual amorosa madre que recobra su hijo, perdido en el naufragio en que ve perecer a sus hermanos\u00bb.<\/p>\n<p>     En una alusi\u00f3n al licenciado Jos\u00e9 N\u00fa\u00f1ez de C\u00e1ceres, quien proclam\u00f3 la independencia de Espa\u00f1a el 1 de diciembre de 1821, el presidente Pedro Santana expres\u00f3:<\/p>\n<p>    \u00abDominicanos: s\u00f3lo la ambici\u00f3n y el resentimiento de un hombre nos separ\u00f3 de la madre patria: d\u00edas despu\u00e9s el haitiano domin\u00f3 nuestro territorio; de \u00e9l lo arroj\u00f3 nuestro valor; los a\u00f1os que desde entonces han pasado muy elocuentes han sido para todos\u00bb.<\/p>\n<p>     En su proclama para anexar la Rep\u00fablica a Espa\u00f1a, el presidente Pedro Santana sostuvo:<\/p>\n<p>    \u00abElla nos da la libertad civil que gozan sus pueblos, nos garantiza la libertad natural y aleja para siempre la posibilidad de perderla; ella nos asegura nuestra propiedad, reconociendo v\u00e1lidos todos los actos de la Rep\u00fablica\u00bb y ofrece atender y premiar al m\u00e9rito.<\/p>\n<p>    Prometi\u00f3 que la Anexi\u00f3n a Espa\u00f1a, \u00abtrae paz a este suelo tan combatido, y con la paz sus ben\u00e9ficas consecuencias\u00bb.<\/p>\n<p>   Seg\u00fan Pedro Santana, los dominicanos  descansar\u00edan de la fatiga de la guerra y se ocupar\u00e1n con incesante af\u00e1n en labrar el porvenir de sus hijos. <\/p>\n<p>  \u00abLa Espa\u00f1a nos protege, su pabell\u00f3n nos cubre, sus armas se  impondr\u00e1n a los extra\u00f1os; reconoce nuestras libertades, y juntos las defenderemos, formando un solo pueblo, una sola familia, como siempre lo fuimos&#8230;\u00bb.<\/p>\n<p> Para concluir su proclama, el presidente Pedro Santana expres\u00f3:<\/p>\n<p>\u00a1Viva Do\u00f1a Isabel II!<\/p>\n<p>\u00a1Viva la libertad!<\/p>\n<p>\u00a1Viva la religi\u00f3n!<\/p>\n<p>\u00a1Viva el pueblo dominicano!<\/p>\n<p>\u00a1Viva la Naci\u00f3n Espa\u00f1ola!<\/p>\n<p>     La decisi\u00f3n del Gobierno del Presidente Pedro Santana, de anexar Rep\u00fablica Dominicana  a Espa\u00f1a desat\u00f3 manifestaciones de  protesta que  terminaron cuando la Rep\u00fablica Dominicana fue restaurada al vencer los dominicanos a los espa\u00f1oles en la Guerra de la Restauraci\u00f3n que se  inici\u00f3 el 16 de Agosto de 1863 con el grito de Capotillo.<\/p>\n<p>    En la lucha por la soberan\u00eda nacional cay\u00f3 una pl\u00e9yade de pr\u00f3ceres dominicanos, entre los que figuran Jos\u00e9 Contreras, Cayetano Germos\u00e9n, Francisco del Rosario S\u00e1nchez y el poeta Eugenio Perdomo.<\/p>\n<p>    La Guerra de la Restauraci\u00f3n comenz\u00f3 el 16 de agosto de 1863, con el Grito de Capotillo, y termin\u00f3 en el a\u00f1o 1865, con la salida de los \u00faltimos remanentes militares de Espa\u00f1a.<\/p>\n<\/p>\n<h6> 2020-03-18 01:16:00 <\/h6>\n<p><!--\n<link rel=\"stylesheet\" href=\"css\/bootstrap.min.css\">\n\n\n<ul class=\"pagination\">\n\t    \n\t\n\n<li >\n\t<a href='?page_no=674'>Previous<\/a>\n\t<\/li>\n\n\n       \n    \n\n<li><a href='?page_no=1'>1<\/a><\/li>\n\n\n\n<li><a href='?page_no=2'>2<\/a><\/li>\n\n\n\n<li><a>...<\/a><\/li>\n\n\n\n<li><a href='?page_no=673'>673<\/a><\/li>\n\n\n\n<li><a href='?page_no=674'>674<\/a><\/li>\n\n\n\n<li class='active'><a>675<\/a><\/li>\n\n\n\n<li><a href='?page_no=676'>676<\/a><\/li>\n\n\n\n<li><a href='?page_no=677'>677<\/a><\/li>\n\n\n\n<li><a>...<\/a><\/li>\n\n\n\n<li><a href='?page_no=22911'>22911<\/a><\/li>\n\n\n\n<li><a href='?page_no=22912'>22912<\/a><\/li>\n\n    \n\t\n\n<li >\n\t<a href='?page_no=676'>Next<\/a>\n\t<\/li>\n\n\n    \n\n<li><a href='?page_no=22912'>Last &rsaquo;&rsaquo;<\/a><\/li>\n\n<\/ul>\n\n\n--><br \/>\n<\/body><\/p>\n","protected":false},"excerpt":{"rendered":"<p>Diariodominicano.com Santa proclama la anexi\u00f3n de la Rep\u00fablica Dominicana a Espa\u00f1a SANTO DOMINGO, el 18 de marzo de 1861, el presidente Pedro Santana proclam\u00f3 la anexi\u00f3n de la Rep\u00fablica Dominicana a Espa\u00f1a. Al dirigirse al pueblo dominicano, motiv\u00f3 su decisi\u00f3n en que el pueblo dominicano cree en los valores de Espa\u00f1a, como: \u00abReligi\u00f3n, idioma, creencias [&hellip;]<\/p>\n","protected":false},"author":3,"featured_media":0,"comment_status":"open","ping_status":"open","sticky":false,"template":"","format":"standard","meta":{"footnotes":""},"categories":[21],"tags":[],"class_list":["post-54628","post","type-post","status-publish","format-standard","hentry","category-cultura"],"_links":{"self":[{"href":"https:\/\/diariodominicano.com\/index.php?rest_route=\/wp\/v2\/posts\/54628","targetHints":{"allow":["GET"]}}],"collection":[{"href":"https:\/\/diariodominicano.com\/index.php?rest_route=\/wp\/v2\/posts"}],"about":[{"href":"https:\/\/diariodominicano.com\/index.php?rest_route=\/wp\/v2\/types\/post"}],"author":[{"embeddable":true,"href":"https:\/\/diariodominicano.com\/index.php?rest_route=\/wp\/v2\/users\/3"}],"replies":[{"embeddable":true,"href":"https:\/\/diariodominicano.com\/index.php?rest_route=%2Fwp%2Fv2%2Fcomments&post=54628"}],"version-history":[{"count":0,"href":"https:\/\/diariodominicano.com\/index.php?rest_route=\/wp\/v2\/posts\/54628\/revisions"}],"wp:attachment":[{"href":"https:\/\/diariodominicano.com\/index.php?rest_route=%2Fwp%2Fv2%2Fmedia&parent=54628"}],"wp:term":[{"taxonomy":"category","embeddable":true,"href":"https:\/\/diariodominicano.com\/index.php?rest_route=%2Fwp%2Fv2%2Fcategories&post=54628"},{"taxonomy":"post_tag","embeddable":true,"href":"https:\/\/diariodominicano.com\/index.php?rest_route=%2Fwp%2Fv2%2Ftags&post=54628"}],"curies":[{"name":"wp","href":"https:\/\/api.w.org\/{rel}","templated":true}]}}