{"id":546226,"date":"2024-07-19T19:03:20","date_gmt":"2024-07-19T23:03:20","guid":{"rendered":"https:\/\/diariodominicano.com\/?p=546226"},"modified":"2024-07-19T19:05:40","modified_gmt":"2024-07-19T23:05:40","slug":"dgspc-realiza-conferencia-internacional-crimen-organizado-y-perfilamiento-criminal-desde-la-perspectiva-regional","status":"publish","type":"post","link":"https:\/\/diariodominicano.com\/?p=546226","title":{"rendered":"DGSPC realiza conferencia internacional \u201cCrimen Organizado y Perfilamiento Criminal, desde la perspectiva Regional\u00bb"},"content":{"rendered":"\n<p><em><u>La disertaci\u00f3n forma parte del Foro Sobre Seguridad Penitenciaria, que desarrolla el sistema penitenciario<\/u><\/em><\/p>\n\n\n\n<p>Santo Domingo (R.D.) viernes, 19 de julio de 2024.- Como parte del plan impulsado para dar respuesta a los desaf\u00edos que enfrenta el sistema penitenciario nacional y continuar con la implementaci\u00f3n de medidas para eficientizar su funcionamiento, la Direcci\u00f3n General de Servicios Penitenciarios y Correccionales (DGSPC), realiz\u00f3 la Conferencia Internacional \u201cCrimen organizado y perfilamiento criminal, desde la perspectiva Regional\u201d, con la participaci\u00f3n de expertos nacionales e internacionales.<\/p>\n\n\n\n<p>La actividad, encabezada por Roberto Hern\u00e1ndez Basilio, director general de Servicios Penitenciarios y Correccionales, se realiz\u00f3 este viernes en el sal\u00f3n de eventos del Instituto de Formaci\u00f3n T\u00e9cnico Profesional (Infotep), en las modalidades virtual y presencial.<\/p>\n\n\n\n<figure class=\"wp-block-gallery has-nested-images columns-default is-cropped wp-block-gallery-1 is-layout-flex wp-block-gallery-is-layout-flex\">\n<figure class=\"wp-block-image size-large\"><img loading=\"lazy\" decoding=\"async\" width=\"1024\" height=\"683\" data-id=\"546252\" src=\"https:\/\/diariodominicano.com\/wp-content\/uploads\/2024\/07\/DGSPC-realiza-conferencia-internacional-Crimen-Organizado-y-Perfilamiento-Criminal-desde-perspectiva-Regional-1024x683.jpg\" alt=\"\" class=\"wp-image-546252\" srcset=\"https:\/\/diariodominicano.com\/wp-content\/uploads\/2024\/07\/DGSPC-realiza-conferencia-internacional-Crimen-Organizado-y-Perfilamiento-Criminal-desde-perspectiva-Regional-1024x683.jpg 1024w, https:\/\/diariodominicano.com\/wp-content\/uploads\/2024\/07\/DGSPC-realiza-conferencia-internacional-Crimen-Organizado-y-Perfilamiento-Criminal-desde-perspectiva-Regional-300x200.jpg 300w, https:\/\/diariodominicano.com\/wp-content\/uploads\/2024\/07\/DGSPC-realiza-conferencia-internacional-Crimen-Organizado-y-Perfilamiento-Criminal-desde-perspectiva-Regional-768x512.jpg 768w, https:\/\/diariodominicano.com\/wp-content\/uploads\/2024\/07\/DGSPC-realiza-conferencia-internacional-Crimen-Organizado-y-Perfilamiento-Criminal-desde-perspectiva-Regional-1536x1024.jpg 1536w, https:\/\/diariodominicano.com\/wp-content\/uploads\/2024\/07\/DGSPC-realiza-conferencia-internacional-Crimen-Organizado-y-Perfilamiento-Criminal-desde-perspectiva-Regional-2048x1366.jpg 2048w, https:\/\/diariodominicano.com\/wp-content\/uploads\/2024\/07\/DGSPC-realiza-conferencia-internacional-Crimen-Organizado-y-Perfilamiento-Criminal-desde-perspectiva-Regional-816x544.jpg 816w\" sizes=\"auto, (max-width: 1024px) 100vw, 1024px\" \/><\/figure>\n<\/figure>\n\n\n\n<p>En el evento participaron los encargados de seguridad de los centros penitenciarios del todo el pa\u00eds, supervisores regionales y parte del equipo directivo de la DGSPC.<\/p>\n\n\n\n<p>El objetivo de la actividad fue desarrollar la comprensi\u00f3n integral de la seguridad penitenciaria, identificando su importancia, desaf\u00edos y estrategias de mejora, para contribuir a la creaci\u00f3n de un sistema penitenciario m\u00e1s seguro, humano y eficiente, que promueva la rehabilitaci\u00f3n y reintegraci\u00f3n social de los privados de libertad.<\/p>\n\n\n\n<figure class=\"wp-block-gallery has-nested-images columns-default is-cropped wp-block-gallery-2 is-layout-flex wp-block-gallery-is-layout-flex\">\n<figure class=\"wp-block-image size-large\"><img loading=\"lazy\" decoding=\"async\" width=\"1024\" height=\"683\" data-id=\"546251\" src=\"https:\/\/diariodominicano.com\/wp-content\/uploads\/2024\/07\/DGSPC-realiza-conferencia-internacional-Crimen-Organizado-y-Perfilamiento-Criminal-desde-la-perspectiva-Regional-1024x683.jpg\" alt=\"\" class=\"wp-image-546251\" srcset=\"https:\/\/diariodominicano.com\/wp-content\/uploads\/2024\/07\/DGSPC-realiza-conferencia-internacional-Crimen-Organizado-y-Perfilamiento-Criminal-desde-la-perspectiva-Regional-1024x683.jpg 1024w, https:\/\/diariodominicano.com\/wp-content\/uploads\/2024\/07\/DGSPC-realiza-conferencia-internacional-Crimen-Organizado-y-Perfilamiento-Criminal-desde-la-perspectiva-Regional-300x200.jpg 300w, https:\/\/diariodominicano.com\/wp-content\/uploads\/2024\/07\/DGSPC-realiza-conferencia-internacional-Crimen-Organizado-y-Perfilamiento-Criminal-desde-la-perspectiva-Regional-768x512.jpg 768w, https:\/\/diariodominicano.com\/wp-content\/uploads\/2024\/07\/DGSPC-realiza-conferencia-internacional-Crimen-Organizado-y-Perfilamiento-Criminal-desde-la-perspectiva-Regional-1536x1024.jpg 1536w, https:\/\/diariodominicano.com\/wp-content\/uploads\/2024\/07\/DGSPC-realiza-conferencia-internacional-Crimen-Organizado-y-Perfilamiento-Criminal-desde-la-perspectiva-Regional-2048x1366.jpg 2048w, https:\/\/diariodominicano.com\/wp-content\/uploads\/2024\/07\/DGSPC-realiza-conferencia-internacional-Crimen-Organizado-y-Perfilamiento-Criminal-desde-la-perspectiva-Regional-816x544.jpg 816w\" sizes=\"auto, (max-width: 1024px) 100vw, 1024px\" \/><\/figure>\n<\/figure>\n\n\n\n<p>Entre los temas que se trataron, figuran: Delitos tecnol\u00f3gicos y su perpetuaci\u00f3n desde los centros penitenciarios, el crimen organizado en los centros penitenciarios y perfilamiento criminal y retos y desaf\u00edos de la seguridad penitenciaria y su impacto en la seguridad p\u00fablica, as\u00ed como sobre el fundamento de las requisas.<\/p>\n\n\n\n<p>Los conferencistas participantes fueron, el mayor general retirado de la Polic\u00eda Nacional de Colombia, Norberto Mujica; el magistrado Jos\u00e9 Agust\u00edn de la Cruz, procurador general de la Corte de Apelaci\u00f3n, especialista en crimen y delitos de alta tecnolog\u00eda, y el coronel Manuel Polanco, subdirector de Seguridad de la DGSPC.<\/p>\n\n\n\n<figure class=\"wp-block-gallery has-nested-images columns-default is-cropped wp-block-gallery-3 is-layout-flex wp-block-gallery-is-layout-flex\">\n<figure class=\"wp-block-image size-large\"><img loading=\"lazy\" decoding=\"async\" width=\"1024\" height=\"683\" data-id=\"546254\" src=\"https:\/\/diariodominicano.com\/wp-content\/uploads\/2024\/07\/DGSPC-realiza-conferencia-Crimen-Organizado-y-Perfilamiento-Criminal-desde-la-perspectiva-Regional-1024x683.jpg\" alt=\"\" class=\"wp-image-546254\" srcset=\"https:\/\/diariodominicano.com\/wp-content\/uploads\/2024\/07\/DGSPC-realiza-conferencia-Crimen-Organizado-y-Perfilamiento-Criminal-desde-la-perspectiva-Regional-1024x683.jpg 1024w, https:\/\/diariodominicano.com\/wp-content\/uploads\/2024\/07\/DGSPC-realiza-conferencia-Crimen-Organizado-y-Perfilamiento-Criminal-desde-la-perspectiva-Regional-300x200.jpg 300w, https:\/\/diariodominicano.com\/wp-content\/uploads\/2024\/07\/DGSPC-realiza-conferencia-Crimen-Organizado-y-Perfilamiento-Criminal-desde-la-perspectiva-Regional-768x512.jpg 768w, https:\/\/diariodominicano.com\/wp-content\/uploads\/2024\/07\/DGSPC-realiza-conferencia-Crimen-Organizado-y-Perfilamiento-Criminal-desde-la-perspectiva-Regional-1536x1024.jpg 1536w, https:\/\/diariodominicano.com\/wp-content\/uploads\/2024\/07\/DGSPC-realiza-conferencia-Crimen-Organizado-y-Perfilamiento-Criminal-desde-la-perspectiva-Regional-2048x1366.jpg 2048w, https:\/\/diariodominicano.com\/wp-content\/uploads\/2024\/07\/DGSPC-realiza-conferencia-Crimen-Organizado-y-Perfilamiento-Criminal-desde-la-perspectiva-Regional-816x544.jpg 816w\" sizes=\"auto, (max-width: 1024px) 100vw, 1024px\" \/><\/figure>\n<\/figure>\n\n\n\n<p>Roberto Hern\u00e1ndez Basilio, director general de Servicios Penitenciarios y Correccionales, expres\u00f3 que el c\u00f3nclave se realiza consciente de que la seguridad penitenciaria es vital para mantener el orden dentro de los centros de reclusi\u00f3n y para garantizar que estos cumplan con su objetivo de rehabilitaci\u00f3n y reinserci\u00f3n social.<\/p>\n\n\n\n<p>Destac\u00f3 la importancia de que dentro de los centros penitenciarios pueda mantenerse un ambiente ordenado y seguro. \u00abLa seguridad penitenciaria ayuda a garantizar que los reclusos est\u00e9n controlados y que el personal pueda desempe\u00f1ar sus funciones sin riesgo de violencia, previendo la ocurrencia de motines, fugas y la entrada de contrabando, que pueden desestabilizar el entorno penitenciario\u201d, dijo el responsable del sistema penitenciario nacional.<\/p>\n\n\n\n<figure class=\"wp-block-gallery has-nested-images columns-default is-cropped wp-block-gallery-4 is-layout-flex wp-block-gallery-is-layout-flex\">\n<figure class=\"wp-block-image size-large\"><img loading=\"lazy\" decoding=\"async\" width=\"1024\" height=\"683\" data-id=\"546253\" src=\"https:\/\/diariodominicano.com\/wp-content\/uploads\/2024\/07\/DGSPC-realiza-conferencia-Crimen-Organizado-y-Perfilamiento-Criminal-desde-perspectiva-Regional-1024x683.jpg\" alt=\"\" class=\"wp-image-546253\" srcset=\"https:\/\/diariodominicano.com\/wp-content\/uploads\/2024\/07\/DGSPC-realiza-conferencia-Crimen-Organizado-y-Perfilamiento-Criminal-desde-perspectiva-Regional-1024x683.jpg 1024w, https:\/\/diariodominicano.com\/wp-content\/uploads\/2024\/07\/DGSPC-realiza-conferencia-Crimen-Organizado-y-Perfilamiento-Criminal-desde-perspectiva-Regional-300x200.jpg 300w, https:\/\/diariodominicano.com\/wp-content\/uploads\/2024\/07\/DGSPC-realiza-conferencia-Crimen-Organizado-y-Perfilamiento-Criminal-desde-perspectiva-Regional-768x512.jpg 768w, https:\/\/diariodominicano.com\/wp-content\/uploads\/2024\/07\/DGSPC-realiza-conferencia-Crimen-Organizado-y-Perfilamiento-Criminal-desde-perspectiva-Regional-1536x1024.jpg 1536w, https:\/\/diariodominicano.com\/wp-content\/uploads\/2024\/07\/DGSPC-realiza-conferencia-Crimen-Organizado-y-Perfilamiento-Criminal-desde-perspectiva-Regional-2048x1366.jpg 2048w, https:\/\/diariodominicano.com\/wp-content\/uploads\/2024\/07\/DGSPC-realiza-conferencia-Crimen-Organizado-y-Perfilamiento-Criminal-desde-perspectiva-Regional-816x544.jpg 816w\" sizes=\"auto, (max-width: 1024px) 100vw, 1024px\" \/><\/figure>\n<\/figure>\n\n\n\n<p>Dijo que la violencia dentro de las prisiones y la corrupci\u00f3n son problemas serios que deben ser abordados con firmeza, adem\u00e1s de la presencia de pandillas y otras organizaciones criminales que pueden desestabilizar el entorno penitenciario.<\/p>\n\n\n\n<p>En ese mismo orden, indic\u00f3 que la corrupci\u00f3n entre el personal penitenciario puede facilitar la entrada de contrabando y otros actos il\u00edcitos.<\/p>\n\n\n\n<p>En la conferencia se analiz\u00f3 de manera reflexiva el presente y futuro de la seguridad penitenciaria frente a los grandes desaf\u00edos que se suscitan en el contexto regional como parte de las acciones dirigidas a enfrentar esta problem\u00e1tica.<\/p>\n\n\n\n<p>La Direcci\u00f3n General de Servicios Penitenciarios y Correccionales (DGSPC) trabaja en la realizaci\u00f3n de un encuentro con diferentes actores ligados a la Seguridad p\u00fablica, a los fines de que junto a los servidores penitenciarios y su equipo directivo se planteen a trav\u00e9s de una din\u00e1mica educativa, c\u00f3mo abordar los diferentes retos que se suscitan en el contexto actual.&nbsp;<\/p>\n\n\n\n<p>Con esta actividad, se espera poder brindar a la instituci\u00f3n un espacio acad\u00e9mico y de reflexi\u00f3n sobre el papel de la seguridad en el fortalecimiento de los Sistema Penitenciarios, lo que, sin lugar a duda, ser\u00e1 de gran inter\u00e9s para todos los miembros de la organizaci\u00f3n, que buscan de manera un\u00e1nime, transformar al sistema penitenciario dominicano en un verdadero referente para la regi\u00f3n.<\/p>\n\n\n\n<p>La conferencia se celebr\u00f3 en el marco del Foro sobre Seguridad Penitenciaria, la cual fue coordinada por Cal\u00edope Malena Coronado, encargada de Planificaci\u00f3n, y Julio Garc\u00eda, coordinador del Despacho del Director de la DGSPC.<\/p>\n\n\n\n<p><strong>Direcci\u00f3n General de Comunicaci\u00f3n, Prensa, y RRPP<\/strong><\/p>\n\n\n\n<p>Ministerio P\u00fablico. R.D.<\/p>\n","protected":false},"excerpt":{"rendered":"<p>La disertaci\u00f3n forma parte del Foro Sobre Seguridad Penitenciaria, que desarrolla el sistema penitenciario Santo Domingo (R.D.) viernes, 19 de julio de 2024.- Como parte del plan impulsado para dar respuesta a los desaf\u00edos que enfrenta el sistema penitenciario nacional y continuar con la implementaci\u00f3n de medidas para eficientizar su funcionamiento, la Direcci\u00f3n General de [&hellip;]<\/p>\n","protected":false},"author":7,"featured_media":546254,"comment_status":"closed","ping_status":"closed","sticky":false,"template":"","format":"standard","meta":{"footnotes":""},"categories":[24],"tags":[],"class_list":["post-546226","post","type-post","status-publish","format-standard","has-post-thumbnail","hentry","category-justicia-y-derecho"],"_links":{"self":[{"href":"https:\/\/diariodominicano.com\/index.php?rest_route=\/wp\/v2\/posts\/546226","targetHints":{"allow":["GET"]}}],"collection":[{"href":"https:\/\/diariodominicano.com\/index.php?rest_route=\/wp\/v2\/posts"}],"about":[{"href":"https:\/\/diariodominicano.com\/index.php?rest_route=\/wp\/v2\/types\/post"}],"author":[{"embeddable":true,"href":"https:\/\/diariodominicano.com\/index.php?rest_route=\/wp\/v2\/users\/7"}],"replies":[{"embeddable":true,"href":"https:\/\/diariodominicano.com\/index.php?rest_route=%2Fwp%2Fv2%2Fcomments&post=546226"}],"version-history":[{"count":3,"href":"https:\/\/diariodominicano.com\/index.php?rest_route=\/wp\/v2\/posts\/546226\/revisions"}],"predecessor-version":[{"id":546258,"href":"https:\/\/diariodominicano.com\/index.php?rest_route=\/wp\/v2\/posts\/546226\/revisions\/546258"}],"wp:featuredmedia":[{"embeddable":true,"href":"https:\/\/diariodominicano.com\/index.php?rest_route=\/wp\/v2\/media\/546254"}],"wp:attachment":[{"href":"https:\/\/diariodominicano.com\/index.php?rest_route=%2Fwp%2Fv2%2Fmedia&parent=546226"}],"wp:term":[{"taxonomy":"category","embeddable":true,"href":"https:\/\/diariodominicano.com\/index.php?rest_route=%2Fwp%2Fv2%2Fcategories&post=546226"},{"taxonomy":"post_tag","embeddable":true,"href":"https:\/\/diariodominicano.com\/index.php?rest_route=%2Fwp%2Fv2%2Ftags&post=546226"}],"curies":[{"name":"wp","href":"https:\/\/api.w.org\/{rel}","templated":true}]}}