{"id":546225,"date":"2024-07-19T18:37:02","date_gmt":"2024-07-19T22:37:02","guid":{"rendered":"https:\/\/diariodominicano.com\/?p=546225"},"modified":"2024-07-19T18:39:46","modified_gmt":"2024-07-19T22:39:46","slug":"abogadas-piden-perdon-a-la-sociedad-y-se-comprometen-con-presidente-del-card-a-superar-conflicto-y-seguir-como-hermanas","status":"publish","type":"post","link":"https:\/\/diariodominicano.com\/?p=546225","title":{"rendered":"Abogadas piden perd\u00f3n a la sociedad y se comprometen con presidente del CARD a superar conflicto y seguir como hermanas"},"content":{"rendered":"\n<p>El presidente del Colegio de Abogados de la Rep\u00fablica Dominicana (CARD), Trajano Potentini, inform\u00f3 que se reuni\u00f3 con las abogadas, Johanny Linares y Jessenia Dipit\u00f3n, para tomar conocimiento del lamentable altercado que ambas escenificaron, en el palacio de justicia, mostrando su arrepentimiento rec\u00edproco y pidi\u00e9ndole perd\u00f3n al pa\u00eds por lo ocurrido.<\/p>\n\n\n\n<p>Las profesionales del derecho, explicaron que se trat\u00f3 de algo pr\u00e1cticamente familiar, por tratarse de relaciones primarias de amistad, de muchos a\u00f1os y anteriormente con oficina com\u00fan de abogados, incluso siendo Jessenia la madrina de la boda Johanny, con rostro compungido y lloroso ambas se abrazaron y se pidieron perd\u00f3n mutuamente, reiterando su arrepentimiento.<\/p>\n\n\n\n<p>Por su parte el presidente del CARD, conjuntamente con la comisi\u00f3n designada para investigar el incidente, compuesta por el fiscal nacional del colegio, Ces\u00e1reo Gonz\u00e1lez y los juristas Luis Fontanez, Grimaldy Ru\u00edz y Heriberto Rivas, amonestaron p\u00fablica y verbalmente a las abogadas, rechazando lo sucedido y esperando que en lo sucesivo no vuelva a ocurrir.<\/p>\n\n\n\n<p>Finalmente, la comisi\u00f3n del CARD dar\u00e1 seguimiento a todos los requerimientos de la fiscal\u00eda del distrito nacional, con el objetivo de subsanar con car\u00e1cter definitivo todo lo sucedido, garantizando al pa\u00eds y a la clase jur\u00eddica en particular, que el lamentable acontecimiento no se volver\u00e1 a repetir.<\/p>\n\n\n\n<p>Trajano Potentini&nbsp;&lt;trajanopotentini1@gmail.com&gt;<\/p>\n\n\n\n<p><\/p>\n\n\n\n<figure class=\"wp-block-embed is-type-video is-provider-youtube wp-block-embed-youtube wp-embed-aspect-16-9 wp-has-aspect-ratio\"><div class=\"wp-block-embed__wrapper\">\nhttps:\/\/youtu.be\/HNmdS9g2vsc?si=N9EIhwM9a0ZNZL0H\n<\/div><\/figure>\n","protected":false},"excerpt":{"rendered":"<p>El presidente del Colegio de Abogados de la Rep\u00fablica Dominicana (CARD), Trajano Potentini, inform\u00f3 que se reuni\u00f3 con las abogadas, Johanny Linares y Jessenia Dipit\u00f3n, para tomar conocimiento del lamentable altercado que ambas escenificaron, en el palacio de justicia, mostrando su arrepentimiento rec\u00edproco y pidi\u00e9ndole perd\u00f3n al pa\u00eds por lo ocurrido. Las profesionales del derecho, [&hellip;]<\/p>\n","protected":false},"author":7,"featured_media":546248,"comment_status":"closed","ping_status":"closed","sticky":false,"template":"","format":"standard","meta":{"footnotes":""},"categories":[24],"tags":[],"class_list":["post-546225","post","type-post","status-publish","format-standard","has-post-thumbnail","hentry","category-justicia-y-derecho"],"_links":{"self":[{"href":"https:\/\/diariodominicano.com\/index.php?rest_route=\/wp\/v2\/posts\/546225","targetHints":{"allow":["GET"]}}],"collection":[{"href":"https:\/\/diariodominicano.com\/index.php?rest_route=\/wp\/v2\/posts"}],"about":[{"href":"https:\/\/diariodominicano.com\/index.php?rest_route=\/wp\/v2\/types\/post"}],"author":[{"embeddable":true,"href":"https:\/\/diariodominicano.com\/index.php?rest_route=\/wp\/v2\/users\/7"}],"replies":[{"embeddable":true,"href":"https:\/\/diariodominicano.com\/index.php?rest_route=%2Fwp%2Fv2%2Fcomments&post=546225"}],"version-history":[{"count":1,"href":"https:\/\/diariodominicano.com\/index.php?rest_route=\/wp\/v2\/posts\/546225\/revisions"}],"predecessor-version":[{"id":546249,"href":"https:\/\/diariodominicano.com\/index.php?rest_route=\/wp\/v2\/posts\/546225\/revisions\/546249"}],"wp:featuredmedia":[{"embeddable":true,"href":"https:\/\/diariodominicano.com\/index.php?rest_route=\/wp\/v2\/media\/546248"}],"wp:attachment":[{"href":"https:\/\/diariodominicano.com\/index.php?rest_route=%2Fwp%2Fv2%2Fmedia&parent=546225"}],"wp:term":[{"taxonomy":"category","embeddable":true,"href":"https:\/\/diariodominicano.com\/index.php?rest_route=%2Fwp%2Fv2%2Fcategories&post=546225"},{"taxonomy":"post_tag","embeddable":true,"href":"https:\/\/diariodominicano.com\/index.php?rest_route=%2Fwp%2Fv2%2Ftags&post=546225"}],"curies":[{"name":"wp","href":"https:\/\/api.w.org\/{rel}","templated":true}]}}