{"id":54617,"date":"2020-03-18T11:59:47","date_gmt":"2020-03-18T11:59:47","guid":{"rendered":"http:\/\/diariodominicano.ddns.net\/?p=54617"},"modified":"2020-03-18T11:59:47","modified_gmt":"2020-03-18T11:59:47","slug":"el-ministro-de-cultura-anuncia-posposicion-de-la-feria-internacional-del-libro-y-la-cultura","status":"publish","type":"post","link":"https:\/\/diariodominicano.com\/?p=54617","title":{"rendered":"El ministro de Cultura anuncia posposici\u00f3n de la Feria Internacional del Libro y la Cultura"},"content":{"rendered":"<p><body><\/p>\n<p><img decoding=\"async\" src=\"img3\/ministcul1.jpg\" \/>  <\/p>\n<p>diariodominicano.com<\/p>\n<\/p>\n<p> Santo Domingo, R. D., 18 de marzo, 2020.-  El ministro de Cultura, arquitecto Eduardo Selman, anunci\u00f3 este mi\u00e9rcoles 18 de marzo la posposici\u00f3n de la 23\u00aa. Feria Internacional del Libro y la Cultura Santo Domingo 2020, que estaba fijada para celebrarse del 24 de abril al 3 de mayo del a\u00f1o en curso<\/p>\n<\/p>\n<p>La posposici\u00f3n, sin fecha definida, del tradicional evento literario y cultural, se hace atendiendo a las directrices trazadas por el presidente Danilo Medina en su discurso del martes 17 de marzo, con las cuales se busca enfrentar la propagaci\u00f3n en el pa\u00eds del nuevo coronavirus (COVID-19).<\/p>\n<\/p>\n<p>\u00abLamentamos que circunstancias de fuerza mayor nos impongan la posposici\u00f3n de este importante y esperado acontecimiento cultural que con tanto entusiasmo ven\u00edamos organizando\u00bb, enunci\u00f3 el ministro Eduardo Selman.<\/p>\n<\/p>\n<p>El funcionario expres\u00f3 su deseo de que la emergencia impuesta por la amenaza del COVID-19 sea superada pronto: \u00aby permita la celebraci\u00f3n de la Feria del Libro en los pr\u00f3ximos meses\u00bb.<\/p>\n<\/p>\n<p>\u00abExhorto a los dominicanos y dominicanas, en especial a los artistas y gestores culturales, a acogerse y a respaldar las medidas del Gobierno, las que est\u00e1n orientadas a evitar que este mortal virus provoque peores da\u00f1os a nuestra poblaci\u00f3n\u00bb, dijo Selman.<\/p>\n<\/p>\n<p>La Feria Internacional del Libro y la Cultura Santo Domingo es organizada a trav\u00e9s de la Direcci\u00f3n General de la Feria del Libro. La versi\u00f3n de este a\u00f1o estar\u00e1 dedicada a las escritoras dominicanas Camila Henr\u00edquez Ure\u00f1a y Abigail Mej\u00eda, por sus aportes al desarrollo del pensamiento y acervo bibliogr\u00e1fico dominicano. Honduras es el pa\u00eds invitado de honor.<\/p>\n<\/p>\n<p>Cierre de salas y escuelas<\/p>\n<\/p>\n<p>El ministro de Cultura tambi\u00e9n anunci\u00f3 que ha impartido las instrucciones para que, atendiendo a las disposiciones del mandatario, se mantengan cerradas, por los pr\u00f3ximos 15 d\u00edas, las salas de espect\u00e1culos de las instituciones pertenecientes al Ministerio de Cultura.<\/p>\n<\/p>\n<p>Tambi\u00e9n ha dispuesto que se suspendan, por igual, el periodo los ensayos de los grupos art\u00edsticos para evitar el contacto entre sus integrantes mientras se mantengan las medidas.<\/p>\n<\/p>\n<p>Recuerda que el presidente Danilo Medina declar\u00f3 la suspensi\u00f3n, durante 15 d\u00edas, de los eventos nacionales e internacionales, espect\u00e1culos p\u00fablicos, eventos culturales, art\u00edsticos y deportivos, as\u00ed como la actividad en bares y discotecas, entre otros.<\/p>\n<\/p>\n<p>En cuanto a las escuelas de m\u00fasica y de arte pertenecientes al Ministerio de Cultura, el ministro Selman comunic\u00f3 que deben acogerse a la decisi\u00f3n del gobernante que establece: \u00abqueda suspendida la docencia en todos los centros escolares y universitarios hasta el pr\u00f3ximo lunes 13 de abril.<\/p>\n<\/p>\n<p>El ministro de Cultura dijo que las instituciones y funcionarios responsables de dirigir los centros de formaci\u00f3n art\u00edsticas deben de hacer la planificaci\u00f3n posible, para que, dentro de la emergencia impuesta por las circunstancias, garantizar que los estudiantes contin\u00faen su ciclo formativo, correspondiente al a\u00f1o escolar 2019- 2020, a trav\u00e9s de docencia virtual y de otras iniciativas.<\/p>\n<\/p>\n<p>Inform\u00f3 que atendiendo a las instrucciones del presidente Danilo Medina, el personal que labora en el Ministerio de Cultura, con m\u00e1s de 60 a\u00f1os de edad y aquellos con alguna condici\u00f3n especial de salud, permanecer\u00e1n en sus hogares.<\/p>\n<\/p>\n<p>Los responsables de \u00e1reas deben de coordinar con estas personas para que desde sus hogares contin\u00faen cumpliendo con sus responsabilidades haciendo de las herramientas tecnol\u00f3gicas disponibles, siempre que la labor que realice el empleado as\u00ed lo permita.<\/p>\n<\/p>\n<p>Fuente: Direcci\u00f3n de Comunicaciones<\/p>\n<p>Ministerio de Cultura de la Rep\u00fablica Dominicana<\/p>\n<h6> 2020-03-18 11:59:47 <\/h6>\n<p><!--\n<link rel=\"stylesheet\" href=\"css\/bootstrap.min.css\">\n\n\n<ul class=\"pagination\">\n\t    \n\t\n\n<li >\n\t<a href='?page_no=673'>Previous<\/a>\n\t<\/li>\n\n\n       \n    \n\n<li><a href='?page_no=1'>1<\/a><\/li>\n\n\n\n<li><a href='?page_no=2'>2<\/a><\/li>\n\n\n\n<li><a>...<\/a><\/li>\n\n\n\n<li><a href='?page_no=672'>672<\/a><\/li>\n\n\n\n<li><a href='?page_no=673'>673<\/a><\/li>\n\n\n\n<li class='active'><a>674<\/a><\/li>\n\n\n\n<li><a href='?page_no=675'>675<\/a><\/li>\n\n\n\n<li><a href='?page_no=676'>676<\/a><\/li>\n\n\n\n<li><a>...<\/a><\/li>\n\n\n\n<li><a href='?page_no=22911'>22911<\/a><\/li>\n\n\n\n<li><a href='?page_no=22912'>22912<\/a><\/li>\n\n    \n\t\n\n<li >\n\t<a href='?page_no=675'>Next<\/a>\n\t<\/li>\n\n\n    \n\n<li><a href='?page_no=22912'>Last &rsaquo;&rsaquo;<\/a><\/li>\n\n<\/ul>\n\n\n--><br \/>\n<\/body><\/p>\n","protected":false},"excerpt":{"rendered":"<p>diariodominicano.com Santo Domingo, R. D., 18 de marzo, 2020.- El ministro de Cultura, arquitecto Eduardo Selman, anunci\u00f3 este mi\u00e9rcoles 18 de marzo la posposici\u00f3n de la 23\u00aa. Feria Internacional del Libro y la Cultura Santo Domingo 2020, que estaba fijada para celebrarse del 24 de abril al 3 de mayo del a\u00f1o en curso La [&hellip;]<\/p>\n","protected":false},"author":3,"featured_media":0,"comment_status":"open","ping_status":"open","sticky":false,"template":"","format":"standard","meta":{"footnotes":""},"categories":[21],"tags":[],"class_list":["post-54617","post","type-post","status-publish","format-standard","hentry","category-cultura"],"_links":{"self":[{"href":"https:\/\/diariodominicano.com\/index.php?rest_route=\/wp\/v2\/posts\/54617","targetHints":{"allow":["GET"]}}],"collection":[{"href":"https:\/\/diariodominicano.com\/index.php?rest_route=\/wp\/v2\/posts"}],"about":[{"href":"https:\/\/diariodominicano.com\/index.php?rest_route=\/wp\/v2\/types\/post"}],"author":[{"embeddable":true,"href":"https:\/\/diariodominicano.com\/index.php?rest_route=\/wp\/v2\/users\/3"}],"replies":[{"embeddable":true,"href":"https:\/\/diariodominicano.com\/index.php?rest_route=%2Fwp%2Fv2%2Fcomments&post=54617"}],"version-history":[{"count":0,"href":"https:\/\/diariodominicano.com\/index.php?rest_route=\/wp\/v2\/posts\/54617\/revisions"}],"wp:attachment":[{"href":"https:\/\/diariodominicano.com\/index.php?rest_route=%2Fwp%2Fv2%2Fmedia&parent=54617"}],"wp:term":[{"taxonomy":"category","embeddable":true,"href":"https:\/\/diariodominicano.com\/index.php?rest_route=%2Fwp%2Fv2%2Fcategories&post=54617"},{"taxonomy":"post_tag","embeddable":true,"href":"https:\/\/diariodominicano.com\/index.php?rest_route=%2Fwp%2Fv2%2Ftags&post=54617"}],"curies":[{"name":"wp","href":"https:\/\/api.w.org\/{rel}","templated":true}]}}