{"id":546161,"date":"2024-07-19T12:01:18","date_gmt":"2024-07-19T16:01:18","guid":{"rendered":"https:\/\/diariodominicano.com\/?p=546161"},"modified":"2024-07-19T12:01:25","modified_gmt":"2024-07-19T16:01:25","slug":"fiscal-de-santiago-garantiza-se-aclarara-caso-muerte-hijo-ex-vicepresidente-cdp","status":"publish","type":"post","link":"https:\/\/diariodominicano.com\/?p=546161","title":{"rendered":"Fiscal de Santiago garantiza se aclarar\u00e1 caso muerte hijo ex vicepresidente CDP"},"content":{"rendered":"\n<p>diariodominicano.com<\/p>\n\n\n\n<p>Santiago, R. D.,\u200219 de julio, 2024.- El fiscal de Santiago, Osvaldo Bonilla, habla con los periodistas Juan Carlos Bison\u00f3, Adriano De la Rosa, Germania De Luna y Luis C\u00e9spedes Pe\u00f1a, en torno a la muerte del hijo del \u00faltimo, Luis Norberto C\u00e9spedes Vega, cuyo hecho har\u00e1 dos a\u00f1os en Noviembre, sin que se haya aclarado.<\/p>\n\n\n\n<p>Fiscal de Santiago garantiza se aclarar\u00e1 caso muerte hijo ex vicepresidente CDP<\/p>\n\n\n\n<p>SANTIAGO.- El fiscal general del Distrito Judicial de Santiago, Osvaldo Bonilla, manifest\u00f3 su inter\u00e9s para que sea solucionado el caso de la muerte de Luis Norberto C\u00e9spedes Vega, hijo del ex vicepresidente del Colegio Dominicano de Periodistas (CDP), Luis C\u00e9spedes Pe\u00f1a, cuyo hecho ocurri\u00f3 el 2 de Noviembre del 2022 en Tamboril, sin que el conductor haya sido detenido.<\/p>\n\n\n\n<p>El magistrado recibi\u00f3 a una comisi\u00f3n del CDP, la Fundaci\u00f3n Periodismo en Reflexi\u00f3n (FUNPER), las Asociaciones de Locutores de Santiago (ALS) y Cronistas Deportivos de Santiago (ACDS). Tambi\u00e9n, del Sindicato Nacional de Trabajadores de la Prensa (SNTP), a quienes asegur\u00f3&nbsp;que las indagaciones ser\u00e1n ampliadas a los sectores citados por los gremios de la comunicaci\u00f3n de Santiago.<\/p>\n\n\n\n<p>La comisi\u00f3n, que le entreg\u00f3 un documento al fiscal Bonilla, estuvo presidida por el secretario general de la Seccional del CDP, Juan Carlos Bison\u00f3, Adriano De la Rosa, en representaci\u00f3n de la FUNPER y la ALS. Tambi\u00e9n estuvieron C\u00e9spedes Pe\u00f1a, del CDP, y Germania De Luna, del SNTP.<\/p>\n\n\n\n<p>El funcionario dijo: \u201cTengan la seguridad de que nosotros vamos a trabajar para que ese caso sea solucionado\u201d.<\/p>\n\n\n\n<p>El magistrado Bonilla recibi\u00f3 la solicitud de los gremios de la comunicaci\u00f3n para que se interrogue a los siete conductores de camiones Trombo, propiedad de Hormigones Romano, al encargado de parqueo de esa misma empresa y otras personas que pueden aportar a las investigaciones.<\/p>\n\n\n\n<p>El fat\u00eddico hecho sucedi\u00f3 en Repuestos Nacho, de Tamboril. El fiscal general de Santiago indic\u00f3 que \u201cse trata de dos hechos: Uno es el de la muerte del hijo de C\u00e9spedes Pe\u00f1a y el otro se relacionado con los bienes retenidos por la Justicia\u201d.<\/p>\n\n\n\n<p>Agreg\u00f3 que el arma de fuego, con permiso (vencido) del Ministerio de Interior y Polic\u00eda, por la cual fue detenido C\u00e9spedes Vega, est\u00e1 bajo el control de la Fiscal\u00eda, pero los 20 mil pesos, correspondientes a una Garant\u00eda Econ\u00f3mica que se le impuso antes a la v\u00edctima, hay que llenar un requisito.<\/p>\n\n\n\n<p>\u201cLa esposa del fallecido debe visitar el Consulado de Estados Unidos, pa\u00eds donde reside la dama, para que oficialice el poder que ella envi\u00f3 por escrito, pero sin esa exigencia\u201d, afirm\u00f3 el funcionario.<\/p>\n\n\n\n<p>&nbsp;El magistrado Bonilla dijo que el arma ser\u00e1 entregada inmediatamente se verifique que los documentos depositados por los solicitantes est\u00e1n correctos. \u201cUstedes pueden contar con esta Fiscal\u00eda y les prometo que ese caso ser\u00e1 resuelto\u201d, reiter\u00f3.<\/p>\n\n\n\n<p>Declar\u00f3 que va a trabajar personalmente en la investigaci\u00f3n, \u201cpero si es necesario, si hay que designar un fiscal de esta jurisdicci\u00f3n o la capital, lo haremos\u201d.<\/p>\n\n\n\n<p>Por su parte, los comisionados agradecieron, como siempre, el inter\u00e9s del magistrado Bonilla. Destacaron que se trata de \u201cuna puerta que los comunicadores tienen confianza en tocar\u201d. Hablaron de la responsabilidad, honestidad y entrega al trabajo de ese magistrado.<\/p>\n\n\n\n<p>Juan Carlos Bison\u00f3, Adriano De la Rosa, Luis C\u00e9spedes Pe\u00f1a y Germania De Luna, quienes fueron autorizados a representar a esos gremios, agradecieron al fiscal Bonilla su disposici\u00f3n de recibir a las comisiones de los gremios, para tratarle asuntos de inter\u00e9s para los mismos.<\/p>\n\n\n\n<p>Aclararon que las cr\u00edticas que hicieron al desinter\u00e9s de la Justicia para no resolver el caso, no tuvieron ninguna vinculaci\u00f3n con las funciones del fiscal Bonilla. \u201cS\u00ed mantenemos nuestra postura, de que la Fiscal\u00eda de Tamboril no tiene ning\u00fan inter\u00e9s en resolver el caso\u201d, le reiter\u00f3 al fiscal Bonilla el periodista Luis C\u00e9spedes Pe\u00f1a, padre de Luis Norberto C\u00e9spedes Vega.<\/p>\n\n\n\n<p>El documento est\u00e1 firmado por los comisionados, adem\u00e1s de Perfecto Mart\u00ednez, presidente de la FUNPER, \u00c1gueda Alejo, presidenta de la ALS, Jos\u00e9 Batista, secretario general de la Filial del SNTP, y la ACDS, que dirige Am\u00e9rico Cabrera.\u00a0<\/p>\n\n\n\n<figure class=\"wp-block-table\"><table><tbody><tr><td><strong>Luis C\u00e9spedes Pe\u00f1a<\/strong><\/td><\/tr><\/tbody><\/table><\/figure>\n","protected":false},"excerpt":{"rendered":"<p>diariodominicano.com Santiago, R. D.,\u200219 de julio, 2024.- El fiscal de Santiago, Osvaldo Bonilla, habla con los periodistas Juan Carlos Bison\u00f3, Adriano De la Rosa, Germania De Luna y Luis C\u00e9spedes Pe\u00f1a, en torno a la muerte del hijo del \u00faltimo, Luis Norberto C\u00e9spedes Vega, cuyo hecho har\u00e1 dos a\u00f1os en Noviembre, sin que se haya [&hellip;]<\/p>\n","protected":false},"author":5,"featured_media":546165,"comment_status":"closed","ping_status":"closed","sticky":true,"template":"","format":"standard","meta":{"footnotes":""},"categories":[24,27],"tags":[],"class_list":["post-546161","post","type-post","status-publish","format-standard","has-post-thumbnail","hentry","category-justicia-y-derecho","category-portada"],"_links":{"self":[{"href":"https:\/\/diariodominicano.com\/index.php?rest_route=\/wp\/v2\/posts\/546161","targetHints":{"allow":["GET"]}}],"collection":[{"href":"https:\/\/diariodominicano.com\/index.php?rest_route=\/wp\/v2\/posts"}],"about":[{"href":"https:\/\/diariodominicano.com\/index.php?rest_route=\/wp\/v2\/types\/post"}],"author":[{"embeddable":true,"href":"https:\/\/diariodominicano.com\/index.php?rest_route=\/wp\/v2\/users\/5"}],"replies":[{"embeddable":true,"href":"https:\/\/diariodominicano.com\/index.php?rest_route=%2Fwp%2Fv2%2Fcomments&post=546161"}],"version-history":[{"count":1,"href":"https:\/\/diariodominicano.com\/index.php?rest_route=\/wp\/v2\/posts\/546161\/revisions"}],"predecessor-version":[{"id":546166,"href":"https:\/\/diariodominicano.com\/index.php?rest_route=\/wp\/v2\/posts\/546161\/revisions\/546166"}],"wp:featuredmedia":[{"embeddable":true,"href":"https:\/\/diariodominicano.com\/index.php?rest_route=\/wp\/v2\/media\/546165"}],"wp:attachment":[{"href":"https:\/\/diariodominicano.com\/index.php?rest_route=%2Fwp%2Fv2%2Fmedia&parent=546161"}],"wp:term":[{"taxonomy":"category","embeddable":true,"href":"https:\/\/diariodominicano.com\/index.php?rest_route=%2Fwp%2Fv2%2Fcategories&post=546161"},{"taxonomy":"post_tag","embeddable":true,"href":"https:\/\/diariodominicano.com\/index.php?rest_route=%2Fwp%2Fv2%2Ftags&post=546161"}],"curies":[{"name":"wp","href":"https:\/\/api.w.org\/{rel}","templated":true}]}}