{"id":546151,"date":"2024-07-19T11:56:41","date_gmt":"2024-07-19T15:56:41","guid":{"rendered":"https:\/\/diariodominicano.com\/?p=546151"},"modified":"2024-07-19T11:56:43","modified_gmt":"2024-07-19T15:56:43","slug":"la-cruz-la-nueva-estrella-del-genero-urbano-que-revoluciona-el-regueton-lgbtq-lanza-el-sencillo-sahara","status":"publish","type":"post","link":"https:\/\/diariodominicano.com\/?p=546151","title":{"rendered":"La Cruz, la nueva estrella del g\u00e9nero urbano que revoluciona el reguet\u00f3n LGBTQ+, lanza el sencillo \u201cSAHARA\u201d"},"content":{"rendered":"\n<p>\u201cMe inspir\u00e9, junto a mi equipo de composici\u00f3n, en ese sentimiento de atracci\u00f3n intensa; en el calor que siento cuando estoy ligando con un chico o cuando un chico intenta ligar conmigo\u201d, explic\u00f3 el artista.<\/p>\n\n\n\n<p>La Cruz, el talentoso cantante y compositor urbano venezolano, ha lanzado su nuevo sencillo \u00abSAHARA\u00bb. Esta canci\u00f3n relata una historia de amor entre dos chicos, con la que La Cruz se siente profundamente identificado, aunque no sea completamente autobiogr\u00e1fica.<\/p>\n\n\n\n<p>\u201cIntento ser lo m\u00e1s natural posible cuando voy al estudio y trabajo mi parte visual. Quiero contar las cosas que vivo, y mayormente son desde un punto de vista LGBTQ+\u201d, a\u00f1adi\u00f3. \u201cEl t\u00edtulo SAHARA surgi\u00f3 porque la tem\u00e1tica nos llev\u00f3 a vivir la experiencia de un desierto, reflejando un amor tan ardiente como el calor del SAHARA\u201d.<\/p>\n\n\n\n<figure class=\"wp-block-image size-large\"><img loading=\"lazy\" decoding=\"async\" width=\"819\" height=\"1024\" src=\"https:\/\/diariodominicano.com\/wp-content\/uploads\/2024\/07\/La-Cruz-819x1024.jpg\" alt=\"\" class=\"wp-image-546163\" srcset=\"https:\/\/diariodominicano.com\/wp-content\/uploads\/2024\/07\/La-Cruz-819x1024.jpg 819w, https:\/\/diariodominicano.com\/wp-content\/uploads\/2024\/07\/La-Cruz-240x300.jpg 240w, https:\/\/diariodominicano.com\/wp-content\/uploads\/2024\/07\/La-Cruz-768x960.jpg 768w, https:\/\/diariodominicano.com\/wp-content\/uploads\/2024\/07\/La-Cruz-816x1020.jpg 816w, https:\/\/diariodominicano.com\/wp-content\/uploads\/2024\/07\/La-Cruz.jpg 960w\" sizes=\"auto, (max-width: 819px) 100vw, 819px\" \/><\/figure>\n\n\n\n<p>La producci\u00f3n musical de \u00abSAHARA\u00bb estuvo a cargo de Gio Producer, mientras que el videoclip, filmado en Madrid, cont\u00f3 con la direcci\u00f3n de V\u00edctor P\u00e9rez y su equipo.<\/p>\n\n\n\n<p>El pasado 6 de julio, el cantante fue invitado a la celebraci\u00f3n por el mes del Orgullo en Madrid, present\u00e1ndose en Col\u00f3n como destacado representante del g\u00e9nero urbano. Durante este mismo mes, La Cruz aprovech\u00f3 para anunciar su reciente firma con Warner M\u00fasica Latina para la distribuci\u00f3n de su m\u00fasica. Adem\u00e1s, bajo el manejo de Rebeca Le\u00f3n y el equipo de Lionfish Entertainment y Saint Edd, quien tambi\u00e9n trabaja los proyectos de Anitta, Danny Ocean, y otros talentos.<\/p>\n\n\n\n<p>Nacido en Caracas y criado en La Guaira, Venezuela, La Cruz ha disfrutado desde joven de los ritmos tropicales y la m\u00fasica urbana, especializ\u00e1ndose en la fusi\u00f3n del reguet\u00f3n. Entre sus temas m\u00e1s representativos se encuentran \u00abNadie te va a querer,\u00bb \u00abDesnudx\u201d, \u00abBoulevard,\u00bb \u00abYo te conoc\u00ed bailando\u201d, y \u00abQu\u00edtate la ropa\u00bb, todos celebrados por su autenticidad y enfoque en temas LGBTQ+.<\/p>\n\n\n\n<p>MS Agency comunicados@michelsuarez.com <\/p>\n\n\n\n<figure class=\"wp-block-embed is-type-video is-provider-youtube wp-block-embed-youtube wp-embed-aspect-16-9 wp-has-aspect-ratio\"><div class=\"wp-block-embed__wrapper\">\n<iframe loading=\"lazy\" title=\"LA CRUZ - SAHARA (Official Video)\" width=\"616\" height=\"347\" src=\"https:\/\/www.youtube.com\/embed\/0BHSaANp47Y?feature=oembed\" frameborder=\"0\" allow=\"accelerometer; autoplay; clipboard-write; encrypted-media; gyroscope; picture-in-picture; web-share\" referrerpolicy=\"strict-origin-when-cross-origin\" allowfullscreen><\/iframe>\n<\/div><\/figure>\n","protected":false},"excerpt":{"rendered":"<p>\u201cMe inspir\u00e9, junto a mi equipo de composici\u00f3n, en ese sentimiento de atracci\u00f3n intensa; en el calor que siento cuando estoy ligando con un chico o cuando un chico intenta ligar conmigo\u201d, explic\u00f3 el artista. La Cruz, el talentoso cantante y compositor urbano venezolano, ha lanzado su nuevo sencillo \u00abSAHARA\u00bb. Esta canci\u00f3n relata una historia [&hellip;]<\/p>\n","protected":false},"author":7,"featured_media":546162,"comment_status":"closed","ping_status":"closed","sticky":false,"template":"","format":"standard","meta":{"footnotes":""},"categories":[25],"tags":[],"class_list":["post-546151","post","type-post","status-publish","format-standard","has-post-thumbnail","hentry","category-gente"],"_links":{"self":[{"href":"https:\/\/diariodominicano.com\/index.php?rest_route=\/wp\/v2\/posts\/546151","targetHints":{"allow":["GET"]}}],"collection":[{"href":"https:\/\/diariodominicano.com\/index.php?rest_route=\/wp\/v2\/posts"}],"about":[{"href":"https:\/\/diariodominicano.com\/index.php?rest_route=\/wp\/v2\/types\/post"}],"author":[{"embeddable":true,"href":"https:\/\/diariodominicano.com\/index.php?rest_route=\/wp\/v2\/users\/7"}],"replies":[{"embeddable":true,"href":"https:\/\/diariodominicano.com\/index.php?rest_route=%2Fwp%2Fv2%2Fcomments&post=546151"}],"version-history":[{"count":1,"href":"https:\/\/diariodominicano.com\/index.php?rest_route=\/wp\/v2\/posts\/546151\/revisions"}],"predecessor-version":[{"id":546164,"href":"https:\/\/diariodominicano.com\/index.php?rest_route=\/wp\/v2\/posts\/546151\/revisions\/546164"}],"wp:featuredmedia":[{"embeddable":true,"href":"https:\/\/diariodominicano.com\/index.php?rest_route=\/wp\/v2\/media\/546162"}],"wp:attachment":[{"href":"https:\/\/diariodominicano.com\/index.php?rest_route=%2Fwp%2Fv2%2Fmedia&parent=546151"}],"wp:term":[{"taxonomy":"category","embeddable":true,"href":"https:\/\/diariodominicano.com\/index.php?rest_route=%2Fwp%2Fv2%2Fcategories&post=546151"},{"taxonomy":"post_tag","embeddable":true,"href":"https:\/\/diariodominicano.com\/index.php?rest_route=%2Fwp%2Fv2%2Ftags&post=546151"}],"curies":[{"name":"wp","href":"https:\/\/api.w.org\/{rel}","templated":true}]}}