{"id":546075,"date":"2024-07-18T23:46:05","date_gmt":"2024-07-19T03:46:05","guid":{"rendered":"https:\/\/diariodominicano.com\/?p=546075"},"modified":"2024-07-19T00:49:56","modified_gmt":"2024-07-19T04:49:56","slug":"academia-de-ciencias-propone-debatir-con-criterio-tecnico-y-sin-la-groseria-de-un-ministro-y-gobierno-el-proyecto-romero-en-san-juan","status":"publish","type":"post","link":"https:\/\/diariodominicano.com\/?p=546075","title":{"rendered":"Academia de Ciencias propone debatir con\u00a0criterio t\u00e9cnico y sin la groser\u00eda de un ministro y gobierno el\u00a0proyecto Romero en San Juan"},"content":{"rendered":"\n<p><strong>Condena actitud grosera de ministro Energ\u00eda y Mina contra los ambientalistas<\/strong><\/p>\n\n\n\n<p><strong>SANTO DOMINGO, RD-\u00a0<\/strong>La Comisi\u00f3n de Ciencias Naturales y Medio Ambiente de la\u00a0<strong>Academia de Ciencias<\/strong>\u00a0de la Rep\u00fablica Dominicana (ACRD), propuso debatir ampliamente el proyecto minero Romero, el cual realiza sus operaciones en la provincia San Juan de la Maguana, y no tratar de imponer la propuesta del Ministerio de Energ\u00eda y Minas (MEM).<\/p>\n\n\n\n<p>El caso de Romero, ha sido ampliamente debatido, teniendo un rechazo social amplio. La miner\u00eda es una de las actividades m\u00e1s agresivas contra el medio natural, cuyas huellas y capacidad de recuperaci\u00f3n son dif\u00edciles de alcanzar, sobre todo, cuando no se est\u00e1 dispuesto, primero, a realizar serios y rigurosos planes de restauraci\u00f3n ecol\u00f3gica, y segundo, cuando solo prima el beneficio, las utilidades, que es lo que ha caracterizado la miner\u00eda en Rep\u00fablica Dominicana.<\/p>\n\n\n\n<p>Romero tendr\u00eda una repercusi\u00f3n negativa en uno de nuestros Parques Nacionales declarado para producir agua, como lo es el Jos\u00e9 del Carmen Ram\u00edrez.<\/p>\n\n\n\n<p>Todas estas variables, y otras m\u00e1s, deben ser debatidas, con criterio t\u00e9cnico, y sin la bravura de un ministro y el gobierno, que hoy se desdicen de lo que predicaban ayer.<\/p>\n\n\n\n<p>Expresa qu\u00e9, San Juan de la Maguana es el granero del Sur, es decir, su potencial y realidad es que se trata de un Valle agr\u00edcola, que por a\u00f1os ha contribuido con la seguridad alimentaria del pa\u00eds, la embestida y cambio dr\u00e1stico que produce la miner\u00eda atenta contra esa realidad.<\/p>\n\n\n\n<p>La&nbsp;<strong>Academia de Ciencias<\/strong>&nbsp;considera que el agua es un recurso imprescindible, y de Romero se conoce que puede afectar el r\u00edo San Juan, tributario de primer orden del rio Yaque del Sur, curso h\u00eddrico de capital importancia para todas las actividades en la regi\u00f3n suroeste, la explotaci\u00f3n subterr\u00e1nea, no excluye la posibilidad de contaminaci\u00f3n en las aguas, que del subsuelo brotan a la superficie en forma de arroyos, manantiales, norias o ca\u00f1adas.<\/p>\n\n\n\n<p>Solo la instalaci\u00f3n de la explotaci\u00f3n implica modificaciones en la estructura geol\u00f3gica, geogr\u00e1fica y de pendiente en esta zona de monta\u00f1a, lo cual, tendr\u00e1 una repercusi\u00f3n negativa en el paisaje y en el sistema funcional ecol\u00f3gico del lugar escogido para ese aprovechamiento minero.<\/p>\n\n\n\n<p>Por tanto, hay que medir muy bien los beneficios de una explotaci\u00f3n que pueda dejar unos pesos temporales, versus el da\u00f1o permanente y contin\u00fao a enclaves ecosist\u00e9micos productores de agua.<\/p>\n\n\n\n<p>La Cordillera Central en su vertiente Sur, ha sido muy degradada, por diversas causas, est\u00e1 explotaci\u00f3n ser\u00eda una m\u00e1s, con graves y profundas repercusiones similares a las que dej\u00f3 la Alcoa en la Sierra de Bahoruco, que despu\u00e9s de d\u00e9cadas a\u00fan quedan all\u00ed sus huellas indelebles.<\/p>\n\n\n\n<p>Desde el gobierno se mantiene un discurso dual, por un lado, se ponderan los efectos adversos del Cambio Clim\u00e1tico, instando y pregonando la necesidad de cuidar y proteger el medio ambiente, y por otro, se soslaya este discurso promoviendo la miner\u00eda sin freno, como centro futuro de la hegemon\u00eda econ\u00f3mica del pa\u00eds, cosa poco prudente para nuestra condici\u00f3n de isla.<\/p>\n\n\n\n<p>La miner\u00eda, a\u00fan, en pa\u00edses grandes, continentales, con reglas m\u00e1s rigurosas que la nuestra, d\u00f3nde impera la consecuencia de la ley, tiene alto rechazo y cuestionamientos, dado su capacidad destructiva del ecosistema y la estabilidad ambiental.<\/p>\n\n\n\n<p>La credibilidad de ese sector est\u00e1 en entredicho en el pa\u00eds, no podemos olvidar el chantaje de Falcondo, cuando quer\u00eda explotar Loma Miranda, quien aleg\u00f3 que tendr\u00eda que cerrar sus operaciones, ya que, sin Miranda, su negocio no era rentable, y, a\u00fan est\u00e1n aqu\u00ed.<\/p>\n\n\n\n<p><strong>Condena actitud grosera de ministro Energ\u00eda y Mina contra los ambientalistas<\/strong><\/p>\n\n\n\n<p>En una actitud netamente antidemocr\u00e1tica y autoritaria, el se\u00f1or ministro de Energ\u00eda y Minas, Antonio Almonte Reynoso, ha declarado que se obvien y no se tomen en cuenta los planteamientos t\u00e9cnicos con que sectores dedicados a la protecci\u00f3n del medio ambiente, los ecosistemas productores de agua, y la biodiversidad objeten determinadas explotaciones mineras.<\/p>\n\n\n\n<p>En efecto, el funcionario en unas declaraciones que reprodujo en la prensa nacional el 9 de julio, declar\u00f3 que: \u00abel gobierno no puede dejarse acorralar por ambientalistas radicales que se oponen al desarrollo de proyectos mineros\u00bb, instando a que sean obviados e ignorados en sus consideraciones.<\/p>\n\n\n\n<p>La Academia de Ciencias de la Rep\u00fablica Dominicana (ACRD) y su Comisi\u00f3n de Ciencias Naturales y Medio Ambiente, deploran los planteamientos del ministro Almonte, quien con los mismos se presenta ante la sociedad del siglo 21, como un promotor de la imposici\u00f3n, destierra el di\u00e1logo y la cr\u00edtica u objeciones t\u00e9cnicas, neg\u00e1ndose al debate.<\/p>\n\n\n\n<p>No existe una oposici\u00f3n al desarrollo, sino, m\u00e1s bien, a qu\u00e9 las cosas se hagan correctamente, siguiendo procedimientos, que permitan descartar iniciativas que degraden enclaves naturales que sustentan procesos ecol\u00f3gicos que proveen servicios ambientales imprescindibles como el recurso agua, o que no acent\u00faan los efectos adversos del cambio clim\u00e1tico, ante la embestida por diferentes v\u00edas de la destrucci\u00f3n de los bosques, h\u00e1bitats y ecosistemas fr\u00e1giles.<\/p>\n\n\n\n<p>Academia de Ciencias RD<\/p>\n\n\n\n<p><a target=\"_blank\" href=\"mailto:acrd1974@gmail.com\" rel=\"noreferrer noopener\">acrd1974@gmail.com<\/a><\/p>\n\n\n\n<p><\/p>\n\n\n\n<p>.<\/p>\n","protected":false},"excerpt":{"rendered":"<p>Condena actitud grosera de ministro Energ\u00eda y Mina contra los ambientalistas SANTO DOMINGO, RD-\u00a0La Comisi\u00f3n de Ciencias Naturales y Medio Ambiente de la\u00a0Academia de Ciencias\u00a0de la Rep\u00fablica Dominicana (ACRD), propuso debatir ampliamente el proyecto minero Romero, el cual realiza sus operaciones en la provincia San Juan de la Maguana, y no tratar de imponer la [&hellip;]<\/p>\n","protected":false},"author":28,"featured_media":546076,"comment_status":"closed","ping_status":"closed","sticky":true,"template":"","format":"standard","meta":{"footnotes":""},"categories":[18,24],"tags":[],"class_list":["post-546075","post","type-post","status-publish","format-standard","has-post-thumbnail","hentry","category-economia","category-justicia-y-derecho"],"_links":{"self":[{"href":"https:\/\/diariodominicano.com\/index.php?rest_route=\/wp\/v2\/posts\/546075","targetHints":{"allow":["GET"]}}],"collection":[{"href":"https:\/\/diariodominicano.com\/index.php?rest_route=\/wp\/v2\/posts"}],"about":[{"href":"https:\/\/diariodominicano.com\/index.php?rest_route=\/wp\/v2\/types\/post"}],"author":[{"embeddable":true,"href":"https:\/\/diariodominicano.com\/index.php?rest_route=\/wp\/v2\/users\/28"}],"replies":[{"embeddable":true,"href":"https:\/\/diariodominicano.com\/index.php?rest_route=%2Fwp%2Fv2%2Fcomments&post=546075"}],"version-history":[{"count":1,"href":"https:\/\/diariodominicano.com\/index.php?rest_route=\/wp\/v2\/posts\/546075\/revisions"}],"predecessor-version":[{"id":546077,"href":"https:\/\/diariodominicano.com\/index.php?rest_route=\/wp\/v2\/posts\/546075\/revisions\/546077"}],"wp:featuredmedia":[{"embeddable":true,"href":"https:\/\/diariodominicano.com\/index.php?rest_route=\/wp\/v2\/media\/546076"}],"wp:attachment":[{"href":"https:\/\/diariodominicano.com\/index.php?rest_route=%2Fwp%2Fv2%2Fmedia&parent=546075"}],"wp:term":[{"taxonomy":"category","embeddable":true,"href":"https:\/\/diariodominicano.com\/index.php?rest_route=%2Fwp%2Fv2%2Fcategories&post=546075"},{"taxonomy":"post_tag","embeddable":true,"href":"https:\/\/diariodominicano.com\/index.php?rest_route=%2Fwp%2Fv2%2Ftags&post=546075"}],"curies":[{"name":"wp","href":"https:\/\/api.w.org\/{rel}","templated":true}]}}