{"id":546072,"date":"2024-07-18T23:41:37","date_gmt":"2024-07-19T03:41:37","guid":{"rendered":"https:\/\/diariodominicano.com\/?p=546072"},"modified":"2024-07-18T23:41:43","modified_gmt":"2024-07-19T03:41:43","slug":"academicos-creen-centralidad-de-china-obedece-a-su-despegue-economico","status":"publish","type":"post","link":"https:\/\/diariodominicano.com\/?p=546072","title":{"rendered":"Acad\u00e9micos creen centralidad de China obedece a su despegue econ\u00f3mico"},"content":{"rendered":"\n<p>&nbsp;<em>Destacan que el pa\u00eds asi\u00e1tico ha sacado m\u00e1s de 800 millones de ciudadanos de la pobreza._<\/em><\/p>\n\n\n\n<p>\u00a0Santo Domingo, RD.- El Centro Dominicano de Estudios Sobre China (Cendoesch) y la Universidad del Caribe (Unicaribe), realizaron este mi\u00e9rcoles un panel denominado \u00abChina, la reforma, la apertura y el combate a la pobreza\u00bb en el que los expositores destacaron el papel protag\u00f3nico que juega China en el cambio de paradigma\u00a0 que apuesta por una comunidad global de beneficios compartidos.<\/p>\n\n\n\n<p>El economista, exdirector de Impuestos Internos, del Bandex, la Superintendencia de Valores y miembro del Comit\u00e9 Central del Partido de la Liberaci\u00f3n Dominicana (PLD), Guarocuya F\u00e9lix, uno de los disertantes, asegur\u00f3 que la reforma y la apertura permitieron al pa\u00eds de la Gran Muralla un extraordinario crecimiento econ\u00f3mico sin precedentes que super\u00f3 la barrera de los dos d\u00edgitos durante a\u00f1os y le permiti\u00f3 avanzar en materia de desarrollo cient\u00edfico, tecnolog\u00eda e innovaci\u00f3n, lo que la coloca a la vanguardia a pesar de que todav\u00eda tiene retos que enfrentar para darle sostenibilidad a su sorprendente avance.&nbsp;<\/p>\n\n\n\n<p>Por su parte el destacado acad\u00e9mico, polit\u00f3logo y asesor internacional, Elvin Calca\u00f1o, hizo referencia al pragmatismo del liderazgo chino, del que dijo ha sabido administrar desde un Estado socialista una sociedad con acentuados rasgos capitalistas, lo que le ha permitido sacar a m\u00e1s de 800 millones de ciudadanos de la pobreza, n\u00famero que representa alrededor del 70 por ciento de la reducci\u00f3n de la pobreza en el mundo; a\u00f1adi\u00f3 que si bien es cierto que el modelo del gigante asi\u00e1tico ha sido exitoso, su exportaci\u00f3n no necesariamente tenga el mismo \u00e9xito en raz\u00f3n de que cada pa\u00eds debe aplicar el modelo que se corresponda con su realidad sociohist\u00f3rica y pol\u00edtica.<\/p>\n\n\n\n<p>Tambi\u00e9n Marino Berig\u00fcete, decano de la facultad de Relaciones Internacionales de la alta casa de estudios se\u00f1al\u00f3 que la grandeza de China no es solamente el haber sacado millones de la pobreza y eliminar la pobreza extrema, sino tambi\u00e9n no volver a la pobreza.&nbsp;<\/p>\n\n\n\n<p>Adem\u00e1s de los expositores, en respuesta a preguntas del p\u00fablico respecto al futuro de los pa\u00edses o bloques que se disputan el liderazgo mundial, Manolo Pichardo, secretario de relaciones internacionales de la Fuerza del Pueblo (FP) dijo que a la luz de la modificaci\u00f3n de las cifras respecto al aporte de PIB global se comienza a definir una ruta clara que se puede descifrar si se toma en cuenta que el G7 liderado por Estados Unidos aportaba al PIB mundial el 70 por ciento al momento de instalarse en 1975, mientras que los Brics solo a portaban el 16 por ciento, mientras que ahora el G7 aporta el 29 y los Brics 38 con una perspectiva de ampliaci\u00f3n e incremento del aporte.<\/p>\n\n\n\n<p>Por su lado el rector de la Universidad del Caribe, Emilio M\u00ednguez, al dar la bienvenida a la actividad hizo referencia al innegable avance de China en materia tecnol\u00f3gica de inteligencia artificial y computaci\u00f3n cu\u00e1ntica, resaltando la importancia de la realizaci\u00f3n de este tipo de actividades que permiten comprender mejor la din\u00e1mica econ\u00f3mica, pol\u00edtica y social del pa\u00eds asi\u00e1tico que avanza como uno de los l\u00edderes de la nueva arquitectura global.&nbsp;<\/p>\n\n\n\n<p>Asimismo, Mihail Garc\u00eda, comunicador, administrador, articulista, pol\u00edtico y director operativo de Cendoesch, quien tuvo a su cargo la moderaci\u00f3n del evento resalt\u00f3 que China ha sacado de la pobreza general la misma cantidad de personas que hoy en d\u00eda viven en la extrema pobreza en el mundo. Indic\u00f3 adem\u00e1s, que la intenci\u00f3n del liderazgo chino no es la de generar conflictos sino alianzas de cooperaci\u00f3n en el marco del beneficio mutuo para construir una sociedad global de progreso compartido.<\/p>\n\n\n\n<p>A la actividad asistieron el director de Cayei, Juli\u00e1n Camilo Pe\u00f1a, Tang Xiaoquin, en representaci\u00f3n de la embajada de China en el pa\u00eds, Esmeralda Mancebo, diputada electa al Parlamento Centroamericano, as\u00ed como acad\u00e9micos y estudiantes de la alta casa de estudios.<\/p>\n\n\n\n<p>Centro Dominicano De Estudios Sobre China<\/p>\n\n\n\n<p><a target=\"_blank\" href=\"mailto:cendoesch@gmail.com\" rel=\"noreferrer noopener\">cendoesch@gmail.com<\/a><\/p>\n","protected":false},"excerpt":{"rendered":"<p>&nbsp;Destacan que el pa\u00eds asi\u00e1tico ha sacado m\u00e1s de 800 millones de ciudadanos de la pobreza._ \u00a0Santo Domingo, RD.- El Centro Dominicano de Estudios Sobre China (Cendoesch) y la Universidad del Caribe (Unicaribe), realizaron este mi\u00e9rcoles un panel denominado \u00abChina, la reforma, la apertura y el combate a la pobreza\u00bb en el que los expositores [&hellip;]<\/p>\n","protected":false},"author":28,"featured_media":546073,"comment_status":"closed","ping_status":"closed","sticky":false,"template":"","format":"standard","meta":{"footnotes":""},"categories":[36,18],"tags":[],"class_list":["post-546072","post","type-post","status-publish","format-standard","has-post-thumbnail","hentry","category-hombresmujeresycosas","category-economia"],"_links":{"self":[{"href":"https:\/\/diariodominicano.com\/index.php?rest_route=\/wp\/v2\/posts\/546072","targetHints":{"allow":["GET"]}}],"collection":[{"href":"https:\/\/diariodominicano.com\/index.php?rest_route=\/wp\/v2\/posts"}],"about":[{"href":"https:\/\/diariodominicano.com\/index.php?rest_route=\/wp\/v2\/types\/post"}],"author":[{"embeddable":true,"href":"https:\/\/diariodominicano.com\/index.php?rest_route=\/wp\/v2\/users\/28"}],"replies":[{"embeddable":true,"href":"https:\/\/diariodominicano.com\/index.php?rest_route=%2Fwp%2Fv2%2Fcomments&post=546072"}],"version-history":[{"count":1,"href":"https:\/\/diariodominicano.com\/index.php?rest_route=\/wp\/v2\/posts\/546072\/revisions"}],"predecessor-version":[{"id":546074,"href":"https:\/\/diariodominicano.com\/index.php?rest_route=\/wp\/v2\/posts\/546072\/revisions\/546074"}],"wp:featuredmedia":[{"embeddable":true,"href":"https:\/\/diariodominicano.com\/index.php?rest_route=\/wp\/v2\/media\/546073"}],"wp:attachment":[{"href":"https:\/\/diariodominicano.com\/index.php?rest_route=%2Fwp%2Fv2%2Fmedia&parent=546072"}],"wp:term":[{"taxonomy":"category","embeddable":true,"href":"https:\/\/diariodominicano.com\/index.php?rest_route=%2Fwp%2Fv2%2Fcategories&post=546072"},{"taxonomy":"post_tag","embeddable":true,"href":"https:\/\/diariodominicano.com\/index.php?rest_route=%2Fwp%2Fv2%2Ftags&post=546072"}],"curies":[{"name":"wp","href":"https:\/\/api.w.org\/{rel}","templated":true}]}}