{"id":546042,"date":"2024-07-18T17:41:04","date_gmt":"2024-07-18T21:41:04","guid":{"rendered":"https:\/\/diariodominicano.com\/?p=546042"},"modified":"2024-07-18T17:41:12","modified_gmt":"2024-07-18T21:41:12","slug":"cuba-honrada-por-lucha-contra-el-apartheid-y-por-nelson-mandela","status":"publish","type":"post","link":"https:\/\/diariodominicano.com\/?p=546042","title":{"rendered":"Cuba honrada por lucha contra el apartheid y por Nelson Mandela"},"content":{"rendered":"\n<p>La Habana, 18 jul (Prensa Latina) La contribuci\u00f3n de Cuba al fin del apartheid y a la libertad de Nelson Mandela fue catalogada por el presidente Miguel D\u00edaz-Canel como un honor, al celebrase hoy el D\u00eda Internacional del l\u00edder africano.<\/p>\n\n\n\n<ul class=\"wp-block-list\">\n<li><a href=\"https:\/\/www.prensa-latina.cu\/2024\/07\/18\/\"><time>julio 18, 2024 | 12:41<\/time><\/a><\/li>\n<\/ul>\n\n\n\n<ul class=\"wp-block-list\">\n<li><a href=\"https:\/\/www.prensa-latina.cu\/2024\/07\/18\/cuba-honrada-por-lucha-contra-el-apartheid-y-por-nelson-mandela\/#\"><\/a><\/li>\n\n\n\n<li><a href=\"https:\/\/www.prensa-latina.cu\/2024\/07\/18\/cuba-honrada-por-lucha-contra-el-apartheid-y-por-nelson-mandela\/#\"><\/a><\/li>\n\n\n\n<li><a href=\"https:\/\/www.prensa-latina.cu\/2024\/07\/18\/cuba-honrada-por-lucha-contra-el-apartheid-y-por-nelson-mandela\/#\"><\/a><\/li>\n\n\n\n<li><a href=\"https:\/\/www.prensa-latina.cu\/2024\/07\/18\/cuba-honrada-por-lucha-contra-el-apartheid-y-por-nelson-mandela\/#\"><\/a><\/li>\n<\/ul>\n\n\n\n<p>El mandatario de la isla caribe\u00f1a escribi\u00f3 en la red social X: \u201cCuba se honra de haber contribuido decisivamente a poner fin al apartheid y lograr la libertad de Madiba, gran amigo de Fidel. En el abrazo de ambos l\u00edderes se resume la com\u00fan historia de nuestro pueblo\u201d.<\/p>\n\n\n\n<p>Asimismo, el canciller Bruno Rodr\u00edguez utiliz\u00f3 la propia red social para unirse al homenaje a Mandela en el 106 aniversario de su natalicio que tambi\u00e9n se conmemora este d\u00eda. El jefe de la diplomacia cubana asever\u00f3 que \u201csu obra seguir\u00e1 siendo ejemplo para nuestros pueblos\u201d.<\/p>\n\n\n\n<p>El titular de exteriores de la isla antillana, calific\u00f3 al hist\u00f3rico l\u00edder sudafricano de \u201cejemplo de resistencia frente al apartheid y rememor\u00f3 la amistad incondicional de Mandela con Cuba y su Revoluci\u00f3n.<\/p>\n\n\n\n<p>El pa\u00eds caribe\u00f1o desempe\u00f1\u00f3 un papel crucial en el fin de ese r\u00e9gimen segregacionista y en la liberaci\u00f3n de Nelson Mandela. En el espacio de unos 30 a\u00f1os, apoy\u00f3 a Argelia en su lucha contra Francia y contribuy\u00f3 a preservar la independencia.<\/p>\n\n\n\n<p>La isla ayud\u00f3 asimismo, al movimiento de Patricio Lumumba en el Congo belga, contribuy\u00f3 a la independencia de Guinea Bibissau y Cabo Verde y defendi\u00f3 la soberan\u00eda de Etiop\u00eda y de Angola, naci\u00f3n esta \u00faltima donde fueron derrotadas las fuerzas supremacistas sudafricanas.<\/p>\n\n\n\n<p>De acuerdo con numerosos documentos hist\u00f3ricos, aquellos acontecimientos, abrieron el camino definitivo para la independencia de los pa\u00edses de \u00c1frica Austral.<\/p>\n\n\n\n<p>El 18 de julio fue consagrado por la Organizaci\u00f3n de Naciones Unidas (ONU), desde noviembre de 2009, a enaltecer la obra del expresidente de Sud\u00e1frica (1994-1999), cuyas ideas sobre la paz y la libertad, no solo para su pa\u00eds y el continente negro, se universalizaron.<\/p>\n\n\n\n<p>La resoluci\u00f3n 64\/13 de la Asamblea General de la ONU, reconoce los valores de Mandela y su labor al servicio de la humanidad a trav\u00e9s de la mediaci\u00f3n en la soluci\u00f3n de conflictos, las relaciones interraciales, la igualdad entre g\u00e9neros y los derechos de los ni\u00f1os y otros grupos vulnerables.<\/p>\n\n\n\n<p>El primer mandatario de raza negra, elegido democr\u00e1ticamente en una Sud\u00e1frica libre, dedic\u00f3 67 a\u00f1os de su vida al servicio de la humanidad, como abogado defensor de los derechos humanos, preso de conciencia, activista pol\u00edtico en favor de la paz mundial, la justicia social y contra la pobreza.<\/p>\n\n\n\n<p>ro\/lld<\/p>\n","protected":false},"excerpt":{"rendered":"<p>La Habana, 18 jul (Prensa Latina) La contribuci\u00f3n de Cuba al fin del apartheid y a la libertad de Nelson Mandela fue catalogada por el presidente Miguel D\u00edaz-Canel como un honor, al celebrase hoy el D\u00eda Internacional del l\u00edder africano. El mandatario de la isla caribe\u00f1a escribi\u00f3 en la red social X: \u201cCuba se honra [&hellip;]<\/p>\n","protected":false},"author":28,"featured_media":546043,"comment_status":"closed","ping_status":"closed","sticky":false,"template":"","format":"standard","meta":{"footnotes":""},"categories":[26,23],"tags":[],"class_list":["post-546042","post","type-post","status-publish","format-standard","has-post-thumbnail","hentry","category-efemerides","category-internacional"],"_links":{"self":[{"href":"https:\/\/diariodominicano.com\/index.php?rest_route=\/wp\/v2\/posts\/546042","targetHints":{"allow":["GET"]}}],"collection":[{"href":"https:\/\/diariodominicano.com\/index.php?rest_route=\/wp\/v2\/posts"}],"about":[{"href":"https:\/\/diariodominicano.com\/index.php?rest_route=\/wp\/v2\/types\/post"}],"author":[{"embeddable":true,"href":"https:\/\/diariodominicano.com\/index.php?rest_route=\/wp\/v2\/users\/28"}],"replies":[{"embeddable":true,"href":"https:\/\/diariodominicano.com\/index.php?rest_route=%2Fwp%2Fv2%2Fcomments&post=546042"}],"version-history":[{"count":1,"href":"https:\/\/diariodominicano.com\/index.php?rest_route=\/wp\/v2\/posts\/546042\/revisions"}],"predecessor-version":[{"id":546044,"href":"https:\/\/diariodominicano.com\/index.php?rest_route=\/wp\/v2\/posts\/546042\/revisions\/546044"}],"wp:featuredmedia":[{"embeddable":true,"href":"https:\/\/diariodominicano.com\/index.php?rest_route=\/wp\/v2\/media\/546043"}],"wp:attachment":[{"href":"https:\/\/diariodominicano.com\/index.php?rest_route=%2Fwp%2Fv2%2Fmedia&parent=546042"}],"wp:term":[{"taxonomy":"category","embeddable":true,"href":"https:\/\/diariodominicano.com\/index.php?rest_route=%2Fwp%2Fv2%2Fcategories&post=546042"},{"taxonomy":"post_tag","embeddable":true,"href":"https:\/\/diariodominicano.com\/index.php?rest_route=%2Fwp%2Fv2%2Ftags&post=546042"}],"curies":[{"name":"wp","href":"https:\/\/api.w.org\/{rel}","templated":true}]}}