{"id":546039,"date":"2024-07-18T17:37:09","date_gmt":"2024-07-18T21:37:09","guid":{"rendered":"https:\/\/diariodominicano.com\/?p=546039"},"modified":"2024-07-18T17:37:22","modified_gmt":"2024-07-18T21:37:22","slug":"falta-de-materias-primas-limita-produccion-de-alimentos-en-cuba","status":"publish","type":"post","link":"https:\/\/diariodominicano.com\/?p=546039","title":{"rendered":"Falta de materias primas limita producci\u00f3n de alimentos en Cuba"},"content":{"rendered":"\n<p>La Habana, 18 jul (Prensa Latina) El d\u00e9ficit de materias primas nacionales y las dificultades para acceder a insumos de importaci\u00f3n limitan el desempe\u00f1o eficiente del ministerio de la Industria Alimentaria en Cuba, seg\u00fan se\u00f1ala un informe oficial revelado hoy.<\/p>\n\n\n\n<ul class=\"wp-block-list\">\n<li><a href=\"https:\/\/www.prensa-latina.cu\/2024\/07\/18\/\"><time>julio 18, 2024 | 10:46<\/time><\/a><\/li>\n<\/ul>\n\n\n\n<ul class=\"wp-block-list\">\n<li>Fotos: Vladimir Molina Espada (FotosPL)<\/li>\n<\/ul>\n\n\n\n<ul class=\"wp-block-list\">\n<li><a href=\"https:\/\/www.prensa-latina.cu\/2024\/07\/18\/falta-de-materias-primas-limita-produccion-de-alimentos-en-cuba\/#\"><\/a><\/li>\n\n\n\n<li><a href=\"https:\/\/www.prensa-latina.cu\/2024\/07\/18\/falta-de-materias-primas-limita-produccion-de-alimentos-en-cuba\/#\"><\/a><\/li>\n\n\n\n<li><a href=\"https:\/\/www.prensa-latina.cu\/2024\/07\/18\/falta-de-materias-primas-limita-produccion-de-alimentos-en-cuba\/#\"><\/a><\/li>\n\n\n\n<li><a href=\"https:\/\/www.prensa-latina.cu\/2024\/07\/18\/falta-de-materias-primas-limita-produccion-de-alimentos-en-cuba\/#\"><\/a><\/li>\n<\/ul>\n\n\n\n<p><a href=\"https:\/\/www.prensa-latina.cu\/2024\/07\/18\/diaz-canel-en-segunda-jornada-de-debates-parlamentarios-en-cuba\/\">D\u00edaz-Canel en segunda jornada de debates parlamentarios en Cuba (+Foto)<\/a><\/p>\n\n\n\n<p>Al comunicar los resultados de la fiscalizaci\u00f3n a ese Ministerio, en la Asamblea Nacional del Poder Popular (ANPP, Parlamento), el presidente de la Comisi\u00f3n Permanente de Agroalimentaria, Ram\u00f3n Aguilar, afirm\u00f3 que esos problemas obstaculizan el crecimiento de la producci\u00f3n de alimentos.<\/p>\n\n\n\n<p>De acuerdo con su informaci\u00f3n, en ese sector hay una alta obsolescencia t\u00e9cnica y enfrenta otras carencias, como la falta de control y los bajos salarios de los trabajadores, que conspiran contra el desarrollo de la mayor\u00eda de sus actividades. Asimismo, el texto asegura que avanza la implementaci\u00f3n de medidas para promover la actividad pesquera no estatal, entre las que destaca la autorizaci\u00f3n de servicios de construcci\u00f3n y reparaci\u00f3n de embarcaciones.<\/p>\n\n\n\n<p>Tambi\u00e9n, la autorizaci\u00f3n a las personas naturales a importar motores de hasta 60 caballos de fuerza, sin car\u00e1cter comercial, y la creaci\u00f3n de condiciones para la venta mayorista de artes de pesca, medios de protecci\u00f3n y otros insumos.<\/p>\n\n\n\n<p>Por otra parte, destaca que, \u201cen el empe\u00f1o de aportar a la Soberan\u00eda Alimentaria y Seguridad Alimentaria y Nutricional de la naci\u00f3n, se requiere una mayor integraci\u00f3n y sistematicidad\u00bb en la aplicaci\u00f3n del Programa de Desarrollo de la Acuicultura.<\/p>\n\n\n\n<p>Entre los problemas que impiden el avance del Programa, explica, est\u00e1n las dificultades para explotar totalmente los embalses, completar las plantillas de trabajadores y aumentar las condiciones de vida de los pescadores.<\/p>\n\n\n\n<p>Respecto al acopio de leche para la industria en 2023, subraya que \u201calcanz\u00f3 el 67.2 por ciento de lo contratado, gener\u00e1ndose afectaciones en los principales destinos y represent\u00f3 menos del 50 por ciento de lo demandado para la canasta b\u00e1sica\u201d.<\/p>\n\n\n\n<p>Acerca de la producci\u00f3n de carne, apunta que \u201cmil 500 productores incumplieron los compromisos pactados el a\u00f1o pasado\u201d e indica que hasta marzo \u00faltimo, se ha entregado poco m\u00e1s del 50 por ciento de las toneladas de carne vacuna previstas.<\/p>\n\n\n\n<p>El informe del ejercicio de la m\u00e1s alta fiscalizaci\u00f3n al ministerio de la Industria Alimentaria, fue el primer punto de la segunda fecha del Tercer Per\u00edodo de Sesiones del Parlamento, en su d\u00e9cima legislatura.<\/p>\n\n\n\n<p>La v\u00edspera, en la jornada inicial, los parlamentarios debatieron las acciones del Gobierno para dinamizar la econom\u00eda, el informe del primer semestre de 2024 y el reporte de la ejecuci\u00f3n del presupuesto del Estado, entre otros temas.<\/p>\n\n\n\n<p>Este jueves, adem\u00e1s, continuar\u00e1n los debates de temas trascendentes para la vida de la naci\u00f3n, un ejercicio que concluir\u00e1 el venidero s\u00e1bado.<\/p>\n\n\n\n<p>mem\/raj<\/p>\n","protected":false},"excerpt":{"rendered":"<p>La Habana, 18 jul (Prensa Latina) El d\u00e9ficit de materias primas nacionales y las dificultades para acceder a insumos de importaci\u00f3n limitan el desempe\u00f1o eficiente del ministerio de la Industria Alimentaria en Cuba, seg\u00fan se\u00f1ala un informe oficial revelado hoy. D\u00edaz-Canel en segunda jornada de debates parlamentarios en Cuba (+Foto) Al comunicar los resultados de [&hellip;]<\/p>\n","protected":false},"author":28,"featured_media":546040,"comment_status":"closed","ping_status":"closed","sticky":true,"template":"","format":"standard","meta":{"footnotes":""},"categories":[18,23,27],"tags":[],"class_list":["post-546039","post","type-post","status-publish","format-standard","has-post-thumbnail","hentry","category-economia","category-internacional","category-portada"],"_links":{"self":[{"href":"https:\/\/diariodominicano.com\/index.php?rest_route=\/wp\/v2\/posts\/546039","targetHints":{"allow":["GET"]}}],"collection":[{"href":"https:\/\/diariodominicano.com\/index.php?rest_route=\/wp\/v2\/posts"}],"about":[{"href":"https:\/\/diariodominicano.com\/index.php?rest_route=\/wp\/v2\/types\/post"}],"author":[{"embeddable":true,"href":"https:\/\/diariodominicano.com\/index.php?rest_route=\/wp\/v2\/users\/28"}],"replies":[{"embeddable":true,"href":"https:\/\/diariodominicano.com\/index.php?rest_route=%2Fwp%2Fv2%2Fcomments&post=546039"}],"version-history":[{"count":1,"href":"https:\/\/diariodominicano.com\/index.php?rest_route=\/wp\/v2\/posts\/546039\/revisions"}],"predecessor-version":[{"id":546041,"href":"https:\/\/diariodominicano.com\/index.php?rest_route=\/wp\/v2\/posts\/546039\/revisions\/546041"}],"wp:featuredmedia":[{"embeddable":true,"href":"https:\/\/diariodominicano.com\/index.php?rest_route=\/wp\/v2\/media\/546040"}],"wp:attachment":[{"href":"https:\/\/diariodominicano.com\/index.php?rest_route=%2Fwp%2Fv2%2Fmedia&parent=546039"}],"wp:term":[{"taxonomy":"category","embeddable":true,"href":"https:\/\/diariodominicano.com\/index.php?rest_route=%2Fwp%2Fv2%2Fcategories&post=546039"},{"taxonomy":"post_tag","embeddable":true,"href":"https:\/\/diariodominicano.com\/index.php?rest_route=%2Fwp%2Fv2%2Ftags&post=546039"}],"curies":[{"name":"wp","href":"https:\/\/api.w.org\/{rel}","templated":true}]}}