{"id":545946,"date":"2024-07-18T11:22:32","date_gmt":"2024-07-18T15:22:32","guid":{"rendered":"https:\/\/diariodominicano.com\/?p=545946"},"modified":"2024-07-18T12:34:59","modified_gmt":"2024-07-18T16:34:59","slug":"ministerio-publico-obtiene-prision-preventiva-contra-portugues-y-dominicana-cabecillas-de-red-de-explotacion-sexual-infantil","status":"publish","type":"post","link":"https:\/\/diariodominicano.com\/?p=545946","title":{"rendered":"Ministerio P\u00fablico obtiene prisi\u00f3n preventiva contra portugu\u00e9s y dominicana cabecillas de red de explotaci\u00f3n sexual infantil"},"content":{"rendered":"\n<p>diariodominicano.com<\/p>\n\n\n\n<p>San Pedro de Macor\u00eds, R. D.,\u200218 de julio, 2024.- A solicitud del Ministerio P\u00fablico, la Oficina Judicial de Servicios de Atenci\u00f3n Permanente de esta jurisdicci\u00f3n le impuso tres meses de prisi\u00f3n preventiva a un hombre de nacionalidad portuguesa y a una ciudadana dominicana cabecillas de una red de explotaci\u00f3n sexual infantil.<\/p>\n\n\n\n<p>La jueza Darlis Altagracia Eusebio V\u00e1squez le impuso la prisi\u00f3n preventiva al portugu\u00e9s Fernando Jos\u00e9 de Jes\u00fas Ferreira y a la dominicana Eliana N\u00fa\u00f1ez Almonte, quienes son procesados por la actividad delictiva cometida contra unas cuatro adolescentes, cuyos nombres se omiten para proteger su identidad.<\/p>\n\n\n\n<p>De Jes\u00fas Ferreira deber\u00e1 cumplir la medida de coerci\u00f3n en el Centro de Correcci\u00f3n y Rehabilitaci\u00f3n (CCR) de San Pedro de Macor\u00eds, mientras que N\u00fa\u00f1ez Almonte en el Centro de Privaci\u00f3n de Libertad (CPL) para Mujeres, de Hig\u00fcey, en la provincia La Altagracia.<\/p>\n\n\n\n<p>La procuradora de corte de apelaci\u00f3n Yoanna Bejar\u00e1n \u00c1lvarez, titular de la Procuradur\u00eda Especializada contra el Tr\u00e1fico Il\u00edcito de Migrantes y la Trata de Personas (PETT), la fiscal de San Pedro de Macor\u00eds, Katherin Vallejo, y la fiscal de la PETT, Aleika Almonte, sustentaron la solicitud de la medida privativa de libertad con diferentes pruebas testimoniales, materiales, periciales y documentales.<\/p>\n\n\n\n<p>La instancia con la solicitud de medida de coerci\u00f3n detalla que luego de recibir la denuncia el pasado 1 de julio, la PETT y la Fiscal\u00eda de San Pedro de Macor\u00eds iniciaron de inmediato la investigaci\u00f3n del caso, logrando rescatar a las v\u00edctimas y apresar a los procesados en una villa propiedad de De Jes\u00fas Ferreira.<\/p>\n\n\n\n<p>Las j\u00f3venes eran trasladadas desde localidades del norte del pa\u00eds hasta una zona tur\u00edstica de la regi\u00f3n este.<\/p>\n\n\n\n<p>De acuerdo con las investigaciones, en dicho lugar las v\u00edctimas eran obligadas a recibir clientes extranjeros y servirles sexualmente y no pod\u00edan salir por su voluntad por las restricciones que les impon\u00edan los imputados.<\/p>\n\n\n\n<p>En el proceso se ha establecido que una de las v\u00edctimas le dijo al imputado De Jes\u00fas&nbsp; Ferreira que quer\u00eda salir del lugar y que este le dijo que para ello ten\u00eda que pagar 11 mil pesos.<\/p>\n\n\n\n<p>Durante las pesquisas tambi\u00e9n se ha determinado que dicho imputado era la persona que fung\u00eda como jefe del grupo delictivo dedicado a la explotaci\u00f3n sexual de menores de edad.<\/p>\n\n\n\n<p>El hoy procesado era la persona que recib\u00eda a las v\u00edctimas y les pagaba un por ciento del cobro que realizaba por los servicios sexuales que recib\u00edan los clientes que llegaban al lugar, esto teniendo como mano derecha a la nombrada N\u00fa\u00f1ez Almonte, quien dirig\u00eda y administraba a las v\u00edctimas.<\/p>\n\n\n\n<p>Los procesados cobraban entre 100 y 200 d\u00f3lares por cada salida o encuentro sexual de las v\u00edctimas, y RD$10,000.00 por amanecida, pero estas no pod\u00edan salir de lugar sin informarlo, debiendo pagar una multa de RD$500.00 si llegaban tarde, multa que adem\u00e1s les cobraban por cualquier otra causa que ellos mismos dispon\u00edan. En el lugar adem\u00e1s se vend\u00edan bebidas alcoh\u00f3licas.<\/p>\n\n\n\n<p>El caso ha recibido la calificaci\u00f3n jur\u00eddica de violaci\u00f3n a los art\u00edculos 265 y 266 del C\u00f3digo Penal Dominicano, que tipifican la asociaci\u00f3n de malhechores, art\u00edculos 1, 3 y 7 letra (C) y (D), de la Ley 137-03 sobre Tr\u00e1fico Il\u00edcito de Migrantes y Trata de Personas, los cuales tipifican \u201cLa Trata de Personas Agravada, por tratarse de crimen organizado, as\u00ed como por la pluralidad de v\u00edctima\u201d, y el art\u00edculo 410 de&nbsp; la referida Ley 136-03, que sanciona la explotaci\u00f3n sexual comercial de los ni\u00f1os, ni\u00f1as y adolescentes.<\/p>\n\n\n\n<p><strong>Direcci\u00f3n General de Comunicaci\u00f3n, Prensa, y RRPP<\/strong><strong><\/strong><\/p>\n\n\n\n<p>Ministerio P\u00fablico. R.D.<\/p>\n\n\n\n<p>Jueves, 18 de julio de 2024.<\/p>\n","protected":false},"excerpt":{"rendered":"<p>diariodominicano.com San Pedro de Macor\u00eds, R. D.,\u200218 de julio, 2024.- A solicitud del Ministerio P\u00fablico, la Oficina Judicial de Servicios de Atenci\u00f3n Permanente de esta jurisdicci\u00f3n le impuso tres meses de prisi\u00f3n preventiva a un hombre de nacionalidad portuguesa y a una ciudadana dominicana cabecillas de una red de explotaci\u00f3n sexual infantil. La jueza Darlis [&hellip;]<\/p>\n","protected":false},"author":5,"featured_media":295291,"comment_status":"closed","ping_status":"closed","sticky":true,"template":"","format":"standard","meta":{"footnotes":""},"categories":[24,27],"tags":[],"class_list":["post-545946","post","type-post","status-publish","format-standard","has-post-thumbnail","hentry","category-justicia-y-derecho","category-portada"],"_links":{"self":[{"href":"https:\/\/diariodominicano.com\/index.php?rest_route=\/wp\/v2\/posts\/545946","targetHints":{"allow":["GET"]}}],"collection":[{"href":"https:\/\/diariodominicano.com\/index.php?rest_route=\/wp\/v2\/posts"}],"about":[{"href":"https:\/\/diariodominicano.com\/index.php?rest_route=\/wp\/v2\/types\/post"}],"author":[{"embeddable":true,"href":"https:\/\/diariodominicano.com\/index.php?rest_route=\/wp\/v2\/users\/5"}],"replies":[{"embeddable":true,"href":"https:\/\/diariodominicano.com\/index.php?rest_route=%2Fwp%2Fv2%2Fcomments&post=545946"}],"version-history":[{"count":1,"href":"https:\/\/diariodominicano.com\/index.php?rest_route=\/wp\/v2\/posts\/545946\/revisions"}],"predecessor-version":[{"id":545947,"href":"https:\/\/diariodominicano.com\/index.php?rest_route=\/wp\/v2\/posts\/545946\/revisions\/545947"}],"wp:featuredmedia":[{"embeddable":true,"href":"https:\/\/diariodominicano.com\/index.php?rest_route=\/wp\/v2\/media\/295291"}],"wp:attachment":[{"href":"https:\/\/diariodominicano.com\/index.php?rest_route=%2Fwp%2Fv2%2Fmedia&parent=545946"}],"wp:term":[{"taxonomy":"category","embeddable":true,"href":"https:\/\/diariodominicano.com\/index.php?rest_route=%2Fwp%2Fv2%2Fcategories&post=545946"},{"taxonomy":"post_tag","embeddable":true,"href":"https:\/\/diariodominicano.com\/index.php?rest_route=%2Fwp%2Fv2%2Ftags&post=545946"}],"curies":[{"name":"wp","href":"https:\/\/api.w.org\/{rel}","templated":true}]}}