{"id":545923,"date":"2024-07-18T10:46:47","date_gmt":"2024-07-18T14:46:47","guid":{"rendered":"https:\/\/diariodominicano.com\/?p=545923"},"modified":"2024-07-18T10:46:53","modified_gmt":"2024-07-18T14:46:53","slug":"imponen-12-meses-de-prision-preventiva-a-dos-hombres-por-explotacion-sexual-de-45-mujeres-extranjeras","status":"publish","type":"post","link":"https:\/\/diariodominicano.com\/?p=545923","title":{"rendered":"Imponen 12 meses de prisi\u00f3n preventiva a dos hombres por explotaci\u00f3n sexual de 45 mujeres extranjeras"},"content":{"rendered":"\n<p>diariodominicano.com<\/p>\n\n\n\n<p>Santo Domingo (R.D.) jueves, 18 de julio de 2024. El Ministerio P\u00fablico logr\u00f3 que la Oficina Judicial de Servicios de Atenci\u00f3n Permanente de Santiago impusiera 12 meses de prisi\u00f3n preventiva a dos hombres acusados, provisionalmente, de proxenetismo y explotaci\u00f3n sexual agravada contra 45 mujeres, 43 de ellas de nacionalidad colombiana y dos venezolanas.<\/p>\n\n\n\n<p>Seg\u00fan el expediente, presentado por la Fiscal\u00eda de Santiago, los imputados Junior David Matos Monegro, alias, \u201cJunior\u201d y Estarly Alm\u00e1nzar P\u00e9rez dirig\u00edan una organizaci\u00f3n criminal dedicada a captar mujeres a quienes controlaban y explotaban sexualmente en apartamentos ubicados en los residenciales Los Rieles de Gurabo, de Santiago.<\/p>\n\n\n\n<p>El juez Jos\u00e9 Rafael D&#8217;As\u00eds expuso que el Ministerio P\u00fablico aport\u00f3 elementos suficientes para que el tribunal&nbsp; impusiera la medida, lo que se ajusta a una investigaci\u00f3n rigurosa, por lo que declar\u00f3 el caso complejo.<\/p>\n\n\n\n<p>Durante los allanamientos los organismos involucrados se incautaron de m\u00e1s de 300 pruebas, entre materiales, documentales y otras testimoniales, que vinculan a los imputados con la actividad criminal.<\/p>\n\n\n\n<p>Adem\u00e1s, el tribunal orden\u00f3 el secuestro de los bienes incautados durante la ejecuci\u00f3n de unos 15 allanamientos.<\/p>\n\n\n\n<p>La Fiscal\u00eda trabaja el caso en coordinaci\u00f3n con la Procuradur\u00eda Especializada Contra el Tr\u00e1fico Il\u00edcito de Migrantes y la Trata de Personas y la Polic\u00eda Nacional.<\/p>\n\n\n\n<p>El Ministerio P\u00fablico present\u00f3 contra los imputados cargos provisionales por violaci\u00f3n a los art\u00edculos 1 (literales A y H), 3 y 7 (literales B y C) de la Ley 137-03, sobre Tr\u00e1fico Il\u00edcito de Migrantes y Trata de Personas, y los art\u00edculos 265, 266, 333, 334 y 334-1 del C\u00f3digo Penal Dominicano, que tipifican la asociaci\u00f3n de malhechores y el proxenetismo, en perjuicio de las v\u00edctimas y del Estado dominicano. Adem\u00e1s, le imputa a Matos Monegro la violaci\u00f3n al art\u00edculo 66 de la Ley 631-16 sobre Control y Regulaci\u00f3n de Armas de Fuego, Municiones y Materiales Relacionados.<\/p>\n\n\n\n<p>Situaci\u00f3n de las extranjeras<\/p>\n\n\n\n<p>Sobre la situaci\u00f3n de las extranjeras rescatadas, el Ministerio P\u00fablico explica que en ning\u00fan momento fueron detenidas, solo trasladadas a distintas casas de acogidas pertenecientes al Ministerio de la Mujer, para que tuvieran un techo y comida mientras toman la decisi\u00f3n de retornar a sus respectivos pa\u00edses o de quedarse en la Rep\u00fablica Dominicana.<\/p>\n\n\n\n<p>Actualmente, 35 mujeres contin\u00faan en hogares de acogida, divididas en dos grupos; 20 en una casa (19 colombianas y una venezolana).<\/p>\n\n\n\n<p>Y las restantes 15 en otra diferente.<\/p>\n\n\n\n<p>Las dem\u00e1s rescatadas decidieron retornar a sus respectivos pa\u00edses de manera voluntaria, tal y como pueden hacerlo en cualquier momento las que a\u00fan permanecen en los hogares.<\/p>\n\n\n\n<p>De igual forma, el MP inform\u00f3 que las embajadas de los dos pa\u00edses, a los que pertenecen las mujeres rescatadas, tuvieron conocimiento en todo momento de las acciones de las autoridades dominicanas.<\/p>\n\n\n\n<p><strong>Direcci\u00f3n General de Comunicaci\u00f3n, Prensa, y RRPP<\/strong><strong><\/strong><\/p>\n\n\n\n<p>Ministerio P\u00fablico. R.D.<\/p>\n\n\n\n<p>Jueves, 18 de julio de 2024.<\/p>\n","protected":false},"excerpt":{"rendered":"<p>diariodominicano.com Santo Domingo (R.D.) jueves, 18 de julio de 2024. El Ministerio P\u00fablico logr\u00f3 que la Oficina Judicial de Servicios de Atenci\u00f3n Permanente de Santiago impusiera 12 meses de prisi\u00f3n preventiva a dos hombres acusados, provisionalmente, de proxenetismo y explotaci\u00f3n sexual agravada contra 45 mujeres, 43 de ellas de nacionalidad colombiana y dos venezolanas. Seg\u00fan [&hellip;]<\/p>\n","protected":false},"author":5,"featured_media":469415,"comment_status":"closed","ping_status":"closed","sticky":true,"template":"","format":"standard","meta":{"footnotes":""},"categories":[24,27],"tags":[],"class_list":["post-545923","post","type-post","status-publish","format-standard","has-post-thumbnail","hentry","category-justicia-y-derecho","category-portada"],"_links":{"self":[{"href":"https:\/\/diariodominicano.com\/index.php?rest_route=\/wp\/v2\/posts\/545923","targetHints":{"allow":["GET"]}}],"collection":[{"href":"https:\/\/diariodominicano.com\/index.php?rest_route=\/wp\/v2\/posts"}],"about":[{"href":"https:\/\/diariodominicano.com\/index.php?rest_route=\/wp\/v2\/types\/post"}],"author":[{"embeddable":true,"href":"https:\/\/diariodominicano.com\/index.php?rest_route=\/wp\/v2\/users\/5"}],"replies":[{"embeddable":true,"href":"https:\/\/diariodominicano.com\/index.php?rest_route=%2Fwp%2Fv2%2Fcomments&post=545923"}],"version-history":[{"count":1,"href":"https:\/\/diariodominicano.com\/index.php?rest_route=\/wp\/v2\/posts\/545923\/revisions"}],"predecessor-version":[{"id":545933,"href":"https:\/\/diariodominicano.com\/index.php?rest_route=\/wp\/v2\/posts\/545923\/revisions\/545933"}],"wp:featuredmedia":[{"embeddable":true,"href":"https:\/\/diariodominicano.com\/index.php?rest_route=\/wp\/v2\/media\/469415"}],"wp:attachment":[{"href":"https:\/\/diariodominicano.com\/index.php?rest_route=%2Fwp%2Fv2%2Fmedia&parent=545923"}],"wp:term":[{"taxonomy":"category","embeddable":true,"href":"https:\/\/diariodominicano.com\/index.php?rest_route=%2Fwp%2Fv2%2Fcategories&post=545923"},{"taxonomy":"post_tag","embeddable":true,"href":"https:\/\/diariodominicano.com\/index.php?rest_route=%2Fwp%2Fv2%2Ftags&post=545923"}],"curies":[{"name":"wp","href":"https:\/\/api.w.org\/{rel}","templated":true}]}}