{"id":545910,"date":"2024-07-18T10:06:39","date_gmt":"2024-07-18T14:06:39","guid":{"rendered":"https:\/\/diariodominicano.com\/?p=545910"},"modified":"2024-07-18T10:06:44","modified_gmt":"2024-07-18T14:06:44","slug":"biden-estudia-formas-de-remodelar-la-corte-suprema-de-eeuu","status":"publish","type":"post","link":"https:\/\/diariodominicano.com\/?p=545910","title":{"rendered":"Biden estudia formas de remodelar la Corte Suprema de EEUU"},"content":{"rendered":"\n<p>ARCHIVO &#8211; Los jueces de la Corte Suprema de Estados Unidos con su presidente John Roberts, al centro, posan para un retrato institucional el 7 de octubre de 2022.<\/p>\n\n\n\n<p>julio 18, 2024<\/p>\n\n\n\n<ul class=\"wp-block-list\">\n<li><a href=\"https:\/\/www.vozdeamerica.com\/author\/ken-bredemeier\/tik__\">Ken Bredemeier<\/a><\/li>\n\n\n\n<li><\/li>\n\n\n\n<li><a href=\"mailto:?body=https%3a%2f%2fwww.vozdeamerica.com%2fa%2fbiden-estudia-formas-de-remodelar-la-corte-suprema-eeuu%2f7703011.html&amp;subject=Biden%20estudia%20formas%20de%20remodelar%20la%20Corte%20Suprema%20de%20EEUU\"><\/a><\/li>\n<\/ul>\n\n\n\n<p><a href=\"https:\/\/www.vozdeamerica.com\/a\/biden-estudia-formas-de-remodelar-la-corte-suprema-eeuu\/7703011.html#comments\">&nbsp;Vea comentarios<\/a><\/p>\n\n\n\n<p>El presidente de EEUU, Joe Biden, busca apoyo entre sus aliados del Congreso para hacer reformas a la Corte Suprema de Justicia que conlleve l\u00edmites de mandatos de los jueces y establecer un c\u00f3digo de \u00e9tica aplicable, luego de sonados casos que involucran a jueces del Supremo.<\/p>\n\n\n\n<p>El presidente de Estados Unidos, Joe Biden, est\u00e1 sopesando propuestas radicales para remodelar la Corte Suprema, incluido el establecimiento de l\u00edmites de mandato para los nueve jueces que ahora tienen nombramientos vitalicios y la&nbsp;<strong><em><a href=\"https:\/\/www.vozdeamerica.com\/a\/el-juez-clarence-thomas-dice-no-revelar-viajes-lujo\/7041168.html\" target=\"_blank\" rel=\"noreferrer noopener\">promulgaci\u00f3n de un c\u00f3digo de \u00e9tica aplicable.<\/a><\/em><\/strong><\/p>\n\n\n\n<p>Seg\u00fan informes de la prensa estadounidense, Biden dijo a los miembros del Caucus Progresista del Congreso el fin de semana pasado: \u00abVoy a necesitar su ayuda en la Corte Suprema, porque estoy a punto de salir&#8230; No quiero anunciarlo prematuramente, pero estoy a punto de presentar una iniciativa importante sobre la limitaci\u00f3n de la corte y lo que hacemos\u00bb.<\/p>\n\n\n\n<p>Biden agreg\u00f3: \u00abHe estado trabajando con acad\u00e9micos constitucionales durante los \u00faltimos tres meses y necesito ayuda\u00bb.<\/p>\n\n\n\n<p>Biden fue una vez el presidente de la Comisi\u00f3n Judicial del Senado que celebr\u00f3 audiencias de confirmaci\u00f3n de los nominados a la Corte Suprema nombrados por los presidentes de Estados Unidos. Durante mucho tiempo ha sido considerado un institucionalista y se resisti\u00f3 a las sugerencias de ampliar el tama\u00f1o de la corte y nombrar a m\u00e1s liberales para socavar la actual mayor\u00eda conservadora de 6-3.<\/p>\n\n\n\n<p><a href=\"https:\/\/www.vozdeamerica.com\/a\/corte-suprema-eeuu-autoriza-ciudades-prohiban-personas-sin-hogar-duerman-aire-libre-\/7677567.html\"><\/a><\/p>\n\n\n\n<p><a href=\"https:\/\/www.vozdeamerica.com\/a\/corte-suprema-eeuu-autoriza-ciudades-prohiban-personas-sin-hogar-duerman-aire-libre-\/7677567.html\">TAMBI\u00c9N LEA<\/a><\/p>\n\n\n\n<h4 class=\"wp-block-heading\"><a href=\"https:\/\/www.vozdeamerica.com\/a\/corte-suprema-eeuu-autoriza-ciudades-prohiban-personas-sin-hogar-duerman-aire-libre-\/7677567.html\">Corte Suprema EEUU autoriza que ciudades proh\u00edban que personas sin hogar duerman al aire libre<\/a><\/h4>\n\n\n\n<p>Biden no parece haber cambiado de opini\u00f3n en su oposici\u00f3n a la ampliaci\u00f3n de la corte.<\/p>\n\n\n\n<p>Pero cualquier cambio que sugiera durante su campa\u00f1a electoral presidencial contra el ex presidente Donald Trump seguramente no se promulgar\u00eda de inmediato, dada la escasa mayor\u00eda que los dem\u00f3cratas tienen en el Senado y el hecho de que los republicanos tienen una estrecha mayor\u00eda en la C\u00e1mara de Representantes.<\/p>\n\n\n\n<p>Tal vez una posibilidad a\u00fan m\u00e1s remota para Biden ser\u00eda tratar de&nbsp;<em><strong><a href=\"https:\/\/www.vozdeamerica.com\/a\/un-anio-trascendental-para-la-corte-suprema-de-eeuu-2023\/6901007.html\" target=\"_blank\" rel=\"noreferrer noopener\">promulgar cambios<\/a><\/strong><\/em>&nbsp;a trav\u00e9s de una enmienda constitucional, que requiere el apoyo de dos tercios de ambas c\u00e1maras del Congreso, o por una convenci\u00f3n de dos tercios de los estados, y luego la aprobaci\u00f3n de tres cuartas partes de las legislaturas estatales.<\/p>\n\n\n\n<p>Como prometi\u00f3 durante su campa\u00f1a de 2020, Biden cre\u00f3 una comisi\u00f3n para estudiar la reforma judicial, y aunque emiti\u00f3 un extenso informe, el panel no hizo ninguna recomendaci\u00f3n espec\u00edfica y Biden no tom\u00f3 ninguna medida.<\/p>\n\n\n\n<p>Desde entonces, los dem\u00f3cratas como Biden se han sentido cada vez m\u00e1s consternados por el movimiento decisivo de la corte hacia fallos conservadores, especialmente la anulaci\u00f3n de un derecho constitucional nacional al aborto, el&nbsp;<strong><em><a href=\"https:\/\/www.vozdeamerica.com\/a\/corte-suprema-de-eeuu-decide-que-es-ilegal-prohibir-los-bump-stocks-que-convierten-las-armas-regulares-en-ametralladoras\/7656134.html\" target=\"_blank\" rel=\"noreferrer noopener\">bloqueo de las medidas de control de armas<\/a><\/em><\/strong>, la eliminaci\u00f3n de la acci\u00f3n afirmativa en las admisiones universitarias, la erosi\u00f3n de su adhesi\u00f3n a los precedentes judiciales, la disminuci\u00f3n de los derechos de minor\u00edas sexuales y, m\u00e1s recientemente, el fallo de que todos los presidentes de Estados Unidos tienen&nbsp;<strong><em><a href=\"https:\/\/www.vozdeamerica.com\/a\/corte-suprema-eeuu-fallo-trump-expresidentes-inmunidad-actos-oficiales\/7680698.html\" target=\"_blank\" rel=\"noreferrer noopener\">inmunidad de enjuiciamiento por actos oficiales.<\/a><\/em><\/strong><\/p>\n\n\n\n<p><a href=\"https:\/\/www.vozdeamerica.com\/a\/corte-suprema-razon-gobierno-biden-disputa-redes-sociales\/7674899.html\"><\/a><\/p>\n\n\n\n<p><a href=\"https:\/\/www.vozdeamerica.com\/a\/corte-suprema-razon-gobierno-biden-disputa-redes-sociales\/7674899.html\">TAMBI\u00c9N LEA<\/a><\/p>\n\n\n\n<h4 class=\"wp-block-heading\"><a href=\"https:\/\/www.vozdeamerica.com\/a\/corte-suprema-razon-gobierno-biden-disputa-redes-sociales\/7674899.html\">EEUU: Corte Suprema le da la raz\u00f3n a gobierno de Biden en disputa sobre redes sociales<\/a><\/h4>\n\n\n\n<p>Las noticias indican que Biden est\u00e1 considerando pedir una enmienda constitucional que podr\u00eda limitar la amplia inmunidad de los presidentes que la corte acaba de sancionar.<\/p>\n\n\n\n<p>No parece que el establecimiento de l\u00edmites a los mandatos, por ejemplo, de 18 a\u00f1os en lugar de nombramientos vitalicios, tenga un efecto inmediato en las decisiones judiciales. Tampoco estaba claro c\u00f3mo las sugerencias de Biden sobre los l\u00edmites de mandato afectar\u00edan a los nueve jueces actuales de la corte, tres de los cuales han estado en la corte durante m\u00e1s de 18 a\u00f1os, un mandato com\u00fanmente sugerido si se imponen l\u00edmites de mandato.<\/p>\n\n\n\n<p>El expresidente Trump critic\u00f3 inmediatamente las sugerencias de reforma judicial de Biden.<\/p>\n\n\n\n<p>\u00abLos dem\u00f3cratas est\u00e1n intentando interferir en las elecciones presidenciales y destruir nuestro sistema de justicia, atacando a su oponente pol\u00edtico, YO, y a nuestra Honorable Corte Suprema\u00bb, dijo en su plataforma Truth Social. \u00abTenemos que luchar por nuestros tribunales justos e independientes y proteger a nuestro pa\u00eds\u00bb, agreg\u00f3.<\/p>\n\n\n\n<p><a href=\"https:\/\/www.vozdeamerica.com\/a\/corte-suprema-eeuu-fallo-trump-expresidentes-inmunidad-actos-oficiales\/7680698.html\"><\/a><\/p>\n\n\n\n<p><a href=\"https:\/\/www.vozdeamerica.com\/a\/corte-suprema-eeuu-fallo-trump-expresidentes-inmunidad-actos-oficiales\/7680698.html\">TAMBI\u00c9N LEA<\/a><\/p>\n\n\n\n<h4 class=\"wp-block-heading\"><a href=\"https:\/\/www.vozdeamerica.com\/a\/corte-suprema-eeuu-fallo-trump-expresidentes-inmunidad-actos-oficiales\/7680698.html\">Supremo de EEUU declara en fallo sobre Trump que expresidentes tienen inmunidad en actos oficiales<\/a><\/h4>\n\n\n\n<p>Aparte de la controversia sobre sus fallos, lo que no es raro en un a\u00f1o electoral estadounidense altamente politizado, los dem\u00f3cratas han criticado a dos de los jueces conservadores por lo que sostienen que son faltas \u00e9ticas.<\/p>\n\n\n\n<p>El juez Clarence Thomas inicialmente no revel\u00f3&nbsp;<strong><em><a href=\"https:\/\/www.vozdeamerica.com\/a\/el-juez-clarence-thomas-dice-no-revelar-viajes-lujo\/7041168.html\" target=\"_blank\" rel=\"noreferrer noopener\">lujosos regalos y viajes de lujo pagados por un magnate<\/a><\/em><\/strong>&nbsp;de bienes ra\u00edces, mientras que la esposa del juez Samuel Alito onde\u00f3 banderas que suger\u00edan lealtad con los alborotadores, en el Capitolio el 6 de enero de 2021, que intentaban anular la certificaci\u00f3n del Congreso de la victoria electoral de Biden en 2020 sobre Trump.<\/p>\n\n\n\n<p>Alito rechaz\u00f3 los llamados dem\u00f3cratas para recusarse de los casos que involucran a Trump.<\/p>\n","protected":false},"excerpt":{"rendered":"<p>ARCHIVO &#8211; Los jueces de la Corte Suprema de Estados Unidos con su presidente John Roberts, al centro, posan para un retrato institucional el 7 de octubre de 2022. julio 18, 2024 &nbsp;Vea comentarios El presidente de EEUU, Joe Biden, busca apoyo entre sus aliados del Congreso para hacer reformas a la Corte Suprema de [&hellip;]<\/p>\n","protected":false},"author":28,"featured_media":545911,"comment_status":"closed","ping_status":"closed","sticky":false,"template":"","format":"standard","meta":{"footnotes":""},"categories":[23,24],"tags":[],"class_list":["post-545910","post","type-post","status-publish","format-standard","has-post-thumbnail","hentry","category-internacional","category-justicia-y-derecho"],"_links":{"self":[{"href":"https:\/\/diariodominicano.com\/index.php?rest_route=\/wp\/v2\/posts\/545910","targetHints":{"allow":["GET"]}}],"collection":[{"href":"https:\/\/diariodominicano.com\/index.php?rest_route=\/wp\/v2\/posts"}],"about":[{"href":"https:\/\/diariodominicano.com\/index.php?rest_route=\/wp\/v2\/types\/post"}],"author":[{"embeddable":true,"href":"https:\/\/diariodominicano.com\/index.php?rest_route=\/wp\/v2\/users\/28"}],"replies":[{"embeddable":true,"href":"https:\/\/diariodominicano.com\/index.php?rest_route=%2Fwp%2Fv2%2Fcomments&post=545910"}],"version-history":[{"count":1,"href":"https:\/\/diariodominicano.com\/index.php?rest_route=\/wp\/v2\/posts\/545910\/revisions"}],"predecessor-version":[{"id":545912,"href":"https:\/\/diariodominicano.com\/index.php?rest_route=\/wp\/v2\/posts\/545910\/revisions\/545912"}],"wp:featuredmedia":[{"embeddable":true,"href":"https:\/\/diariodominicano.com\/index.php?rest_route=\/wp\/v2\/media\/545911"}],"wp:attachment":[{"href":"https:\/\/diariodominicano.com\/index.php?rest_route=%2Fwp%2Fv2%2Fmedia&parent=545910"}],"wp:term":[{"taxonomy":"category","embeddable":true,"href":"https:\/\/diariodominicano.com\/index.php?rest_route=%2Fwp%2Fv2%2Fcategories&post=545910"},{"taxonomy":"post_tag","embeddable":true,"href":"https:\/\/diariodominicano.com\/index.php?rest_route=%2Fwp%2Fv2%2Ftags&post=545910"}],"curies":[{"name":"wp","href":"https:\/\/api.w.org\/{rel}","templated":true}]}}