{"id":545883,"date":"2024-07-18T09:20:31","date_gmt":"2024-07-18T13:20:31","guid":{"rendered":"https:\/\/diariodominicano.com\/?p=545883"},"modified":"2024-07-18T09:26:48","modified_gmt":"2024-07-18T13:26:48","slug":"experta-erika-urbaez-advierte-sobre-descenso-en-cifras-de-lactancia-materna-por-brechas-sociales-y-economicas","status":"publish","type":"post","link":"https:\/\/diariodominicano.com\/?p=545883","title":{"rendered":"Especialista  Erika Urb\u00e1ez advierte sobre descenso en cifras de lactancia materna por brechas sociales y econ\u00f3micas"},"content":{"rendered":"\n<figure class=\"wp-block-table\"><table><tbody><tr><td><\/td><\/tr><tr><td><\/td><\/tr><tr><td><em>La Semana Mundial de la Lactancia Materna, decretada por la Organizaci\u00f3n Mundial de la Salud y UNICEF, se celebra del 1 al 7 de agosto.<\/em>\u00a0<br><br>Miami, 18 de julio de 2024.- \u00a0Erika Urb\u00e1ez, especialista en lactancia materna, impulsa la educaci\u00f3n del personal de salud, familias y madres, a trav\u00e9s de su m\u00e9todo PROLACTANCIA, con el cual ha apoyado y brindado informaci\u00f3n a m\u00e1s de un mill\u00f3n de personas.<br><br>Con el lema\u00a0\u00abCerrando la brecha: apoyo a la lactancia materna en todas las situaciones\u00bb,\u00a0la Semana Mundial de la Lactancia Materna, decretada por la Organizaci\u00f3n Mundial de la Salud y UNICEF, se celebra del 1 al 7 de agosto y busca\u00a0reducir la falta de informaci\u00f3n y apoyo desde los hospitales y aumentar la capacitaci\u00f3n del personal de salud que pueda ir de la mano con las madres en el camino de la lactancia.\u00a0<br><br>Esta semana se centra en la importancia de que las madres que lo deseen puedan amamantar sin problema y con \u00e9xito a todos sus hijos, independientemente de sus circunstancias sociales, laborales y familiares.<br><br> La situaci\u00f3n en Estados Unidos, donde la ausencia de legislaci\u00f3n adecuada obstaculiza la pr\u00e1ctica de la lactancia materna tal como lo recomienda la OMS, afecta particularmente a las mujeres latinas, migrantes y a los grupos minoritarios.<br><br>\u00a0Aunque en 2023 se aprob\u00f3 una ley para la extracci\u00f3n de leche durante la jornada laboral, Estados Unidos a\u00fan carece de permisos postnatales protegidos comparables a los de otros pa\u00edses, donde se otorgan al menos 20 semanas. <br><br>En contraste, en EEUU el m\u00e1ximo permitido son 12 semanas, y no siempre son remuneradas.\u00a0Las brechas en la promoci\u00f3n de la lactancia materna son significativas. Falta de informaci\u00f3n y apoyo desde los hospitales, junto con personal de salud insuficientemente capacitado, contribuyen a que muchas madres abandonen la lactancia prematuramente.\u00a0Erika Urb\u00e1ez ha apoyado a m\u00e1s de un mill\u00f3n de familias y profesionales a lo largo de sus charlas, cursos y programas individuales en los \u00faltimos 10 a\u00f1os. <br><br>Su m\u00e9todo PROLACTANCIA ha sido una v\u00eda clave de informaci\u00f3n para muchas madres, proporcion\u00e1ndoles el apoyo necesario para superar los desaf\u00edos de la lactancia.\u00a0Entre las recomendaciones clave que Urb\u00e1ez brinda a las madres sobre la lactancia, destacan:\u00a01.\u00a0\u00a0\u00a0\u00a0Acompa\u00f1amiento desde el embarazo con una experta de confianza.2.\u00a0\u00a0\u00a0\u00a0Investigaci\u00f3n sobre pediatras actualizados en lactancia materna.3.\u00a0\u00a0\u00a0\u00a0Atenci\u00f3n a cualquier dolor o molestia desde el primer d\u00eda.4.\u00a0\u00a0\u00a0\u00a0Consumo de informaci\u00f3n basada en evidencia cient\u00edfica.5.\u00a0\u00a0\u00a0Conocimiento de los derechos de cobertura con seguro m\u00e9dico para consultoras de lactancia.\u00a0<br><br><strong>Desaf\u00edos y futuro\u00a0<\/strong><br><br>El mayor reto sigue siendo la falta de legislaci\u00f3n y apoyo adecuado, as\u00ed como la difusi\u00f3n de informaci\u00f3n no cient\u00edfica en redes sociales. Urb\u00e1ez est\u00e1 comprometida en hacer crecer su comunidad de madres acompa\u00f1adas e informadas, no solo a trav\u00e9s de las redes sociales, sino tambi\u00e9n mediante charlas presenciales en diversas ciudades de Estados Unidos.<br><br>\u00a0Urb\u00e1ez ofrece una variedad de programas, incluyendo acompa\u00f1amiento desde el embarazo, consulta individual, programas de inducci\u00f3n de lactancia para madres adoptivas, atenci\u00f3n a madres de gemelos, y asesor\u00eda de sue\u00f1o infantil. Tambi\u00e9n ofrece acompa\u00f1amiento terap\u00e9utico a las madres basado en terapia hol\u00edstica y entrenamiento en des\u00f3rdenes del estado de \u00e1nimo postparto.\u00a0<br><br>En esta Semana Mundial de la Lactancia Materna, la labor de Erika Urb\u00e1ez y su m\u00e9todo PROLACTANCIA se destacan como una contribuci\u00f3n vital para mejorar las tasas de lactancia materna y apoyar a las madres en su deseo de proporcionar la mejor nutrici\u00f3n a sus hijos.<br><br>\u00a0Para m\u00e1s informaci\u00f3n pueden encontrar datos y recomendaciones en\u00a0<a href=\"https:\/\/michelsuarez.us17.list-manage.com\/track\/click?u=ed4b953a69f2cd18e92677996&amp;id=88f5d4484c&amp;e=634bf03787\" target=\"_blank\" rel=\"noreferrer noopener\">www.mamamprolactancia.com<\/a>, en Instagram y TikTok como @prolactancia y en\u00a0<a href=\"https:\/\/michelsuarez.us17.list-manage.com\/track\/click?u=ed4b953a69f2cd18e92677996&amp;id=ec309af2c9&amp;e=634bf03787\" target=\"_blank\" rel=\"noreferrer noopener\">Youtube.com\/prolactancia<\/a><br><br>\u00a0<strong>SOBRE ERIKA URB\u00c1EZ<\/strong>\u00a0<br><br>Erika Urb\u00e1ez es asesora internacional de lactancia materna y durante los \u00faltimos 11 a\u00f1os, se ha enfocado en educar y ayudar a m\u00e1s de 5.000 madres en el proceso de crianza y otras actividades fundamentales que suelen representar retos en este proceso como lo es el sue\u00f1o de los reci\u00e9n nacidos. Con esa premisa educativa, fund\u00f3 su propio\u00a0m\u00e9todo\u00a0\u2018Prolactancia\u2019 brindando cursos, webinars y una comunidad privada de apoyo durante todo el a\u00f1o para quienes desean llevar una maternidad leve.\u00a0Erika es especialista en lactancia IBCLC, graduada de Celacma \u2013 Unicef, bajo el respaldo de Alba Padr\u00f3 de Lactapp, especializaci\u00f3n que la ha llevado a ser miembro de la United States Lactation Consultant Association (USLCA), a la par de estar certificada en terapia sist\u00e9mica familiar, sue\u00f1o de beb\u00e9s y crianza respetuosa. Estas certificaciones las ha llevado junto a su carrera de base de comunicadora social, la cual le ha brindado herramientas para conectar con miles de madres en este proceso que generalmente desconocen: ser mam\u00e1s por primera vez.\u00a0<br><br><\/td><\/tr><\/tbody><\/table><figcaption class=\"wp-element-caption\">MS Agency<br><a href=\"mailto:comunicados@michelsuarez.com\" target=\"_blank\" rel=\"noreferrer noopener\">comunicados@michelsuarez.co<\/a><\/figcaption><\/figure>\n","protected":false},"excerpt":{"rendered":"<p>La Semana Mundial de la Lactancia Materna, decretada por la Organizaci\u00f3n Mundial de la Salud y UNICEF, se celebra del 1 al 7 de agosto.\u00a0 Miami, 18 de julio de 2024.- \u00a0Erika Urb\u00e1ez, especialista en lactancia materna, impulsa la educaci\u00f3n del personal de salud, familias y madres, a trav\u00e9s de su m\u00e9todo PROLACTANCIA, con el [&hellip;]<\/p>\n","protected":false},"author":28,"featured_media":545884,"comment_status":"closed","ping_status":"closed","sticky":true,"template":"","format":"standard","meta":{"footnotes":""},"categories":[36,25],"tags":[],"class_list":["post-545883","post","type-post","status-publish","format-standard","has-post-thumbnail","hentry","category-hombresmujeresycosas","category-gente"],"_links":{"self":[{"href":"https:\/\/diariodominicano.com\/index.php?rest_route=\/wp\/v2\/posts\/545883","targetHints":{"allow":["GET"]}}],"collection":[{"href":"https:\/\/diariodominicano.com\/index.php?rest_route=\/wp\/v2\/posts"}],"about":[{"href":"https:\/\/diariodominicano.com\/index.php?rest_route=\/wp\/v2\/types\/post"}],"author":[{"embeddable":true,"href":"https:\/\/diariodominicano.com\/index.php?rest_route=\/wp\/v2\/users\/28"}],"replies":[{"embeddable":true,"href":"https:\/\/diariodominicano.com\/index.php?rest_route=%2Fwp%2Fv2%2Fcomments&post=545883"}],"version-history":[{"count":4,"href":"https:\/\/diariodominicano.com\/index.php?rest_route=\/wp\/v2\/posts\/545883\/revisions"}],"predecessor-version":[{"id":545890,"href":"https:\/\/diariodominicano.com\/index.php?rest_route=\/wp\/v2\/posts\/545883\/revisions\/545890"}],"wp:featuredmedia":[{"embeddable":true,"href":"https:\/\/diariodominicano.com\/index.php?rest_route=\/wp\/v2\/media\/545884"}],"wp:attachment":[{"href":"https:\/\/diariodominicano.com\/index.php?rest_route=%2Fwp%2Fv2%2Fmedia&parent=545883"}],"wp:term":[{"taxonomy":"category","embeddable":true,"href":"https:\/\/diariodominicano.com\/index.php?rest_route=%2Fwp%2Fv2%2Fcategories&post=545883"},{"taxonomy":"post_tag","embeddable":true,"href":"https:\/\/diariodominicano.com\/index.php?rest_route=%2Fwp%2Fv2%2Ftags&post=545883"}],"curies":[{"name":"wp","href":"https:\/\/api.w.org\/{rel}","templated":true}]}}