{"id":54584,"date":"2020-03-20T10:06:21","date_gmt":"2020-03-20T10:06:21","guid":{"rendered":"http:\/\/diariodominicano.ddns.net\/?p=54584"},"modified":"2020-03-20T10:06:21","modified_gmt":"2020-03-20T10:06:21","slug":"sanchez-pide-apoyo-para-combatir-gobierno-espanol-de-la-anexion","status":"publish","type":"post","link":"https:\/\/diariodominicano.com\/?p=54584","title":{"rendered":"S\u00e1nchez pide apoyo para combatir Gobierno Espa\u00f1ol de la Anexi\u00f3n"},"content":{"rendered":"<p><body><\/p>\n<p><img decoding=\"async\" src=\"img3\/sanchezarc0.jpg\" \/>  <\/p>\n<p><strong>Diariodominicano.com<\/strong><\/p>\n<p> Francisco del Rosario S\u00e1nchez pidi\u00f3 al Presidente Gefrard, ayuda material para entrar a la Rep\u00fablica Dominicana a combatir el r\u00e9gimen anexionista.<\/p>\n<\/p>\n<p>S\u00e1nchez pide apoyo para combatir Gobierno Espa\u00f1ol de la Anexi\u00f3n<\/p>\n<p><strong>Por HTN<\/strong><\/p>\n<p><strong>Diariodominicano.com<\/strong><\/p>\n<p><strong>S\u00e1nchez pide apoyo para combatir Gobierno Espa\u00f1ol de la Anexi\u00f3n<\/strong><\/p>\n<p><strong> SANTO DOMINGO,  el 20 de marzo de 1861, <\/strong>el pr\u00f3cer Francisco del Rosario S\u00e1nchez pidi\u00f3 ayuda al Gobierno haitiano para combatir al Gobierno de la Anexi\u00f3n a Espa\u00f1a en la Rep\u00fablica Dominicana.<\/p>\n<p>    Francisco del Rosario S\u00e1nchez pidi\u00f3 al Presidente Gefrard, ayuda material para entrar a la Rep\u00fablica Dominicana a combatir el r\u00e9gimen anexionista.<\/p>\n<p>     La Anexi\u00f3n de la Rep\u00fablica Dominicana a Espa\u00f1a hab\u00eda sido  anunciada por el Presidente Pedro Santana, el 18 de marzo de 1861.<\/p>\n<p>    Francisco del Rosario S\u00e1nchez logr\u00f3 el apoyo de Hait\u00ed y encabez\u00f3 una invasi\u00f3n por la regi\u00f3n sur, pero el d\u00eda 3 de julio de 1861 cay\u00f3 en una emboscada y fue fusilado al d\u00eda siguiente junto a un grupo de compa\u00f1eros, el d\u00eda 4 de julio.<\/p>\n<\/p>\n<p>    El grupo fue condenado a muerte por un tribunal militar.    Francisco del Rosario S\u00e1nchez, hab\u00eda sido herido el d\u00eda anterior al caer en una emboscada.<\/p>\n<\/p>\n<p>   El  d\u00eda 3 de julio del a\u00f1o 1861, un Consejo de Guerra, encabezado por el general Domingo L\u00e1zala, lo conden\u00f3 a muerte junto al  grupo de patriotas  que lo acompa\u00f1aron.<\/p>\n<\/p>\n<p>     Adem\u00e1s de Francisco del Rosario S\u00e1nchez, fueron condenados a la pena capital  Juan Erazo, Benigno del Castillo, Francisco (Cefiro) Mart\u00ednez, Jos\u00e9 Antonio Figueroa,  Juan Drag\u00f3n, Le\u00f3n Garc\u00eda, Segundo Alc\u00e1ntara, Jos\u00e9 Corpor\u00e1n, Pedro Zorrilla, Jos\u00e9 de Jes\u00fas Paredes y Juan Gregorio Rinc\u00f3n.<\/p>\n<\/p>\n<p>    Tambi\u00e9n fueron condenados a muerte con el pr\u00f3cer Francisco del Rosario S\u00e1nchez, Rudecindo de Le\u00f3n,  Manuel Baldemora,  Epifanio Jim\u00e9nez,  Romualdo (Tani) Montero, Domingo Pi\u00f1eyro y F\u00e9lix Mota.<\/p>\n<\/p>\n<p>    Francisco del Rosario S\u00e1nchez,  hab\u00eda entrado al pa\u00eds por el valle de San Juan  de la Maguana  en junio de 1861 para luchar contra la anexi\u00f3n de la Rep\u00fablica a Espa\u00f1a.<\/p>\n<\/p>\n<p>    El general Jos\u00e9 Mar\u00eda Cabral, quien formaba parte del plan de S\u00e1nchez, logr\u00f3 huir y se refugi\u00f3 en la vecina Rep\u00fablica de Hait\u00ed.<\/p>\n<\/p>\n<p>     La sentencia del tribunal militar fue ejecutada el  d\u00eda 4 de julio de 1861, cuando S\u00e1nchez y sus compa\u00f1eros fueron fusilados en El Cercado.<\/p>\n<\/p>\n<p>   Desde que se enter\u00f3 de los planes del Presidente Pedro Santana  para anexar el pa\u00eds a Espa\u00f1a, Francisco del Rosario S\u00e1nchez inici\u00f3 un movimiento con el prop\u00f3sito de impedirlo. Luego dej\u00f3 su exilio en Saint Thomas y lleg\u00f3 a Hait\u00ed, para desde all\u00ed entrar al territorio nacional.<\/p>\n<\/p>\n<\/p>\n<\/p>\n<h6> 2020-03-20 10:06:21 <\/h6>\n<p><!--\n<link rel=\"stylesheet\" href=\"css\/bootstrap.min.css\">\n\n\n<ul class=\"pagination\">\n\t    \n\t\n\n<li >\n\t<a href='?page_no=670'>Previous<\/a>\n\t<\/li>\n\n\n       \n    \n\n<li><a href='?page_no=1'>1<\/a><\/li>\n\n\n\n<li><a href='?page_no=2'>2<\/a><\/li>\n\n\n\n<li><a>...<\/a><\/li>\n\n\n\n<li><a href='?page_no=669'>669<\/a><\/li>\n\n\n\n<li><a href='?page_no=670'>670<\/a><\/li>\n\n\n\n<li class='active'><a>671<\/a><\/li>\n\n\n\n<li><a href='?page_no=672'>672<\/a><\/li>\n\n\n\n<li><a href='?page_no=673'>673<\/a><\/li>\n\n\n\n<li><a>...<\/a><\/li>\n\n\n\n<li><a href='?page_no=22911'>22911<\/a><\/li>\n\n\n\n<li><a href='?page_no=22912'>22912<\/a><\/li>\n\n    \n\t\n\n<li >\n\t<a href='?page_no=672'>Next<\/a>\n\t<\/li>\n\n\n    \n\n<li><a href='?page_no=22912'>Last &rsaquo;&rsaquo;<\/a><\/li>\n\n<\/ul>\n\n\n--><br \/>\n<\/body><\/p>\n","protected":false},"excerpt":{"rendered":"<p>Diariodominicano.com Francisco del Rosario S\u00e1nchez pidi\u00f3 al Presidente Gefrard, ayuda material para entrar a la Rep\u00fablica Dominicana a combatir el r\u00e9gimen anexionista. S\u00e1nchez pide apoyo para combatir Gobierno Espa\u00f1ol de la Anexi\u00f3n Por HTN Diariodominicano.com S\u00e1nchez pide apoyo para combatir Gobierno Espa\u00f1ol de la Anexi\u00f3n SANTO DOMINGO, el 20 de marzo de 1861, el pr\u00f3cer [&hellip;]<\/p>\n","protected":false},"author":3,"featured_media":0,"comment_status":"open","ping_status":"open","sticky":false,"template":"","format":"standard","meta":{"footnotes":""},"categories":[21],"tags":[],"class_list":["post-54584","post","type-post","status-publish","format-standard","hentry","category-cultura"],"_links":{"self":[{"href":"https:\/\/diariodominicano.com\/index.php?rest_route=\/wp\/v2\/posts\/54584","targetHints":{"allow":["GET"]}}],"collection":[{"href":"https:\/\/diariodominicano.com\/index.php?rest_route=\/wp\/v2\/posts"}],"about":[{"href":"https:\/\/diariodominicano.com\/index.php?rest_route=\/wp\/v2\/types\/post"}],"author":[{"embeddable":true,"href":"https:\/\/diariodominicano.com\/index.php?rest_route=\/wp\/v2\/users\/3"}],"replies":[{"embeddable":true,"href":"https:\/\/diariodominicano.com\/index.php?rest_route=%2Fwp%2Fv2%2Fcomments&post=54584"}],"version-history":[{"count":0,"href":"https:\/\/diariodominicano.com\/index.php?rest_route=\/wp\/v2\/posts\/54584\/revisions"}],"wp:attachment":[{"href":"https:\/\/diariodominicano.com\/index.php?rest_route=%2Fwp%2Fv2%2Fmedia&parent=54584"}],"wp:term":[{"taxonomy":"category","embeddable":true,"href":"https:\/\/diariodominicano.com\/index.php?rest_route=%2Fwp%2Fv2%2Fcategories&post=54584"},{"taxonomy":"post_tag","embeddable":true,"href":"https:\/\/diariodominicano.com\/index.php?rest_route=%2Fwp%2Fv2%2Ftags&post=54584"}],"curies":[{"name":"wp","href":"https:\/\/api.w.org\/{rel}","templated":true}]}}