{"id":545827,"date":"2024-07-18T00:22:50","date_gmt":"2024-07-18T04:22:50","guid":{"rendered":"https:\/\/diariodominicano.com\/?p=545827"},"modified":"2024-07-18T00:22:55","modified_gmt":"2024-07-18T04:22:55","slug":"crimen-en-el-metro-nyc-baja-un-26-6-en-ultimo-mes","status":"publish","type":"post","link":"https:\/\/diariodominicano.com\/?p=545827","title":{"rendered":"Crimen en el metro NYC baja un 26.6% en \u00faltimo mes"},"content":{"rendered":"\n<p><strong>Por Ram\u00f3n Mercedes<\/strong><\/p>\n\n\n\n<p><strong>NUEVA YORK.-<\/strong>&nbsp;El alcalde de esta ciudad, Eric Adams, inform\u00f3 este mi\u00e9rcoles que en las \u00faltimas cuatro semanas el crimen en el metro ha bajado un 26.6%.<\/p>\n\n\n\n<p>Nuevos datos del Departamento de Polic\u00eda de NY (NYPD) revelan que los delitos en el transporte p\u00fablico son un 11% m\u00e1s bajos que en 2019, datos dado a conocer por Adams junto a funcionarios de la MTA en conferencia de prensa en Fulton Center, en el bajo Manhattan.<\/p>\n\n\n\n<p>\u00abLa semana pasada, los delitos cometidos en el transporte p\u00fablico disminuyeron un 44,4 %. Desde principios de a\u00f1o los delitos generales en el metro han disminuido un 7,8 %\u201d, inform\u00f3.<\/p>\n\n\n\n<p>Si las tendencias actuales contin\u00faan, julio ser\u00e1 el sexto mes consecutivo con una disminuci\u00f3n de dos d\u00edgitos en la delincuencia en el metro. El a\u00f1o pasado la delincuencia general en el sistema de transporte cay\u00f3 casi un 3% en comparaci\u00f3n con 2022, ya que el n\u00famero de pasajeros aument\u00f3 un 14%.<\/p>\n\n\n\n<p>Este a\u00f1o los delitos de tr\u00e1nsito disminuyeron un 15.4% en febrero, un 23.5% en marzo, un 23% en abril, un 10.6% en mayo y un 15.3% en junio.<\/p>\n\n\n\n<p>La presencia policial y la nueva tecnolog\u00eda han hecho que el subway sea m\u00e1s seguro para millones de viajeros diariamente, incluido decenas de miles de dominicanos.<\/p>\n\n\n\n<p>\u201cCuando nuestros trenes son seguros, nuestra ciudad puede prosperar\u00bb, precis\u00f3 el ejecutivo municipal.<\/p>\n\n\n\n<p>El metro es el alma de NYC, y la reducci\u00f3n significativa en los delitos en el transporte desde el a\u00f1o pasado son un motivo de celebraci\u00f3n, dijo.<\/p>\n\n\n\n<p>El despliegue de 1.000 agentes del NYPD adicionales y Operaci\u00f3n Fair Play han sido determinantes para estos logros.<\/p>\n","protected":false},"excerpt":{"rendered":"<p>Por Ram\u00f3n Mercedes NUEVA YORK.-&nbsp;El alcalde de esta ciudad, Eric Adams, inform\u00f3 este mi\u00e9rcoles que en las \u00faltimas cuatro semanas el crimen en el metro ha bajado un 26.6%. Nuevos datos del Departamento de Polic\u00eda de NY (NYPD) revelan que los delitos en el transporte p\u00fablico son un 11% m\u00e1s bajos que en 2019, datos [&hellip;]<\/p>\n","protected":false},"author":2,"featured_media":545828,"comment_status":"closed","ping_status":"closed","sticky":false,"template":"","format":"standard","meta":{"footnotes":""},"categories":[23,24],"tags":[],"class_list":["post-545827","post","type-post","status-publish","format-standard","has-post-thumbnail","hentry","category-internacional","category-justicia-y-derecho"],"_links":{"self":[{"href":"https:\/\/diariodominicano.com\/index.php?rest_route=\/wp\/v2\/posts\/545827","targetHints":{"allow":["GET"]}}],"collection":[{"href":"https:\/\/diariodominicano.com\/index.php?rest_route=\/wp\/v2\/posts"}],"about":[{"href":"https:\/\/diariodominicano.com\/index.php?rest_route=\/wp\/v2\/types\/post"}],"author":[{"embeddable":true,"href":"https:\/\/diariodominicano.com\/index.php?rest_route=\/wp\/v2\/users\/2"}],"replies":[{"embeddable":true,"href":"https:\/\/diariodominicano.com\/index.php?rest_route=%2Fwp%2Fv2%2Fcomments&post=545827"}],"version-history":[{"count":1,"href":"https:\/\/diariodominicano.com\/index.php?rest_route=\/wp\/v2\/posts\/545827\/revisions"}],"predecessor-version":[{"id":545829,"href":"https:\/\/diariodominicano.com\/index.php?rest_route=\/wp\/v2\/posts\/545827\/revisions\/545829"}],"wp:featuredmedia":[{"embeddable":true,"href":"https:\/\/diariodominicano.com\/index.php?rest_route=\/wp\/v2\/media\/545828"}],"wp:attachment":[{"href":"https:\/\/diariodominicano.com\/index.php?rest_route=%2Fwp%2Fv2%2Fmedia&parent=545827"}],"wp:term":[{"taxonomy":"category","embeddable":true,"href":"https:\/\/diariodominicano.com\/index.php?rest_route=%2Fwp%2Fv2%2Fcategories&post=545827"},{"taxonomy":"post_tag","embeddable":true,"href":"https:\/\/diariodominicano.com\/index.php?rest_route=%2Fwp%2Fv2%2Ftags&post=545827"}],"curies":[{"name":"wp","href":"https:\/\/api.w.org\/{rel}","templated":true}]}}