{"id":545816,"date":"2024-07-18T00:14:18","date_gmt":"2024-07-18T04:14:18","guid":{"rendered":"https:\/\/diariodominicano.com\/?p=545816"},"modified":"2024-07-18T00:17:05","modified_gmt":"2024-07-18T04:17:05","slug":"quedara-prohibido-la-revision-injustificada-de-vehiculos-de-motor-en-las-calles","status":"publish","type":"post","link":"https:\/\/diariodominicano.com\/?p=545816","title":{"rendered":"\u00a0QUEDAR\u00c1 PROHIBIDO LA REVISI\u00d3N INJUSTIFICADA DE VEH\u00cdCULOS DE MOTOR EN LAS CALLES"},"content":{"rendered":"\n<p><strong>&nbsp; &nbsp; &nbsp; &nbsp; &nbsp; &nbsp; &nbsp; &nbsp; &nbsp; &nbsp; &nbsp; &nbsp; &nbsp; &nbsp; &nbsp; &nbsp; &nbsp; &nbsp; &nbsp; &nbsp; &nbsp; &nbsp; &nbsp; &nbsp; &nbsp; &nbsp; &nbsp; &nbsp; &nbsp; &nbsp; &nbsp; &nbsp; &nbsp; &nbsp; &nbsp; &nbsp; &nbsp; &nbsp; &nbsp; &nbsp; &nbsp; &nbsp; &nbsp; &nbsp;-QUEDAR\u00c1N PROHIBIDOS LOS RETENES<\/strong><\/p>\n\n\n\n<p><strong>-CIUDADANOS PODR\u00c1N GRABAR LOS ARRESTOS<\/strong><\/p>\n\n\n\n<p><strong>-SER\u00c1 OBLIGATORIO PERMITIR UNA LLAMADA<\/strong><\/p>\n\n\n\n<figure class=\"wp-block-image size-large\"><img loading=\"lazy\" decoding=\"async\" width=\"1024\" height=\"576\" src=\"https:\/\/diariodominicano.com\/wp-content\/uploads\/2024\/01\/Amadeo-Peralta-1024x576.jpg\" alt=\"\" class=\"wp-image-499556\" srcset=\"https:\/\/diariodominicano.com\/wp-content\/uploads\/2024\/01\/Amadeo-Peralta-1024x576.jpg 1024w, https:\/\/diariodominicano.com\/wp-content\/uploads\/2024\/01\/Amadeo-Peralta-300x169.jpg 300w, https:\/\/diariodominicano.com\/wp-content\/uploads\/2024\/01\/Amadeo-Peralta-768x432.jpg 768w, https:\/\/diariodominicano.com\/wp-content\/uploads\/2024\/01\/Amadeo-Peralta-816x459.jpg 816w, https:\/\/diariodominicano.com\/wp-content\/uploads\/2024\/01\/Amadeo-Peralta.jpg 1389w\" sizes=\"auto, (max-width: 1024px) 100vw, 1024px\" \/><\/figure>\n\n\n\n<p><strong>Por Lic. Cesar Amadeo Peralta<\/strong><\/p>\n\n\n\n<p><strong>&nbsp;&nbsp;&nbsp;&nbsp;&nbsp;&nbsp;&nbsp;&nbsp;&nbsp;&nbsp;&nbsp; &nbsp;&nbsp;&nbsp;&nbsp;&nbsp;&nbsp;&nbsp;Abogado<\/strong><\/p>\n\n\n\n<p>Con la aprobacion del nuevo c\u00f3digo penal, llegara a su fin la odiosa acci\u00f3n ejecutada a diario por miembros de la Direccion de Investigaciones Criminales de la Policia Nacional (Dicrim), en dos o cuatro motores, vestidos de negro y que parec\u00edan verdaderos atracadores, y de otros miembros de la uniformada, de \u201cmandar a parar de manera alegre\u201d a ciudadanos hasta en lugares solicitarios que no presentaban en ningun momento ningun perfil sospechoso, solo porque a uno de los integrantes de la patrulla se le ocurr\u00eda\u2026.hey\u2026..vamos a virar a ese\u2026.y es constante ver especialmente a j\u00f3venes indefensos ser abusados y desmontados de su vehiculo, colocados en un lugar mientras cuatro \u201cpolicias\u201d, le realizaban un allanamiento a su vehiculo sin ninguna garant\u00eda procesal y si el ciudadano para cuidarse quer\u00eda grabar la acci\u00f3n hasta una galleta se llevaba, lo que se tornaba en odioso y hasta inseguro y que&nbsp;ha sido una injustificadas que provocaban mucho temor en los afectados.<\/p>\n\n\n\n<p>&nbsp;El proyecto de ley del C\u00f3digo Penal de ser aprobado borrar\u00eda casi de ra\u00edz esa odiosa pr\u00e1ctica, al prohibir casi de ra\u00edz y establecer hasta penas de prisi\u00f3n para los miembros de la Policia Nacional y de otras agencias que realicen esta pr\u00e1ctica que estar\u00e1 prohibida por ley al establecer lo siguiente;<\/p>\n\n\n\n<p>&nbsp;<strong>Art\u00edculo 295: Revisi\u00f3n injustificada de veh\u00edculos de motor<\/strong>.<\/p>\n\n\n\n<figure class=\"wp-block-image size-large\"><img loading=\"lazy\" decoding=\"async\" width=\"1024\" height=\"576\" src=\"https:\/\/diariodominicano.com\/wp-content\/uploads\/2024\/07\/image-9-1024x576.png\" alt=\"\" class=\"wp-image-545820\" srcset=\"https:\/\/diariodominicano.com\/wp-content\/uploads\/2024\/07\/image-9-1024x576.png 1024w, https:\/\/diariodominicano.com\/wp-content\/uploads\/2024\/07\/image-9-300x169.png 300w, https:\/\/diariodominicano.com\/wp-content\/uploads\/2024\/07\/image-9-768x432.png 768w, https:\/\/diariodominicano.com\/wp-content\/uploads\/2024\/07\/image-9-816x459.png 816w, https:\/\/diariodominicano.com\/wp-content\/uploads\/2024\/07\/image-9.png 1280w\" sizes=\"auto, (max-width: 1024px) 100vw, 1024px\" \/><\/figure>\n\n\n\n<p><strong>\u00a0<\/strong><em>El agente policial o militar o funcionario encargado de hacer cumplir la ley\u00a0<strong>que, sin una orden judicial<\/strong>\u00a0o en ausencia de una justa causa probable de una infracci\u00f3n grave o muy grave o fuera de las causales permitidas por la ley, revise un veh\u00edculo de motor contra la voluntad del propietario, conductor u ocupante,\u00a0<strong>ser\u00e1 sancionado con multas de una a tres veces el salario que perciba el agente imputado<\/strong>\u00a0al momento de la comisi\u00f3n de la infracci\u00f3n.<\/em><\/p>\n\n\n\n<p><\/p>\n\n\n\n<p><em>&nbsp;<\/em>Es evidente que de aprobarse este art\u00edculo que viene a reforzar las garant\u00edas constitucionales a la libertad y al libre tr\u00e1nsito, entre otras, quedar\u00edan pr\u00e1cticamente prohibidos \u201clos retenes\u201d, ya que para \u201cmandar a parar\u201d un veh\u00edculo y revisarlo mediante un allanamiento, deber\u00e1 tener a mano una orden judicial, lo que conllevar\u00eda del mismo modo la presencia del ministerio p\u00fablico, que es el funcionario autorizado por la ley para practicar allanamientos, previa obtenci\u00f3n de una orden judicial, a menos que los agentes que ya ser\u00eda muy sugestivo e interpretativo, justifiquen una causa probable de que en ese veh\u00edculo se est\u00e1 cometiendo un acto il\u00edcito grave o muy grave que necesite ser atrapado en flagrante delito, pero si se est\u00e1n revisando todos los veh\u00edculos que van pasando ya ser\u00eda un ret\u00e9n ilegal.<\/p>\n\n\n\n<p><em>&nbsp;<\/em><strong>Art\u00edculo 294: Violaci\u00f3n al derecho de grabar el arresto<\/strong>.<\/p>\n\n\n\n<p><strong>&nbsp;<\/strong><em>El agente policial o militar&nbsp;<strong>que impida a un ciudadano grabar o filmar el arresto, registro o allanamiento practicado en su contra o contra un tercero<\/strong>&nbsp;<strong>ser\u00e1 sancionado con 15 d\u00edas a 1 a\u00f1o de prisi\u00f3n menor<\/strong>&nbsp;y multa de una a dos veces el salario que perciba el agente imputado al momento de la comisi\u00f3n de la infracci\u00f3n.<\/em><\/p>\n\n\n\n<p><em>&nbsp;<\/em>Con esta disposici\u00f3n todas las personas estar\u00edan autorizadas a grabar cualquier acci\u00f3n policial no importa si es contra un tercero y el agente que le impida a un ciudadano grabar su acci\u00f3n, ser\u00e1 sancionado previo juicio penal con 15 d\u00edas a 1 a\u00f1o de prisi\u00f3n menor y multa de una a dos veces el salario que perciba el agente imputado al momento de la comisi\u00f3n de la infracci\u00f3n.<\/p>\n\n\n\n<p>&nbsp;<strong>Art\u00edculo 293: Violaci\u00f3n del derecho de llamada<\/strong>.<\/p>\n\n\n\n<p><strong>&nbsp;<\/strong><em>El agente o personal de un recinto policial o militar, as\u00ed como el miembro del ministerio p\u00fablico actuante o el funcionario judicial&nbsp;<strong>que niegue a un detenido el ejercicio del derecho a contactar, v\u00eda llamada telef\u00f3nica a un familiar, abogado o persona de su confianza para informar sobre la restricci\u00f3n de su libertad<\/strong>, ser\u00e1&nbsp;<strong>sancionado con 1 a 2 a\u00f1os de prisi\u00f3n menor<\/strong>&nbsp;y multa de tres veces el salario que perciba el funcionario o servidor p\u00fablico al momento de la comisi\u00f3n de la infracci\u00f3n.<\/em><\/p>\n\n\n\n<p>\u00a0Es importante que toda la ciudadan\u00eda pueda leer e interactuar con este proyecto de c\u00f3digo penal antes de ser aprobado, a los fines de que con tiempo puedan emitir sus sugerencias, ya que este art\u00edculo de igual modo no se trata de nuestra opini\u00f3n personal, sino de las posibles disposiciones que se aprobar\u00edan y que este art\u00edculo sirva de orientaci\u00f3n y concientizaci\u00f3n de las nuevas disposiciones.\u00a0<\/p>\n\n\n\n<p>amadeo peralta<\/p>\n\n\n\n<p><a target=\"_blank\" href=\"mailto:amadeoperalta@gmail.com\" rel=\"noreferrer noopener\">amadeoperalta@gmail.com<\/a><\/p>\n","protected":false},"excerpt":{"rendered":"<p>&nbsp; &nbsp; &nbsp; &nbsp; &nbsp; &nbsp; &nbsp; &nbsp; &nbsp; &nbsp; &nbsp; &nbsp; &nbsp; &nbsp; &nbsp; &nbsp; &nbsp; &nbsp; &nbsp; &nbsp; &nbsp; &nbsp; &nbsp; &nbsp; &nbsp; &nbsp; &nbsp; &nbsp; &nbsp; &nbsp; &nbsp; &nbsp; &nbsp; &nbsp; &nbsp; &nbsp; &nbsp; &nbsp; &nbsp; &nbsp; &nbsp; &nbsp; &nbsp; &nbsp;-QUEDAR\u00c1N PROHIBIDOS LOS RETENES -CIUDADANOS PODR\u00c1N GRABAR LOS ARRESTOS -SER\u00c1 OBLIGATORIO PERMITIR [&hellip;]<\/p>\n","protected":false},"author":2,"featured_media":545819,"comment_status":"closed","ping_status":"closed","sticky":true,"template":"","format":"standard","meta":{"footnotes":""},"categories":[36,24,29,27],"tags":[],"class_list":["post-545816","post","type-post","status-publish","format-standard","has-post-thumbnail","hentry","category-hombresmujeresycosas","category-justicia-y-derecho","category-policiasucesos","category-portada"],"_links":{"self":[{"href":"https:\/\/diariodominicano.com\/index.php?rest_route=\/wp\/v2\/posts\/545816","targetHints":{"allow":["GET"]}}],"collection":[{"href":"https:\/\/diariodominicano.com\/index.php?rest_route=\/wp\/v2\/posts"}],"about":[{"href":"https:\/\/diariodominicano.com\/index.php?rest_route=\/wp\/v2\/types\/post"}],"author":[{"embeddable":true,"href":"https:\/\/diariodominicano.com\/index.php?rest_route=\/wp\/v2\/users\/2"}],"replies":[{"embeddable":true,"href":"https:\/\/diariodominicano.com\/index.php?rest_route=%2Fwp%2Fv2%2Fcomments&post=545816"}],"version-history":[{"count":2,"href":"https:\/\/diariodominicano.com\/index.php?rest_route=\/wp\/v2\/posts\/545816\/revisions"}],"predecessor-version":[{"id":545823,"href":"https:\/\/diariodominicano.com\/index.php?rest_route=\/wp\/v2\/posts\/545816\/revisions\/545823"}],"wp:featuredmedia":[{"embeddable":true,"href":"https:\/\/diariodominicano.com\/index.php?rest_route=\/wp\/v2\/media\/545819"}],"wp:attachment":[{"href":"https:\/\/diariodominicano.com\/index.php?rest_route=%2Fwp%2Fv2%2Fmedia&parent=545816"}],"wp:term":[{"taxonomy":"category","embeddable":true,"href":"https:\/\/diariodominicano.com\/index.php?rest_route=%2Fwp%2Fv2%2Fcategories&post=545816"},{"taxonomy":"post_tag","embeddable":true,"href":"https:\/\/diariodominicano.com\/index.php?rest_route=%2Fwp%2Fv2%2Ftags&post=545816"}],"curies":[{"name":"wp","href":"https:\/\/api.w.org\/{rel}","templated":true}]}}