{"id":545783,"date":"2024-07-17T23:09:50","date_gmt":"2024-07-18T03:09:50","guid":{"rendered":"https:\/\/diariodominicano.com\/?p=545783"},"modified":"2024-07-18T10:38:04","modified_gmt":"2024-07-18T14:38:04","slug":"ministerio-publico-logra-20-anos-de-prision-para-hombre-se-grabo-teniendo-relaciones-sexuales-con-nina-de-11-anos","status":"publish","type":"post","link":"https:\/\/diariodominicano.com\/?p=545783","title":{"rendered":"Ministerio P\u00fablico logra 20 a\u00f1os de prisi\u00f3n para hombre se grab\u00f3 teniendo relaciones sexuales con ni\u00f1a de 11 a\u00f1os"},"content":{"rendered":"\n<p><strong>SANTO DOMINGO, Rep\u00fablica Dominicana.-<\/strong>\u00a0 La Fiscal\u00eda de Santo Domingo Este y Norte, logr\u00f3 la pena m\u00e1xima, de 20 a\u00f1os de prisi\u00f3n, para un hombre que se grab\u00f3 mientras sosten\u00eda relaciones sexuales con una ni\u00f1a de 11 a\u00f1os de edad.\u00a0<\/p>\n\n\n\n<p>El Ministerio P\u00fablico, representado por la fiscal litigante Marlene Roa, mostr\u00f3 ante el tribunal pruebas testimoniales, consistente en informe psicol\u00f3gico forense, pruebas audiovisuales y documentales, con las cuales prob\u00f3 que el hoy condenado violent\u00f3 los art\u00edculos 331 y 337 del C\u00f3digo Penal Dominicano, modificado por la Ley 24-97 y los art\u00edculos 12, 13, 14, 16, 18 y 396 literal C, de la Ley 136-03, sobre el C\u00f3digo para la protecci\u00f3n de los derechos de los ni\u00f1os, ni\u00f1as y adolescentes.<\/p>\n\n\n\n<p>La investigaci\u00f3n, que fue realizada por la fiscal investigadora Ayeisa Cede\u00f1o Richiez, relata que el progenitor de la ni\u00f1a puso en conocimiento al Ministerio P\u00fablico sobre los hechos, que acontecieron en 2023, luego de que una t\u00eda de la menor le manifest\u00f3 que la vio en un video sosteniendo relaciones sexuales con el hoy condenado.<\/p>\n\n\n\n<p>Para confirmar la veracidad de los hechos, el Ministerio P\u00fablico realiz\u00f3 a la ni\u00f1a un testimonio a trav\u00e9s de C\u00e1mara Gesell, evaluaciones psicol\u00f3gicas y tambi\u00e9n ginecol\u00f3gicas forense, experticias que produjeron hallazgos con los que se pudieron verificar los hechos.<\/p>\n\n\n\n<p>La condena le fue impuesta por los jueces del Segundo Tribunal Colegiado, que integran las juezas Josefina Ubiera Guerrero, Yury Cuevas de la Cruz y Ariella Cedano N\u00fa\u00f1ez, en contra de Deyvi Alcide Rosario Mej\u00eda, por los hechos cometidos en contra de la v\u00edctima, de quien se omite el nombre para proteger su identidad.<\/p>\n\n\n\n<p>La pena deber\u00e1 ser cumplida por el agresor en la Penitenciar\u00eda Nacional de La Victoria.<strong><\/strong><\/p>\n\n\n\n<p><strong>Direcci\u00f3n General de Comunicaci\u00f3n, Prensa, y RRPP<\/strong><strong><\/strong><\/p>\n\n\n\n<p>Ministerio P\u00fablico.&nbsp;R.D.<\/p>\n\n\n\n<p>Mi\u00e9rcoles, 17 de julio de 2024<\/p>\n","protected":false},"excerpt":{"rendered":"<p>SANTO DOMINGO, Rep\u00fablica Dominicana.-\u00a0 La Fiscal\u00eda de Santo Domingo Este y Norte, logr\u00f3 la pena m\u00e1xima, de 20 a\u00f1os de prisi\u00f3n, para un hombre que se grab\u00f3 mientras sosten\u00eda relaciones sexuales con una ni\u00f1a de 11 a\u00f1os de edad.\u00a0 El Ministerio P\u00fablico, representado por la fiscal litigante Marlene Roa, mostr\u00f3 ante el tribunal pruebas testimoniales, [&hellip;]<\/p>\n","protected":false},"author":2,"featured_media":329468,"comment_status":"closed","ping_status":"closed","sticky":true,"template":"","format":"standard","meta":{"footnotes":""},"categories":[24,29],"tags":[],"class_list":["post-545783","post","type-post","status-publish","format-standard","has-post-thumbnail","hentry","category-justicia-y-derecho","category-policiasucesos"],"_links":{"self":[{"href":"https:\/\/diariodominicano.com\/index.php?rest_route=\/wp\/v2\/posts\/545783","targetHints":{"allow":["GET"]}}],"collection":[{"href":"https:\/\/diariodominicano.com\/index.php?rest_route=\/wp\/v2\/posts"}],"about":[{"href":"https:\/\/diariodominicano.com\/index.php?rest_route=\/wp\/v2\/types\/post"}],"author":[{"embeddable":true,"href":"https:\/\/diariodominicano.com\/index.php?rest_route=\/wp\/v2\/users\/2"}],"replies":[{"embeddable":true,"href":"https:\/\/diariodominicano.com\/index.php?rest_route=%2Fwp%2Fv2%2Fcomments&post=545783"}],"version-history":[{"count":1,"href":"https:\/\/diariodominicano.com\/index.php?rest_route=\/wp\/v2\/posts\/545783\/revisions"}],"predecessor-version":[{"id":545784,"href":"https:\/\/diariodominicano.com\/index.php?rest_route=\/wp\/v2\/posts\/545783\/revisions\/545784"}],"wp:featuredmedia":[{"embeddable":true,"href":"https:\/\/diariodominicano.com\/index.php?rest_route=\/wp\/v2\/media\/329468"}],"wp:attachment":[{"href":"https:\/\/diariodominicano.com\/index.php?rest_route=%2Fwp%2Fv2%2Fmedia&parent=545783"}],"wp:term":[{"taxonomy":"category","embeddable":true,"href":"https:\/\/diariodominicano.com\/index.php?rest_route=%2Fwp%2Fv2%2Fcategories&post=545783"},{"taxonomy":"post_tag","embeddable":true,"href":"https:\/\/diariodominicano.com\/index.php?rest_route=%2Fwp%2Fv2%2Ftags&post=545783"}],"curies":[{"name":"wp","href":"https:\/\/api.w.org\/{rel}","templated":true}]}}